{"id":5498,"date":"2018-02-08T15:56:54","date_gmt":"2018-02-08T14:56:54","guid":{"rendered":"http:\/\/www.incipe.org\/?p=5498"},"modified":"2018-02-08T15:56:54","modified_gmt":"2018-02-08T14:56:54","slug":"la-estrategia-de-seguridad-nacional-2017","status":"publish","type":"post","link":"https:\/\/fundacionincipe.com\/index.php\/2018\/02\/08\/la-estrategia-de-seguridad-nacional-2017\/","title":{"rendered":"La Estrategia de Seguridad Nacional 2017"},"content":{"rendered":"<p><!--:es--><strong>El 8 de febrero de 2018, INCIPE celebr\u00f3 un Desayuno de Trabajo bajo el t\u00edtulo <em>La Estrategia de Seguridad Nacional 2017<\/em>, para el que se cont\u00f3 con la ponencia de Joaqu\u00edn Castell\u00f3n, Director Operativo del Deparetamento de Seguridad Nacional, Presidencia del Gobierno.<\/strong><\/p>\n<p>La nueva Estrategia de Seguridad Nacional responde a la necesidad de adaptarse a la creciente complejidad del actual panorama de la seguridad. <strong>Siendo la tercera estrategia que se elabora desde el a\u00f1o 2011 en Espa\u00f1a<\/strong>, tambi\u00e9n resulta ser la m\u00e1s detallada y extensa en cuanto a su contenido. De este modo, el documento adopta una nueva perspectiva de la estructura de seguridad: a los pilares ya consolidados, tales como los servicios de inteligencia, fuerzas de seguridad y servicio de acci\u00f3n exterior, se le a\u00f1ade uno nuevo; la implicaci\u00f3n y toma de acci\u00f3n desde la Presidencia del Gobierno. <\/p>\n<p>Durante la ponencia, se examinaron los seis cap\u00edtulos que conforman el documento y que abarcan desde el an\u00e1lisis del perfil de Espa\u00f1a y su posici\u00f3n en el contexto internacional, hasta la especificaci\u00f3n de las principales amenazas, \u00e1mbitos de seguridad y l\u00edneas de acci\u00f3n. As\u00ed, se distinguen cinco amenazas: los conflictos   armados,   terrorismo,   crimen   organizado, proliferaci\u00f3n  de  armas y  el espionaje. A ellos, e<strong>l documento de 2017 a\u00f1ade nuevos desaf\u00edos a los ya establecidos en la anterior estrategia de 2013<\/strong>, entre los cuales cabe destacar la seguridad del espacio a\u00e9reo y ultraterrestre, del <strong>medio ambiente, y frente a pandemias y epidemias<\/strong>.<\/p>\n<p>Adem\u00e1s de este repaso ilustrativo del documento, se abord\u00f3 de forma cr\u00edtica la difusi\u00f3n que se le ha dado al mismo; si bien es cierto que es conocido a nivel acad\u00e9mico, se hace necesario implementar medidas que difundan esta nueva perspectiva a todos los sectores de la poblaci\u00f3n, pues se considera la participaci\u00f3n de la sociedad una parte clave de la estrategia. Asimismo, resulta de vital importancia abrir la puerta a otras medidas, como por ejemplo, promover la adaptaci\u00f3n de la legislaci\u00f3n a estas amenazas; iniciativas que ya se dan en muchos de nuestros socios europeos, y que en Espa\u00f1a todav\u00eda no ha sido una prioridad. En definitiva, la efectiva defensa de nuestra seguridad requiere de madurez pol\u00edtica y legislativa, en un marco de cooperaci\u00f3n internacional. <\/p>\n<p><a href=\"http:\/\/www.dsn.gob.es\/sites\/dsn\/files\/Estrategia_Seguriad_Nacional_2017.pdf\" title=\"Estrategia 2017\" rel=\"noopener\" target=\"_blank\">Estrategia de Seguridad Nacional 2017<\/a><\/p>\n<p>Silvia Prada<br \/>\nINCIPE<\/p>\n<p><a href=\"http:\/\/www.incipe.org\/wp-content\/uploads\/2018\/02\/6738-010.jpg\"><img fetchpriority=\"high\" decoding=\"async\" src=\"http:\/\/www.incipe.org\/wp-content\/uploads\/2018\/02\/6738-010-300x240.jpg\" alt=\"6738-010\" width=\"300\" height=\"240\" class=\"alignnone size-medium wp-image-5497\" \/><\/a>   <a href=\"http:\/\/www.incipe.org\/wp-content\/uploads\/2018\/02\/6738-018.jpg\"><img decoding=\"async\" src=\"http:\/\/www.incipe.org\/wp-content\/uploads\/2018\/02\/6738-018-300x240.jpg\" alt=\"6738-018\" width=\"300\" height=\"240\" class=\"alignnone size-medium wp-image-5494\" \/><\/a>   <a href=\"http:\/\/www.incipe.org\/wp-content\/uploads\/2018\/02\/6738-021.jpg\"><img decoding=\"async\" src=\"http:\/\/www.incipe.org\/wp-content\/uploads\/2018\/02\/6738-021-300x240.jpg\" alt=\"6738-021\" width=\"300\" height=\"240\" class=\"alignnone size-medium wp-image-5495\" \/><\/a>   <a href=\"http:\/\/www.incipe.org\/wp-content\/uploads\/2018\/02\/6738-022.jpg\"><img loading=\"lazy\" decoding=\"async\" src=\"http:\/\/www.incipe.org\/wp-content\/uploads\/2018\/02\/6738-022-300x240.jpg\" alt=\"6738-022\" width=\"300\" height=\"240\" class=\"alignnone size-medium wp-image-5496\" \/><\/a><br \/>\n<!--:--><\/p>\n","protected":false},"excerpt":{"rendered":"<p>El 8 de febrero de 2018, INCIPE celebr\u00f3 un Desayuno de Trabajo bajo el t\u00edtulo La Estrategia de Seguridad Nacional 2017, para el que se cont\u00f3 con la ponencia de [&hellip;]<\/p>\n","protected":false},"author":3,"featured_media":5495,"comment_status":"closed","ping_status":"closed","sticky":false,"template":"","format":"standard","meta":{"_acf_changed":false,"footnotes":""},"categories":[27],"tags":[],"class_list":["post-5498","post","type-post","status-publish","format-standard","has-post-thumbnail","hentry","category-desayunos-de-trabajo"],"acf":[],"_links":{"self":[{"href":"https:\/\/fundacionincipe.com\/index.php\/wp-json\/wp\/v2\/posts\/5498","targetHints":{"allow":["GET"]}}],"collection":[{"href":"https:\/\/fundacionincipe.com\/index.php\/wp-json\/wp\/v2\/posts"}],"about":[{"href":"https:\/\/fundacionincipe.com\/index.php\/wp-json\/wp\/v2\/types\/post"}],"author":[{"embeddable":true,"href":"https:\/\/fundacionincipe.com\/index.php\/wp-json\/wp\/v2\/users\/3"}],"replies":[{"embeddable":true,"href":"https:\/\/fundacionincipe.com\/index.php\/wp-json\/wp\/v2\/comments?post=5498"}],"version-history":[{"count":0,"href":"https:\/\/fundacionincipe.com\/index.php\/wp-json\/wp\/v2\/posts\/5498\/revisions"}],"wp:featuredmedia":[{"embeddable":true,"href":"https:\/\/fundacionincipe.com\/index.php\/wp-json\/"}],"wp:attachment":[{"href":"https:\/\/fundacionincipe.com\/index.php\/wp-json\/wp\/v2\/media?parent=5498"}],"wp:term":[{"taxonomy":"category","embeddable":true,"href":"https:\/\/fundacionincipe.com\/index.php\/wp-json\/wp\/v2\/categories?post=5498"},{"taxonomy":"post_tag","embeddable":true,"href":"https:\/\/fundacionincipe.com\/index.php\/wp-json\/wp\/v2\/tags?post=5498"}],"curies":[{"name":"wp","href":"https:\/\/api.w.org\/{rel}","templated":true}]}}