{"id":5456,"date":"2018-01-23T14:58:04","date_gmt":"2018-01-23T13:58:04","guid":{"rendered":"http:\/\/www.incipe.org\/?p=5456"},"modified":"2018-01-23T14:58:04","modified_gmt":"2018-01-23T13:58:04","slug":"bosnia-and-herzegovina-integration-process-into-the-eu-and-nato","status":"publish","type":"post","link":"https:\/\/fundacionincipe.com\/index.php\/2018\/01\/23\/bosnia-and-herzegovina-integration-process-into-the-eu-and-nato\/","title":{"rendered":"Bosnia and Herzegovina: Integration process into the EU and NATO"},"content":{"rendered":"<p><!--:es--><strong>El 23 de enero de 2018, INCIPE celebr\u00f3 un Desayuno de Trabajo bajo el t\u00edtulo <em>Bosnia and Herzegovina: Integration process into the EU and NATO<\/em>, para el que se cont\u00f3 con la ponencia de Josip Brki\u0107, Viceministro de Asuntos Exteriores de Bosnia y Herzegovina.<\/strong><\/p>\n<p>El Gobierno bosnio lleva ya un largo recorrido en la b\u00fasqueda de su adhesi\u00f3n a la Uni\u00f3n Europea. En el a\u00f1o 2003, este estado &#8211; junto con el resto de pa\u00edses de la antigua Yugoslavia \u2013 adquirieron el estatus de \u201ccandidato potencial\u201d para su posible acceso a la Uni\u00f3n. Con el transcurso de los a\u00f1os, Bosnia y Herzegovina reclama haberse quedado atr\u00e1s en tal proceso, pues mientras sus pa\u00edses vecinos han dado el siguiente paso y adquirido el estatus de \u201ccandidato\u201d, Bosnia continua sin haber logrado este avance. <\/p>\n<p>La opini\u00f3n Bosnia es clara, manteniendo que una Europa sin la integraci\u00f3n de Bosnia podr\u00eda ser uno de los peores escenarios, poniendo en riesgo la seguridad de toda la regi\u00f3n de los Balcanes. Recordemos que en esta \u00e1rea habitan diversas etnias, y que ello fue motivo de una sucesi\u00f3n de guerras yugoslavas desde 1992 hasta 2001. Este panorama, no tan alejado en el tiempo, genera la necesidad de alcanzar progresiva estabilidad y prosperidad regional a trav\u00e9s de  la integraci\u00f3n en la Uni\u00f3n Europea.<\/p>\n<p>Bosnia recalca haberse comprometido con los principios fundamentales de la Uni\u00f3n y llevado a cabo las reformas requeridas, si bien considera que \u00e9sta no est\u00e1 reconociendo tal esfuerzo. La UE, por su lado, cree firmemente que a Bosnia le queda largo recorrido para alcanzar los criterios m\u00ednimos. En definitiva, este proceso es lento: desde 2005, ambas partes comenzaron la negociaci\u00f3n de un Acuerdo de Estabilizaci\u00f3n y Asociaci\u00f3n, si bien no fue hasta 10 a\u00f1os despu\u00e9s cuando se firm\u00f3. Asimismo, no fue <strong>hasta el a\u00f1o 2016 cuando Bosnia present\u00f3 oficialmente su solicitud de adhesi\u00f3n<\/strong>, actualmente en revisi\u00f3n por la Uni\u00f3n. <\/p>\n<p>El af\u00e1n por acelerar el proceso de adhesi\u00f3n a la UE por parte de Bosnia es evidente. No obstante, hemos de recordar que este proceso es inevitablemente largo; <strong>Croacia tard\u00f3 13 a\u00f1os en acceder, as\u00ed como Espa\u00f1a <\/strong>\u2013 habiendo comenzado las negociaciones en 1964 \u2013 no accedi\u00f3 hasta 1984. Esta urgencia, sin embargo, no es la misma en lo referente a su integraci\u00f3n en la OTAN. Si bien el pa\u00eds apuesta por su integraci\u00f3n en la Alianza Transatl\u00e1ntica, ya colabora en misiones de la organizaci\u00f3n as\u00ed como promueve la modernizaci\u00f3n de sus fuerzas armadas. En este aspecto, Bosnia mantiene unas altas expectativas respecto a la Conferencia de Seguridad de la OTAN, que se celebrar\u00e1 en julio de 2018. <\/p>\n<p>Silvia Prada<br \/>\nINCIPE<\/p>\n<p><a href=\"http:\/\/www.incipe.org\/wp-content\/uploads\/2018\/01\/6734-007.jpg\"><img fetchpriority=\"high\" decoding=\"async\" src=\"http:\/\/www.incipe.org\/wp-content\/uploads\/2018\/01\/6734-007-300x240.jpg\" alt=\"6734-007\" width=\"300\" height=\"240\" class=\"alignnone size-medium wp-image-5458\" \/><\/a>   <a href=\"http:\/\/www.incipe.org\/wp-content\/uploads\/2018\/01\/6734-019.jpg\"><img decoding=\"async\" src=\"http:\/\/www.incipe.org\/wp-content\/uploads\/2018\/01\/6734-019-300x240.jpg\" alt=\"6734-019\" width=\"300\" height=\"240\" class=\"alignnone size-medium wp-image-5460\" \/><\/a>   <a href=\"http:\/\/www.incipe.org\/wp-content\/uploads\/2018\/01\/6734-027.jpg\"><img decoding=\"async\" src=\"http:\/\/www.incipe.org\/wp-content\/uploads\/2018\/01\/6734-027-300x240.jpg\" alt=\"6734-027\" width=\"300\" height=\"240\" class=\"alignnone size-medium wp-image-5461\" \/><\/a><!--:--><\/p>\n","protected":false},"excerpt":{"rendered":"<p>El 23 de enero de 2018, INCIPE celebr\u00f3 un Desayuno de Trabajo bajo el t\u00edtulo Bosnia and Herzegovina: Integration process into the EU and NATO, para el que se cont\u00f3 [&hellip;]<\/p>\n","protected":false},"author":3,"featured_media":5459,"comment_status":"closed","ping_status":"closed","sticky":false,"template":"","format":"standard","meta":{"_acf_changed":false,"footnotes":""},"categories":[27],"tags":[],"class_list":["post-5456","post","type-post","status-publish","format-standard","has-post-thumbnail","hentry","category-desayunos-de-trabajo"],"acf":[],"_links":{"self":[{"href":"https:\/\/fundacionincipe.com\/index.php\/wp-json\/wp\/v2\/posts\/5456","targetHints":{"allow":["GET"]}}],"collection":[{"href":"https:\/\/fundacionincipe.com\/index.php\/wp-json\/wp\/v2\/posts"}],"about":[{"href":"https:\/\/fundacionincipe.com\/index.php\/wp-json\/wp\/v2\/types\/post"}],"author":[{"embeddable":true,"href":"https:\/\/fundacionincipe.com\/index.php\/wp-json\/wp\/v2\/users\/3"}],"replies":[{"embeddable":true,"href":"https:\/\/fundacionincipe.com\/index.php\/wp-json\/wp\/v2\/comments?post=5456"}],"version-history":[{"count":0,"href":"https:\/\/fundacionincipe.com\/index.php\/wp-json\/wp\/v2\/posts\/5456\/revisions"}],"wp:featuredmedia":[{"embeddable":true,"href":"https:\/\/fundacionincipe.com\/index.php\/wp-json\/"}],"wp:attachment":[{"href":"https:\/\/fundacionincipe.com\/index.php\/wp-json\/wp\/v2\/media?parent=5456"}],"wp:term":[{"taxonomy":"category","embeddable":true,"href":"https:\/\/fundacionincipe.com\/index.php\/wp-json\/wp\/v2\/categories?post=5456"},{"taxonomy":"post_tag","embeddable":true,"href":"https:\/\/fundacionincipe.com\/index.php\/wp-json\/wp\/v2\/tags?post=5456"}],"curies":[{"name":"wp","href":"https:\/\/api.w.org\/{rel}","templated":true}]}}