{"id":5454,"date":"2018-01-19T14:54:54","date_gmt":"2018-01-19T13:54:54","guid":{"rendered":"http:\/\/www.incipe.org\/?p=5454"},"modified":"2018-01-19T14:54:54","modified_gmt":"2018-01-19T13:54:54","slug":"presidencia-bulgara-del-consejo-de-la-union-europea-prioridades-y-desafio","status":"publish","type":"post","link":"https:\/\/fundacionincipe.com\/index.php\/2018\/01\/19\/presidencia-bulgara-del-consejo-de-la-union-europea-prioridades-y-desafio\/","title":{"rendered":"Presidencia B\u00falgara del Consejo de la Uni\u00f3n Europea: prioridades y desafio"},"content":{"rendered":"<p><!--:es--><strong>El 19 de enero 2018, Incipe celebr\u00f3 un Desayuno de Trabajo t\u00edtulado <em>Presidencia B\u00falgara del Consejo de la Uni\u00f3n Europea: prioridades y desafio<\/em>, con motivo de la Presidencia de Bulgaria del Consejo de la Uni\u00f3n Europea. Para ello se cont\u00f3 con la participaci\u00f3n de Ivan Kondov, Excmo. Embajador de Bulgaria en Espa\u00f1a<\/strong>. <\/p>\n<p>Bulgaria, que culmin\u00f3 el proceso de adhesi\u00f3n a la Uni\u00f3n Europea hace diez a\u00f1os, ambiciona demostrar durante su Presidencia el proceso de aprendizaje de su pa\u00eds en el marco de la Uni\u00f3n y representar los intereses de todos los estados miembros. La UE afronta importantes retos geopol\u00edticos, econ\u00f3micos y sociales que deben enfrentarse a trav\u00e9s de la cooperaci\u00f3n, la unidad y la solidaridad como bien se\u00f1ala el lema de la Presidencia b\u00falgara &#8220;La Uni\u00f3n hace la fuerza&#8221;.<\/p>\n<p>Se han establecido diferentes metas durante la Presidencia con el objetivo de alcanzar resultados reales y tangibles y manteniendo un di\u00e1logo activo con los ciudadanos, cuya finalidad es una Europa fuerte, cohesionada y competitiva. Las prioridades b\u00falgaras se articulan en cuatro ejes: futuro de Europa y j\u00f3venes, Balcanes occidentales, seguridad y estabilidad y econom\u00eda digital. <\/p>\n<p><strong>Futuro de Europa y j\u00f3venes<\/strong><br \/>\nEl crecimiento econ\u00f3mico y la cohesi\u00f3n social son clave para el futuro de Europa. Afortunadamente, la econom\u00eda se est\u00e1 acelerando con la creaci\u00f3n de nuevos puestos de trabajo y el aumento de la inversi\u00f3n. No obstante, a\u00fayn hay que enfrentarse a importantes desaf\u00edos como el alto nivel de deuda p\u00fablica y el lento aumento de los salarios.<br \/>\n<strong><br \/>\nBalcanes Occidentales<\/strong><br \/>\nLa regi\u00f3n del los Balcanes Occidentales necesita implementar nuevas pol\u00edticas de conectividad entre ellos y as\u00ed como con el resto de miembros de la UE. El objetivo de la Presidencia es trabajar con cada uno de los estados de la regi\u00f3n de forma individual para lograr un plan de acci\u00f3n que ofrezca estabilidad y seguridad duradera.<br \/>\n<strong><br \/>\nSeguridad y estabilidad<\/strong><br \/>\nLas pol\u00edticas de seguridad y de migraci\u00f3n en la UE son uno de los asuntos prioritarios y que requiere mayor consenso. Bulgaria quiere implementar pol\u00edticas migratorias eficaces y justas manteniendo un enfoque equilibrado entre el corto y medio plazo. La seguridad dentro de las fronteras de la UE es vital para mantener los valores europeos, por eso se har\u00e1 especiales esfuerzos en los controles fronterizos y en el intercambio de informaci\u00f3n entre diferentes organismos.<br \/>\n<strong><br \/>\nEconom\u00eda digital<\/strong><br \/>\nEl papel de Europa en el mundo est\u00e1 estrechamente ligado a la competitividad de su econom\u00eda. No es de extra\u00f1ar el importante papel que juega para esta Presidencia un mercado digital \u00fanico, la innovaci\u00f3n y el desarrollo t\u00e9cnol\u00f3gico, que ser\u00e1n las bases del mercado laboral del futuro. El enfoque siempre esta\u00b4ra dirigido hacia los j\u00f3venes, que son nuestra inversi\u00f3n de futuro. Para ello, hay que modernizar los sistemas educativos y los planes de estudios europeos y, a su vez, fortalecer la inclusi\u00f3n social a trav\u00e9s del aprendizaje formal e informal.<\/p>\n<p>Aranzazu \u00c1lvarez<br \/>\nINCIPE<\/p>\n<p><a href=\"http:\/\/www.incipe.org\/wp-content\/uploads\/2018\/01\/PPP_Presidency_BG_0611-Esp_061217-short.pdf\" title=\"Presidencia Bulgaria UE\" rel=\"noopener\" target=\"_blank\"><br \/>\nPresentaci\u00f3n Presidencia B\u00falgara del Consejo de la UE<\/a><\/p>\n<p><a href=\"http:\/\/www.incipe.org\/wp-content\/uploads\/2018\/01\/6732-006.jpg\"><img fetchpriority=\"high\" decoding=\"async\" src=\"http:\/\/www.incipe.org\/wp-content\/uploads\/2018\/01\/6732-006-300x225.jpg\" alt=\"6732--006\" width=\"300\" height=\"225\" class=\"alignnone size-medium wp-image-5448\" \/><\/a>   <a href=\"http:\/\/www.incipe.org\/wp-content\/uploads\/2018\/01\/6732-015.jpg\"><img decoding=\"async\" src=\"http:\/\/www.incipe.org\/wp-content\/uploads\/2018\/01\/6732-015-300x225.jpg\" alt=\"6732--015\" width=\"300\" height=\"225\" class=\"alignnone size-medium wp-image-5449\" \/><\/a>   <a href=\"http:\/\/www.incipe.org\/wp-content\/uploads\/2018\/01\/6732-024.jpg\"><img decoding=\"async\" src=\"http:\/\/www.incipe.org\/wp-content\/uploads\/2018\/01\/6732-024-300x225.jpg\" alt=\"6732--024\" width=\"300\" height=\"225\" class=\"alignnone size-medium wp-image-5450\" \/><\/a><\/p>\n<p><!--:--><\/p>\n","protected":false},"excerpt":{"rendered":"<p>El 19 de enero 2018, Incipe celebr\u00f3 un Desayuno de Trabajo t\u00edtulado Presidencia B\u00falgara del Consejo de la Uni\u00f3n Europea: prioridades y desafio, con motivo de la Presidencia de Bulgaria [&hellip;]<\/p>\n","protected":false},"author":3,"featured_media":5448,"comment_status":"closed","ping_status":"closed","sticky":false,"template":"","format":"standard","meta":{"_acf_changed":false,"footnotes":""},"categories":[27],"tags":[],"class_list":["post-5454","post","type-post","status-publish","format-standard","has-post-thumbnail","hentry","category-desayunos-de-trabajo"],"acf":[],"_links":{"self":[{"href":"https:\/\/fundacionincipe.com\/index.php\/wp-json\/wp\/v2\/posts\/5454","targetHints":{"allow":["GET"]}}],"collection":[{"href":"https:\/\/fundacionincipe.com\/index.php\/wp-json\/wp\/v2\/posts"}],"about":[{"href":"https:\/\/fundacionincipe.com\/index.php\/wp-json\/wp\/v2\/types\/post"}],"author":[{"embeddable":true,"href":"https:\/\/fundacionincipe.com\/index.php\/wp-json\/wp\/v2\/users\/3"}],"replies":[{"embeddable":true,"href":"https:\/\/fundacionincipe.com\/index.php\/wp-json\/wp\/v2\/comments?post=5454"}],"version-history":[{"count":0,"href":"https:\/\/fundacionincipe.com\/index.php\/wp-json\/wp\/v2\/posts\/5454\/revisions"}],"wp:featuredmedia":[{"embeddable":true,"href":"https:\/\/fundacionincipe.com\/index.php\/wp-json\/"}],"wp:attachment":[{"href":"https:\/\/fundacionincipe.com\/index.php\/wp-json\/wp\/v2\/media?parent=5454"}],"wp:term":[{"taxonomy":"category","embeddable":true,"href":"https:\/\/fundacionincipe.com\/index.php\/wp-json\/wp\/v2\/categories?post=5454"},{"taxonomy":"post_tag","embeddable":true,"href":"https:\/\/fundacionincipe.com\/index.php\/wp-json\/wp\/v2\/tags?post=5454"}],"curies":[{"name":"wp","href":"https:\/\/api.w.org\/{rel}","templated":true}]}}