{"id":5447,"date":"2018-01-18T13:29:36","date_gmt":"2018-01-18T12:29:36","guid":{"rendered":"http:\/\/www.incipe.org\/?p=5447"},"modified":"2018-01-18T13:29:36","modified_gmt":"2018-01-18T12:29:36","slug":"the-security-of-europe-a-northern-perspective","status":"publish","type":"post","link":"https:\/\/fundacionincipe.com\/index.php\/2018\/01\/18\/the-security-of-europe-a-northern-perspective\/","title":{"rendered":"The Security of Europe &#8211; a Northern Perspective"},"content":{"rendered":"<p><!--:es--><strong>El 18 de enero de 2018, INCIPE celebr\u00f3 un Desayuno de Trabajo bajo el t\u00edtulo de <em>The Security of Europe &#8211; a Northern Perspective <\/em>con Timo Soini, Ministro de Asuntos Exteriores de Finlandia. El Ministro Soni centr\u00f3 su intervenci\u00f3n en la importancia de la Seguridad y la Defensa en el maarco de la Uni\u00f3n Europea y la potencial entrada de Finlandia en la OTAN. <\/strong><\/p>\n<p>Finlandia, pa\u00eds miembro de la UE desde 1995, y que cuenta con algo m\u00e1s de cinco millones de habitantes invirti\u00f3 en 2017 el 1,3% del PIB en Defensa, seg\u00fan <a href=\"https:\/\/www.defmin.fi\/en\/tasks_and_activities\/resources_of_the_defence_administration\/finances\/share_of_defence_budget_of_gdp\" title=\"gasto militar GDP\" rel=\"noopener\" target=\"_blank\">datos del Ministerio de Defensa finland\u00e9s<\/a>, cifra por encima de la media del resto de pa\u00edses de la Uni\u00f3n.<\/p>\n<p>Finlandia es partidaria de fomentar el di\u00e1logo internacional y una cooperaci\u00f3n efectiva tanto con los pa\u00edses de su vecindad como con el resto de miembros de la Uni\u00f3n Europea y otros organismos internacionales. El di\u00e1logo es prioritario para afrontar los importantes desaf\u00edos de seguridad a los que se enfrenta un mundo globalizado. Como miembro de la Uni\u00f3n Europea conf\u00eda plenamente en la <strong>cl\u00e1usula de solidaridad establecida en el art\u00edculo 222 del Tratado de Funcionamiento de la Uni\u00f3n Europea<\/strong>, cuya finalidad es actuar de forma conjunta para prevenir la amenaza terrorista en el territorio de la Uni\u00f3n y prestar ayuda a los miembros que as\u00ed lo requieran. Una UE sol\u00edda y responsable generar\u00e1 estabilidad y seguridad para todos sus ciudadanos y m\u00e1s all\u00e1 de sus fronteras.<\/p>\n<p>En lo que respecta a las relaciones con Espa\u00f1a, Finladia considera que ambos pa\u00edses tienen posiciones cercanas respecto a asuntos europeos e internacionales y se espera estrechar posiciones en temas centrales como seguridad, derechos humanos y democracia. <\/p>\n<p>Para finalizar el encuentro se debatieron cuestiones como las relaciones transatl\u00e1nticas, la importancia de la cooperaci\u00f3n contra los tr\u00e1ficos il\u00edcitos en la UE, las relaciones con la Federaci\u00f3n de Rusia o el presupuesto de defensa de los estados miembros.<\/p>\n<p>Aranzazu \u00c1lvarez<br \/>\nINCIPE<\/p>\n<p><a href=\"http:\/\/www.incipe.org\/wp-content\/uploads\/2018\/01\/3.jpg\"><img fetchpriority=\"high\" decoding=\"async\" src=\"http:\/\/www.incipe.org\/wp-content\/uploads\/2018\/01\/3-300x225.jpg\" alt=\"3\" width=\"300\" height=\"225\" class=\"alignnone size-medium wp-image-5476\" \/><\/a>   <a href=\"http:\/\/www.incipe.org\/wp-content\/uploads\/2018\/01\/6.jpg\"><img decoding=\"async\" src=\"http:\/\/www.incipe.org\/wp-content\/uploads\/2018\/01\/6-300x225.jpg\" alt=\"6\" width=\"300\" height=\"225\" class=\"alignnone size-medium wp-image-5478\" \/><\/a>   <a href=\"http:\/\/www.incipe.org\/wp-content\/uploads\/2018\/01\/4.jpg\"><img decoding=\"async\" src=\"http:\/\/www.incipe.org\/wp-content\/uploads\/2018\/01\/4-300x225.jpg\" alt=\"4\" width=\"300\" height=\"225\" class=\"alignnone size-medium wp-image-5477\" \/><\/a><\/p>\n<p><!--:--><\/p>\n","protected":false},"excerpt":{"rendered":"<p>El 18 de enero de 2018, INCIPE celebr\u00f3 un Desayuno de Trabajo bajo el t\u00edtulo de The Security of Europe &#8211; a Northern Perspective con Timo Soini, Ministro de Asuntos [&hellip;]<\/p>\n","protected":false},"author":3,"featured_media":5476,"comment_status":"closed","ping_status":"closed","sticky":false,"template":"","format":"standard","meta":{"_acf_changed":false,"footnotes":""},"categories":[27],"tags":[],"class_list":["post-5447","post","type-post","status-publish","format-standard","has-post-thumbnail","hentry","category-desayunos-de-trabajo"],"acf":[],"_links":{"self":[{"href":"https:\/\/fundacionincipe.com\/index.php\/wp-json\/wp\/v2\/posts\/5447","targetHints":{"allow":["GET"]}}],"collection":[{"href":"https:\/\/fundacionincipe.com\/index.php\/wp-json\/wp\/v2\/posts"}],"about":[{"href":"https:\/\/fundacionincipe.com\/index.php\/wp-json\/wp\/v2\/types\/post"}],"author":[{"embeddable":true,"href":"https:\/\/fundacionincipe.com\/index.php\/wp-json\/wp\/v2\/users\/3"}],"replies":[{"embeddable":true,"href":"https:\/\/fundacionincipe.com\/index.php\/wp-json\/wp\/v2\/comments?post=5447"}],"version-history":[{"count":0,"href":"https:\/\/fundacionincipe.com\/index.php\/wp-json\/wp\/v2\/posts\/5447\/revisions"}],"wp:featuredmedia":[{"embeddable":true,"href":"https:\/\/fundacionincipe.com\/index.php\/wp-json\/"}],"wp:attachment":[{"href":"https:\/\/fundacionincipe.com\/index.php\/wp-json\/wp\/v2\/media?parent=5447"}],"wp:term":[{"taxonomy":"category","embeddable":true,"href":"https:\/\/fundacionincipe.com\/index.php\/wp-json\/wp\/v2\/categories?post=5447"},{"taxonomy":"post_tag","embeddable":true,"href":"https:\/\/fundacionincipe.com\/index.php\/wp-json\/wp\/v2\/tags?post=5447"}],"curies":[{"name":"wp","href":"https:\/\/api.w.org\/{rel}","templated":true}]}}