{"id":5412,"date":"2017-11-15T14:00:10","date_gmt":"2017-11-15T13:00:10","guid":{"rendered":"http:\/\/www.incipe.org\/?p=5412"},"modified":"2024-11-11T12:56:08","modified_gmt":"2024-11-11T12:56:08","slug":"xii-seminario-fuerzas-armadas-y-medios-de-comunicacion","status":"publish","type":"post","link":"https:\/\/fundacionincipe.com\/index.php\/2017\/11\/15\/xii-seminario-fuerzas-armadas-y-medios-de-comunicacion\/","title":{"rendered":"XII Seminario Fuerzas Armadas y Medios de Comunicaci\u00f3n"},"content":{"rendered":"\n<p>El terrorismo constituye una de las principales amenazas reales a la seguridad internacional, con car\u00e1cter global, descentralizado y vers\u00e1til en sus formas de actuaci\u00f3n, lo que incrementa la complejidad del fen\u00f3meno y, por consiguiente, la respuesta al mismo. Sus ejes principales de dinamizaci\u00f3n se centran en promover la amenaza terrorista a trav\u00e9s de la perpetraci\u00f3n de atentados, d\u00f3nde predomina el fen\u00f3meno de los retornados y los lobos solitarios como factores de riesgo fundamentales; buscar fondos de financiaci\u00f3n para sus actividades delictivas; y dirigir procesos de captaci\u00f3n, reclutamiento y radicalizaci\u00f3n a trav\u00e9s de propaganda yihadista y redes sociales, teniendo en cuenta que el 90% de reclutamientos se producen a trav\u00e9s de Internet.<\/p>\n\n\n\n<p>El terrorismo yihadista representa el principal desaf\u00edo a la Estrategia de Seguridad Nacional de Espa\u00f1a, dada su posici\u00f3n estrat\u00e9gica y percepci\u00f3n del islamismo radical, especialmente tras los atentados del 11-M. Sin embargo, la gravedad del fen\u00f3meno y, por consiguiente, su sensibilidad al mismo, no es reconocida como tal por el conjunto de la sociedad, pese a ser el segundo pa\u00eds, despu\u00e9s de Estados Unidos, con un mayor n\u00famero de v\u00edctimas a causa del terrorismo.<\/p>\n\n\n\n<p>La primera mesa redonda, bajo el nombre de <strong><em>La respuesta frente a la ideolog\u00eda yihadista<\/em><\/strong> y moderada por <strong>Luis Solana, Vicepresidente de INCIPE y Presidente de Telef\u00f3nica Open Future<\/strong>, corri\u00f3 a cargo del <strong>General de Brigada Juan Bautista S\u00e1nchez Gamboa<\/strong>, Adjunto al Director del Centro de Inteligencia de las Fuerzas Armadas (CIFAS), Estado Mayor de la Defensa, Ministerio de Defensa; el <strong>Teniente Coronel \u00d3scar Asensi Miralles<\/strong>, segundo Jefe de la Unidad Central Especial Dos (UCE-2), Servicio de Informaci\u00f3n de la Guardia Civil; el <strong>Comisario Jos\u00e9 Mar\u00eda Mata<\/strong>, Jefe de Brigada, Comisar\u00eda General de Informaci\u00f3n, Cuerpo Nacional de la Polic\u00eda; y <strong>Carlos Echevarr\u00eda, Profesor de Relaciones Internacionales de la UNED<\/strong>, experto en terrorismo yihadista.<\/p>\n\n\n\n<p>Pese a los esfuerzos realizados por las Fuerzas y Cuerpos de Seguridad, la sociedad en su conjunto debe trabajar abordando dos \u00e1mbitos fundamentales: promover la cultura de defensa y garantizar la veracidad de los medios de comunicaci\u00f3n, a fin de proporcionar informaci\u00f3n rigurosa, clara, oportuna y transparente sobre la amenaza real del fen\u00f3meno yihadista a la opini\u00f3n p\u00fablica, que permita conocer sus riesgos y asentar eficazmente la cultura de defensa en la lucha contra el mismo, aplicando las contramedidas correspondientes. De ese modo, y teniendo en cuenta que los l\u00edmites entre seguridad interior y exterior se han difuminado, e<strong>l bloque comunitario debe garantizar que los ciudadanos de sus estados miembros vivan en un espacio de seguridad, libertad y justicia,<\/strong> mientras que los estados, m\u00e1s concretamente Espa\u00f1a, debe continuar trabajando para salvaguardar la seguridad de la naci\u00f3n mediante el establecimiento de criterios de actuaci\u00f3n coordinados entre las capacidades militares, los servicios de seguridad y justicia y las capacidades de informaci\u00f3n; donde los medios de comunicaci\u00f3n juegan un papel crucial, representando una parte importante de su estrategia antiterrorista.<\/p>\n\n\n\n<p><strong>La pol\u00edtica de defensa coordina sus esfuerzos con la pol\u00edtica de seguridad interior, en el campo operativo y estrat\u00e9gico<\/strong>, clave para incrementar la eficacia de la estrategia contraterrorista, a trav\u00e9s del desarrollo de iniciativas conjuntas de seguridad y actividades de diplomacia y defensa, que permiten mejorar la percepci\u00f3n y la respuesta colectiva y eficaz adaptada al fen\u00f3meno yihadista, as\u00ed como proporcionar poyo a pa\u00edses necesitados y socios estrat\u00e9gicos. En este \u00e1mbito, el Centro de Inteligencia de las Fuerzas Armadas (CIFAS) ejerce un papel esencial, con el desempe\u00f1o de dos labores fundamentales: alertar de las situaciones de crisis que implican el empleo de fuerza militar y proporcionar apoyo a operaciones en Espa\u00f1a y en el extranjero, contando as\u00ed con bases militares de apoyo a operaciones desplegadas en \u00c1frica, Oriente Medio, Asia Central o la regi\u00f3n de los Balcanes.<\/p>\n\n\n\n<p>La importancia de la inteligencia y sus labores de planificaci\u00f3n, decisi\u00f3n, obtenci\u00f3n, an\u00e1lisis e interpretaci\u00f3n, as\u00ed como sus tareas de vigilancia y detecci\u00f3n, son esenciales para adoptar una visi\u00f3n integral basada en la anticipaci\u00f3n y el intercambio de informaci\u00f3n de inteligencia a nivel nacional e internacional. El atractivo de la ideolog\u00eda y la complejidad que sustentan a las organizaciones terroristas exigen el desarrollo y la adaptaci\u00f3n sistem\u00e1tica y transnacional de las capacidades, lo que requiere unidad de acci\u00f3n nacional, apoyada por la comunidad de inteligencia, as\u00ed como una cooperaci\u00f3n bilateral y multilateral eficaz entre estados que supere las limitaciones de soberan\u00eda nacional y permitan la obtenci\u00f3n de un conocimiento oportuno capaz de actuar en ciclos de decisi\u00f3n breves.<\/p>\n\n\n\n<p>La segunda mesa redonda, <strong>Propaganda yihadista y redes sociales<\/strong>, moderada por <strong>Jos\u00e9 Manuel S\u00e1nchez Arce, Jefe de la Oficina de Comunicaci\u00f3n del Ministerio de Defensa<\/strong>, corri\u00f3 a cargo de <strong>Pilar Requena, Periodista de TVE<\/strong>, programa \u201cEn Portada\u201d y Profesora de Relaciones Internacionales en la IE University; el <strong>Coronel Ignacio Fuente Cobo<\/strong>, Analista del Instituto Espa\u00f1ol de Estudios Estrat\u00e9gicos, Ministerio de Defensa; <strong>Manuel Torres Soriano, Profesor Titular de Ciencia Pol\u00edtica<\/strong> y Director del Curso de Experto Universitario en An\u00e1lisis del Terrorismo Yihadista, Insurgencias y Movimientos Radicales en la Universidad Pablo Olavide; y <strong>Alexandra Gil, Periodista corresponsal en Par\u00eds<\/strong>, especializada en terrorismo yihadista y autora del libro En el vientre de la yihad.<\/p>\n\n\n\n<p><strong>La propaganda y narrativa yihadista a trav\u00e9s de Internet ha evolucionado considerablemente en los \u00faltimos a\u00f1os, adoptando una estrategia de comunicaci\u00f3n clara y definida,<\/strong> cuyo simbolismo y sofisticaci\u00f3n constituyen su signo de identidad en la red, buscando explotar la cultura popular en el contexto de la yihad a fin de lograr el embellecimiento del terrorismo y la repercusi\u00f3n e impacto de su mensaje en la audiencia. Dentro de sus destinatarios predomina la poblaci\u00f3n joven, por su poder visual y capacidad de atracci\u00f3n, pese a que las razones que motivan el reclutamiento son m\u00faltiples, si bien existen ciertos factores socioecon\u00f3micos de riesgo que incrementan la predisposici\u00f3n a procesos de radicalizaci\u00f3n violenta, como la necesidad de integraci\u00f3n y reconocimiento, la pobreza o el aislamiento social.<\/p>\n\n\n\n<p><strong>Esta evoluci\u00f3n se resume en los siguientes periodos:<\/strong><br>&#8211; 2002-2010: p\u00e1ginas oficiales, foros y salas de conversaci\u00f3n y difusi\u00f3n de v\u00eddeos, im\u00e1genes y contenido extremista.<br>&#8211; 2011-2015: redes sociales como mejor herramienta de propaganda yihadista, donde predominan Twitter o Youtube, debido al empleo de mecanismos de circunvalaci\u00f3n para transmitir y reproducir mensajes de forma r\u00e1pida y autom\u00e1tica, mostrando un poder de atracci\u00f3n extremo y de car\u00e1cter casi profesional.<br>&#8211; 2016-actualidad: las redes sociales pasan a un segundo plano gracias a la actitud proactiva de las compa\u00f1\u00edas de tecnolog\u00edas de la informaci\u00f3n (IT) en sus medidas de bloqueo y eliminaci\u00f3n de contenido extremista de sus plataformas, adapt\u00e1ndose a los nuevos tiempos y buscando v\u00edas de impunidad a trav\u00e9s del uso de aplicaciones m\u00f3viles o Telegram, planteando nuevos desaf\u00edos ante la dificultad de identificar sus modos de actuaci\u00f3n y contenido de mensajes t\u00e1cticos y operacionales.<\/p>\n\n\n\n<p>En este contexto la inteligencia trabaja para crear una contranarrativa que permita neutralizar los comunicados yihadistas, para lo que se precisa un refuerzo de las capacidades OSINT en materia de obtenci\u00f3n y an\u00e1lisis, as\u00ed como de los instrumentos de coordinaci\u00f3n y cooperaci\u00f3n.<\/p>\n\n\n\n<p><strong>Finalmente, el acto de clausura corri\u00f3 a cargo de Miguel \u00c1ngel Barrado, Comisario Principal y Jefe de la Divisi\u00f3n Antiterrorista del CITCO. <\/strong>Ante el fen\u00f3meno de los retornados, otro de los principales desaf\u00edos a la seguridad nacional e internacional, se establece el control de los combatientes extranjeros residentes en Espa\u00f1a como otro de los puntos focales de su estrategia contraterrorista. <strong>En el \u00faltimo a\u00f1o se han detectado m\u00e1s de 200 espa\u00f1oles radicalizados desplazados a zonas de conflicto<\/strong>, estimando que podr\u00edan regresar a terceros pa\u00edses para llevar a cabo un terrorismo aut\u00f3ctono. As\u00ed mismo, sus formas de actuaci\u00f3n son diversas y cambiantes, optando por objetivos blandos que causan el mismo impacto en la sociedad y que incrementan la dificultad de afrontar el fen\u00f3meno eficazmente. Para ello, se promueve el uso del Registro de Nombres de Pasajeros (PNR), una Directiva aprobada por la UE que obliga a las compa\u00f1\u00edas a\u00e9reas a remitir un listado con la identidad de los pasajeros de todos los vuelos, que entran o salen del bloque comunitario, as\u00ed como sus datos de facturaci\u00f3n, cuentas bancarias, fechas, puntos de origen y de destino.<\/p>\n\n\n\n<p>De ese modo, la prevenci\u00f3n representa otro de los pilares en la estrategia contraterrorista, a nivel nacional e internacional, con el fin de mejorar la capacidad de prevenir procesos de captaci\u00f3n y reclutamiento. Por tanto, el terrorismo yihadista exige una visi\u00f3n preventiva, global e integral, basada en un enfoque nacional, europeo e internacional, que aborde la colaboraci\u00f3n, cooperaci\u00f3n, coordinaci\u00f3n y celeridad estimadas, capaces de implementar respuestas y estrategias eficaces y multidisciplinares dentro del respeto a la Carta de Derechos Humanos de Naciones Unidas.<\/p>\n\n\n\n<p>Beatriz Mart\u00ednez-Falero Arrab\u00e9<br><\/p>\n\n\n\n<figure class=\"wp-block-gallery has-nested-images columns-default is-cropped wp-block-gallery-1 is-layout-flex wp-block-gallery-is-layout-flex\">\n<figure data-wp-context=\"{&quot;imageId&quot;:&quot;69f27ff2f3441&quot;}\" data-wp-interactive=\"core\/image\" class=\"wp-block-image size-large wp-lightbox-container\"><img fetchpriority=\"high\" decoding=\"async\" width=\"1024\" height=\"819\" data-wp-class--hide=\"state.isContentHidden\" data-wp-class--show=\"state.isContentVisible\" data-wp-init=\"callbacks.setButtonStyles\" data-wp-on-async--click=\"actions.showLightbox\" data-wp-on-async--load=\"callbacks.setButtonStyles\" data-wp-on-async-window--resize=\"callbacks.setButtonStyles\" data-id=\"18340\" src=\"https:\/\/fundacionincipe.com\/wp-content\/uploads\/2024\/11\/6716-015-1024x819.jpg\" alt=\"\" class=\"wp-image-18340\" srcset=\"https:\/\/fundacionincipe.com\/wp-content\/uploads\/2024\/11\/6716-015-1024x819.jpg 1024w, https:\/\/fundacionincipe.com\/wp-content\/uploads\/2024\/11\/6716-015-300x240.jpg 300w, https:\/\/fundacionincipe.com\/wp-content\/uploads\/2024\/11\/6716-015-768x615.jpg 768w, https:\/\/fundacionincipe.com\/wp-content\/uploads\/2024\/11\/6716-015.jpg 1181w\" sizes=\"(max-width: 1024px) 100vw, 1024px\" \/><button\n\t\t\tclass=\"lightbox-trigger\"\n\t\t\ttype=\"button\"\n\t\t\taria-haspopup=\"dialog\"\n\t\t\taria-label=\"Ampliar la imagen\"\n\t\t\tdata-wp-init=\"callbacks.initTriggerButton\"\n\t\t\tdata-wp-on-async--click=\"actions.showLightbox\"\n\t\t\tdata-wp-style--right=\"state.imageButtonRight\"\n\t\t\tdata-wp-style--top=\"state.imageButtonTop\"\n\t\t>\n\t\t\t<svg xmlns=\"http:\/\/www.w3.org\/2000\/svg\" width=\"12\" height=\"12\" fill=\"none\" viewBox=\"0 0 12 12\">\n\t\t\t\t<path fill=\"#fff\" d=\"M2 0a2 2 0 0 0-2 2v2h1.5V2a.5.5 0 0 1 .5-.5h2V0H2Zm2 10.5H2a.5.5 0 0 1-.5-.5V8H0v2a2 2 0 0 0 2 2h2v-1.5ZM8 12v-1.5h2a.5.5 0 0 0 .5-.5V8H12v2a2 2 0 0 1-2 2H8Zm2-12a2 2 0 0 1 2 2v2h-1.5V2a.5.5 0 0 0-.5-.5H8V0h2Z\" \/>\n\t\t\t<\/svg>\n\t\t<\/button><\/figure>\n\n\n\n<figure data-wp-context=\"{&quot;imageId&quot;:&quot;69f27ff2f3aaf&quot;}\" data-wp-interactive=\"core\/image\" class=\"wp-block-image size-large wp-lightbox-container\"><img decoding=\"async\" width=\"1024\" height=\"819\" data-wp-class--hide=\"state.isContentHidden\" data-wp-class--show=\"state.isContentVisible\" data-wp-init=\"callbacks.setButtonStyles\" data-wp-on-async--click=\"actions.showLightbox\" data-wp-on-async--load=\"callbacks.setButtonStyles\" data-wp-on-async-window--resize=\"callbacks.setButtonStyles\" data-id=\"18338\" src=\"https:\/\/fundacionincipe.com\/wp-content\/uploads\/2024\/11\/6716-024-1024x819.jpg\" alt=\"\" class=\"wp-image-18338\" srcset=\"https:\/\/fundacionincipe.com\/wp-content\/uploads\/2024\/11\/6716-024-1024x819.jpg 1024w, https:\/\/fundacionincipe.com\/wp-content\/uploads\/2024\/11\/6716-024-300x240.jpg 300w, https:\/\/fundacionincipe.com\/wp-content\/uploads\/2024\/11\/6716-024-768x615.jpg 768w, https:\/\/fundacionincipe.com\/wp-content\/uploads\/2024\/11\/6716-024.jpg 1181w\" sizes=\"(max-width: 1024px) 100vw, 1024px\" \/><button\n\t\t\tclass=\"lightbox-trigger\"\n\t\t\ttype=\"button\"\n\t\t\taria-haspopup=\"dialog\"\n\t\t\taria-label=\"Ampliar la imagen\"\n\t\t\tdata-wp-init=\"callbacks.initTriggerButton\"\n\t\t\tdata-wp-on-async--click=\"actions.showLightbox\"\n\t\t\tdata-wp-style--right=\"state.imageButtonRight\"\n\t\t\tdata-wp-style--top=\"state.imageButtonTop\"\n\t\t>\n\t\t\t<svg xmlns=\"http:\/\/www.w3.org\/2000\/svg\" width=\"12\" height=\"12\" fill=\"none\" viewBox=\"0 0 12 12\">\n\t\t\t\t<path fill=\"#fff\" d=\"M2 0a2 2 0 0 0-2 2v2h1.5V2a.5.5 0 0 1 .5-.5h2V0H2Zm2 10.5H2a.5.5 0 0 1-.5-.5V8H0v2a2 2 0 0 0 2 2h2v-1.5ZM8 12v-1.5h2a.5.5 0 0 0 .5-.5V8H12v2a2 2 0 0 1-2 2H8Zm2-12a2 2 0 0 1 2 2v2h-1.5V2a.5.5 0 0 0-.5-.5H8V0h2Z\" \/>\n\t\t\t<\/svg>\n\t\t<\/button><\/figure>\n\n\n\n<figure data-wp-context=\"{&quot;imageId&quot;:&quot;69f27ff2f4111&quot;}\" data-wp-interactive=\"core\/image\" class=\"wp-block-image size-large wp-lightbox-container\"><img decoding=\"async\" width=\"1024\" height=\"819\" data-wp-class--hide=\"state.isContentHidden\" data-wp-class--show=\"state.isContentVisible\" data-wp-init=\"callbacks.setButtonStyles\" data-wp-on-async--click=\"actions.showLightbox\" data-wp-on-async--load=\"callbacks.setButtonStyles\" data-wp-on-async-window--resize=\"callbacks.setButtonStyles\" data-id=\"18337\" src=\"https:\/\/fundacionincipe.com\/wp-content\/uploads\/2024\/11\/6716-028-1024x819.jpg\" alt=\"\" class=\"wp-image-18337\" srcset=\"https:\/\/fundacionincipe.com\/wp-content\/uploads\/2024\/11\/6716-028-1024x819.jpg 1024w, https:\/\/fundacionincipe.com\/wp-content\/uploads\/2024\/11\/6716-028-300x240.jpg 300w, https:\/\/fundacionincipe.com\/wp-content\/uploads\/2024\/11\/6716-028-768x615.jpg 768w, https:\/\/fundacionincipe.com\/wp-content\/uploads\/2024\/11\/6716-028.jpg 1181w\" sizes=\"(max-width: 1024px) 100vw, 1024px\" \/><button\n\t\t\tclass=\"lightbox-trigger\"\n\t\t\ttype=\"button\"\n\t\t\taria-haspopup=\"dialog\"\n\t\t\taria-label=\"Ampliar la imagen\"\n\t\t\tdata-wp-init=\"callbacks.initTriggerButton\"\n\t\t\tdata-wp-on-async--click=\"actions.showLightbox\"\n\t\t\tdata-wp-style--right=\"state.imageButtonRight\"\n\t\t\tdata-wp-style--top=\"state.imageButtonTop\"\n\t\t>\n\t\t\t<svg xmlns=\"http:\/\/www.w3.org\/2000\/svg\" width=\"12\" height=\"12\" fill=\"none\" viewBox=\"0 0 12 12\">\n\t\t\t\t<path fill=\"#fff\" d=\"M2 0a2 2 0 0 0-2 2v2h1.5V2a.5.5 0 0 1 .5-.5h2V0H2Zm2 10.5H2a.5.5 0 0 1-.5-.5V8H0v2a2 2 0 0 0 2 2h2v-1.5ZM8 12v-1.5h2a.5.5 0 0 0 .5-.5V8H12v2a2 2 0 0 1-2 2H8Zm2-12a2 2 0 0 1 2 2v2h-1.5V2a.5.5 0 0 0-.5-.5H8V0h2Z\" \/>\n\t\t\t<\/svg>\n\t\t<\/button><\/figure>\n\n\n\n<figure data-wp-context=\"{&quot;imageId&quot;:&quot;69f27ff300461&quot;}\" data-wp-interactive=\"core\/image\" class=\"wp-block-image size-large wp-lightbox-container\"><img loading=\"lazy\" decoding=\"async\" width=\"1024\" height=\"819\" data-wp-class--hide=\"state.isContentHidden\" data-wp-class--show=\"state.isContentVisible\" data-wp-init=\"callbacks.setButtonStyles\" data-wp-on-async--click=\"actions.showLightbox\" data-wp-on-async--load=\"callbacks.setButtonStyles\" data-wp-on-async-window--resize=\"callbacks.setButtonStyles\" data-id=\"18339\" src=\"https:\/\/fundacionincipe.com\/wp-content\/uploads\/2024\/11\/6716-022-1024x819.jpg\" alt=\"\" class=\"wp-image-18339\" srcset=\"https:\/\/fundacionincipe.com\/wp-content\/uploads\/2024\/11\/6716-022-1024x819.jpg 1024w, https:\/\/fundacionincipe.com\/wp-content\/uploads\/2024\/11\/6716-022-300x240.jpg 300w, https:\/\/fundacionincipe.com\/wp-content\/uploads\/2024\/11\/6716-022-768x615.jpg 768w, https:\/\/fundacionincipe.com\/wp-content\/uploads\/2024\/11\/6716-022.jpg 1181w\" sizes=\"(max-width: 1024px) 100vw, 1024px\" \/><button\n\t\t\tclass=\"lightbox-trigger\"\n\t\t\ttype=\"button\"\n\t\t\taria-haspopup=\"dialog\"\n\t\t\taria-label=\"Ampliar la imagen\"\n\t\t\tdata-wp-init=\"callbacks.initTriggerButton\"\n\t\t\tdata-wp-on-async--click=\"actions.showLightbox\"\n\t\t\tdata-wp-style--right=\"state.imageButtonRight\"\n\t\t\tdata-wp-style--top=\"state.imageButtonTop\"\n\t\t>\n\t\t\t<svg xmlns=\"http:\/\/www.w3.org\/2000\/svg\" width=\"12\" height=\"12\" fill=\"none\" viewBox=\"0 0 12 12\">\n\t\t\t\t<path fill=\"#fff\" d=\"M2 0a2 2 0 0 0-2 2v2h1.5V2a.5.5 0 0 1 .5-.5h2V0H2Zm2 10.5H2a.5.5 0 0 1-.5-.5V8H0v2a2 2 0 0 0 2 2h2v-1.5ZM8 12v-1.5h2a.5.5 0 0 0 .5-.5V8H12v2a2 2 0 0 1-2 2H8Zm2-12a2 2 0 0 1 2 2v2h-1.5V2a.5.5 0 0 0-.5-.5H8V0h2Z\" \/>\n\t\t\t<\/svg>\n\t\t<\/button><\/figure>\n\n\n\n<figure data-wp-context=\"{&quot;imageId&quot;:&quot;69f27ff3009e8&quot;}\" data-wp-interactive=\"core\/image\" class=\"wp-block-image size-large wp-lightbox-container\"><img loading=\"lazy\" decoding=\"async\" width=\"1024\" height=\"819\" data-wp-class--hide=\"state.isContentHidden\" data-wp-class--show=\"state.isContentVisible\" data-wp-init=\"callbacks.setButtonStyles\" data-wp-on-async--click=\"actions.showLightbox\" data-wp-on-async--load=\"callbacks.setButtonStyles\" data-wp-on-async-window--resize=\"callbacks.setButtonStyles\" data-id=\"18336\" src=\"https:\/\/fundacionincipe.com\/wp-content\/uploads\/2024\/11\/6716-061-1024x819.jpg\" alt=\"\" class=\"wp-image-18336\" srcset=\"https:\/\/fundacionincipe.com\/wp-content\/uploads\/2024\/11\/6716-061-1024x819.jpg 1024w, https:\/\/fundacionincipe.com\/wp-content\/uploads\/2024\/11\/6716-061-300x240.jpg 300w, https:\/\/fundacionincipe.com\/wp-content\/uploads\/2024\/11\/6716-061-768x615.jpg 768w, https:\/\/fundacionincipe.com\/wp-content\/uploads\/2024\/11\/6716-061.jpg 1181w\" sizes=\"(max-width: 1024px) 100vw, 1024px\" \/><button\n\t\t\tclass=\"lightbox-trigger\"\n\t\t\ttype=\"button\"\n\t\t\taria-haspopup=\"dialog\"\n\t\t\taria-label=\"Ampliar la imagen\"\n\t\t\tdata-wp-init=\"callbacks.initTriggerButton\"\n\t\t\tdata-wp-on-async--click=\"actions.showLightbox\"\n\t\t\tdata-wp-style--right=\"state.imageButtonRight\"\n\t\t\tdata-wp-style--top=\"state.imageButtonTop\"\n\t\t>\n\t\t\t<svg xmlns=\"http:\/\/www.w3.org\/2000\/svg\" width=\"12\" height=\"12\" fill=\"none\" viewBox=\"0 0 12 12\">\n\t\t\t\t<path fill=\"#fff\" d=\"M2 0a2 2 0 0 0-2 2v2h1.5V2a.5.5 0 0 1 .5-.5h2V0H2Zm2 10.5H2a.5.5 0 0 1-.5-.5V8H0v2a2 2 0 0 0 2 2h2v-1.5ZM8 12v-1.5h2a.5.5 0 0 0 .5-.5V8H12v2a2 2 0 0 1-2 2H8Zm2-12a2 2 0 0 1 2 2v2h-1.5V2a.5.5 0 0 0-.5-.5H8V0h2Z\" \/>\n\t\t\t<\/svg>\n\t\t<\/button><\/figure>\n\n\n\n<figure data-wp-context=\"{&quot;imageId&quot;:&quot;69f27ff300fb6&quot;}\" data-wp-interactive=\"core\/image\" class=\"wp-block-image size-large wp-lightbox-container\"><img loading=\"lazy\" decoding=\"async\" width=\"1024\" height=\"819\" data-wp-class--hide=\"state.isContentHidden\" data-wp-class--show=\"state.isContentVisible\" data-wp-init=\"callbacks.setButtonStyles\" data-wp-on-async--click=\"actions.showLightbox\" data-wp-on-async--load=\"callbacks.setButtonStyles\" data-wp-on-async-window--resize=\"callbacks.setButtonStyles\" data-id=\"18335\" src=\"https:\/\/fundacionincipe.com\/wp-content\/uploads\/2024\/11\/6716-090-1024x819.jpg\" alt=\"\" class=\"wp-image-18335\" srcset=\"https:\/\/fundacionincipe.com\/wp-content\/uploads\/2024\/11\/6716-090-1024x819.jpg 1024w, https:\/\/fundacionincipe.com\/wp-content\/uploads\/2024\/11\/6716-090-300x240.jpg 300w, https:\/\/fundacionincipe.com\/wp-content\/uploads\/2024\/11\/6716-090-768x615.jpg 768w, https:\/\/fundacionincipe.com\/wp-content\/uploads\/2024\/11\/6716-090.jpg 1181w\" sizes=\"(max-width: 1024px) 100vw, 1024px\" \/><button\n\t\t\tclass=\"lightbox-trigger\"\n\t\t\ttype=\"button\"\n\t\t\taria-haspopup=\"dialog\"\n\t\t\taria-label=\"Ampliar la imagen\"\n\t\t\tdata-wp-init=\"callbacks.initTriggerButton\"\n\t\t\tdata-wp-on-async--click=\"actions.showLightbox\"\n\t\t\tdata-wp-style--right=\"state.imageButtonRight\"\n\t\t\tdata-wp-style--top=\"state.imageButtonTop\"\n\t\t>\n\t\t\t<svg xmlns=\"http:\/\/www.w3.org\/2000\/svg\" width=\"12\" height=\"12\" fill=\"none\" viewBox=\"0 0 12 12\">\n\t\t\t\t<path fill=\"#fff\" d=\"M2 0a2 2 0 0 0-2 2v2h1.5V2a.5.5 0 0 1 .5-.5h2V0H2Zm2 10.5H2a.5.5 0 0 1-.5-.5V8H0v2a2 2 0 0 0 2 2h2v-1.5ZM8 12v-1.5h2a.5.5 0 0 0 .5-.5V8H12v2a2 2 0 0 1-2 2H8Zm2-12a2 2 0 0 1 2 2v2h-1.5V2a.5.5 0 0 0-.5-.5H8V0h2Z\" \/>\n\t\t\t<\/svg>\n\t\t<\/button><\/figure>\n<\/figure>\n","protected":false},"excerpt":{"rendered":"<p>El terrorismo constituye una de las principales amenazas reales a la seguridad internacional, con car\u00e1cter global, descentralizado y vers\u00e1til en sus formas de actuaci\u00f3n, lo que incrementa la complejidad del [&hellip;]<\/p>\n","protected":false},"author":3,"featured_media":18334,"comment_status":"closed","ping_status":"closed","sticky":false,"template":"","format":"standard","meta":{"_acf_changed":false,"footnotes":""},"categories":[8],"tags":[],"class_list":["post-5412","post","type-post","status-publish","format-standard","has-post-thumbnail","hentry","category-conferencias-y-seminarios"],"acf":[],"_links":{"self":[{"href":"https:\/\/fundacionincipe.com\/index.php\/wp-json\/wp\/v2\/posts\/5412","targetHints":{"allow":["GET"]}}],"collection":[{"href":"https:\/\/fundacionincipe.com\/index.php\/wp-json\/wp\/v2\/posts"}],"about":[{"href":"https:\/\/fundacionincipe.com\/index.php\/wp-json\/wp\/v2\/types\/post"}],"author":[{"embeddable":true,"href":"https:\/\/fundacionincipe.com\/index.php\/wp-json\/wp\/v2\/users\/3"}],"replies":[{"embeddable":true,"href":"https:\/\/fundacionincipe.com\/index.php\/wp-json\/wp\/v2\/comments?post=5412"}],"version-history":[{"count":3,"href":"https:\/\/fundacionincipe.com\/index.php\/wp-json\/wp\/v2\/posts\/5412\/revisions"}],"predecessor-version":[{"id":18345,"href":"https:\/\/fundacionincipe.com\/index.php\/wp-json\/wp\/v2\/posts\/5412\/revisions\/18345"}],"wp:featuredmedia":[{"embeddable":true,"href":"https:\/\/fundacionincipe.com\/index.php\/wp-json\/wp\/v2\/media\/18334"}],"wp:attachment":[{"href":"https:\/\/fundacionincipe.com\/index.php\/wp-json\/wp\/v2\/media?parent=5412"}],"wp:term":[{"taxonomy":"category","embeddable":true,"href":"https:\/\/fundacionincipe.com\/index.php\/wp-json\/wp\/v2\/categories?post=5412"},{"taxonomy":"post_tag","embeddable":true,"href":"https:\/\/fundacionincipe.com\/index.php\/wp-json\/wp\/v2\/tags?post=5412"}],"curies":[{"name":"wp","href":"https:\/\/api.w.org\/{rel}","templated":true}]}}