{"id":5343,"date":"2017-09-19T13:02:22","date_gmt":"2017-09-19T11:02:22","guid":{"rendered":"http:\/\/www.incipe.org\/?p=5343"},"modified":"2017-09-19T13:02:22","modified_gmt":"2017-09-19T11:02:22","slug":"la-politica-exterior-de-francia-tras-la-elecciones-del-presidente-macron","status":"publish","type":"post","link":"https:\/\/fundacionincipe.com\/index.php\/2017\/09\/19\/la-politica-exterior-de-francia-tras-la-elecciones-del-presidente-macron\/","title":{"rendered":"La pol\u00edtica exterior de Francia tras la elecciones del Presidente Macron"},"content":{"rendered":"<p><!--:es--><strong>El 19 de septiembre de 2017, Incipe celebr\u00f3 un Desayuno de Trabajo titulado <em>La pol\u00edtica exterior de Francia tras la elecci\u00f3n del Presidente Macron, frente a los desaf\u00edos globales y europeos<\/em>. En esta ocasi\u00f3n se cont\u00f3 con la participaci\u00f3n del Excmo. Embajador de Francia en Espa\u00f1a, Yves Saint-Geours. Durante el encuentro se pusieron de relieve las principales metas de la agenda del gobierno franc\u00e9s en cuanto a la pol\u00edtica exterior y c\u00f3mo Francia puede contribuir a la implementaci\u00f3n de soluciones para alcanzar la estabilidad y paz global<\/strong>.<\/p>\n<p>Como la quinta potencia mundial, F<strong>rancia posee una gran responsabilidad en cuanto a la seguridad global<\/strong>, cuyo objetivo es mantener y extender los valores democr\u00e1ticos a trav\u00e9s de diplomacia y cooperaci\u00f3n con sus m\u00faltiples aliados a trav\u00e9s del globo. Principalmente, las amenazas a las que se enfrenta el pa\u00eds no solamente afectan a Francia, sino a los otros pa\u00edses del espacio europeo y el resto del mundo. Por ello es vital una cooperaci\u00f3n cercana con el resto de miembros de la Uni\u00f3n Europea, OTAN y el di\u00e1logo en el marco de las Naciones Unidas.<\/p>\n<p>Actualmente nos enfrentamos a un orden internacional marcado por la multiplicaci\u00f3n de las crisis que amenazan la estabilidad del continente europeo y su prosperidad. En este contexto, Francia juega un papel fundamental, promoviendo la a<strong>cci\u00f3n colectiva y la cooperaci\u00f3n internacional<\/strong>. En su agenda ha dispuesto cuatro prioridades para frenar el terrorismo y el problema migratorio: atajar la ra\u00edz del terrorismo, frenar el uso de armas qu\u00edmicas, apertura de una v\u00eda humanitaria segura y s\u00f3lida y estabilidad pol\u00edtica en las regiones inestables.<\/p>\n<p>Por otro lado, tambi\u00e9n nos encontramos en un periodo marcado por la globalizaci\u00f3n y la digitalizaci\u00f3n y Francia tiene el objetivo de salvaguardar sus intereses no solo dentro de sus propias fronteras. Recientes ciberataques ponen de manifiesto la necesidad de prestar atenci\u00f3n al mundo digital y a los riesgos que contempla esta amenaza transnacional. Asimismo, el medio ambiente supone un desaf\u00edo a tener en cuenta.<\/p>\n<p>Finalmente, Francia est\u00e1 y estar\u00e1 plenamente comprometida con el proyecto europeo como el propio Presidente Macron ha se\u00f1alado. Pero para ello es necesario acercar las instituciones europeas a los ciudadanos y realizar importantes reformas que otorguen solidez.<\/p>\n<p>Para finalizar el encuentro se debatieron cuestiones como la reforma del Consejo de Seguridad de las Naciones Unidas, la gobernanza econ\u00f3mica, la cooperaci\u00f3n con Espa\u00f1a en materia antiterrorista o la presencia francesa en el Sahel.<\/p>\n<p>Emma Bass<br \/>\nINCIPE<\/p>\n<p><a href=\"https:\/\/es.ambafrance.org\/Conferencia-del-Embajador-en-el-INCIPE\" title=\"Nota de prensa Francia\" rel=\"noopener\" target=\"_blank\">Nota de prensa Embajada de Francia<\/a><\/p>\n<p><a href=\"http:\/\/www.incipe.org\/wp-content\/uploads\/2017\/10\/6697-005.jpg\"><img fetchpriority=\"high\" decoding=\"async\" src=\"http:\/\/www.incipe.org\/wp-content\/uploads\/2017\/10\/6697-005-300x240.jpg\" alt=\"6697--005\" width=\"300\" height=\"240\" class=\"alignnone size-medium wp-image-5342\" \/><\/a>   <a href=\"http:\/\/www.incipe.org\/wp-content\/uploads\/2017\/10\/6697-017.jpg\"><img decoding=\"async\" src=\"http:\/\/www.incipe.org\/wp-content\/uploads\/2017\/10\/6697-017-300x240.jpg\" alt=\"6697--017\" width=\"300\" height=\"240\" class=\"alignnone size-medium wp-image-5347\" \/><\/a>   <a href=\"http:\/\/www.incipe.org\/wp-content\/uploads\/2017\/10\/6697-010.jpg\"><img decoding=\"async\" src=\"http:\/\/www.incipe.org\/wp-content\/uploads\/2017\/10\/6697-010-240x300.jpg\" alt=\"6697--010\" width=\"240\" height=\"300\" class=\"alignnone size-medium wp-image-5344\" \/><\/a><br \/>\n<!--:--><!--:en--><strong>On September 19th, 2017, INCIPE held a Work Breakfast entitled <em>Foreign Policy in France After the Election of President Macron: Facing Global and European Challenges<\/em>. At this occasion, the participation of the Honorable French Ambassador to Spain, Yves Saint-Geours, was much anticipated. During the meeting, the importance of chief goals regarding foreign policy on the French government\u2019s agenda were set, and how France is able to contribute to the implementation of solutions to achieve global stability and peace.<\/strong><\/p>\n<p>As the \u2018fifth world power\u2019, <strong>France has a great responsibility regarding global security<\/strong>, in which its objective is to maintain and extend democratic values, through diplomacy and cooperation, with its many allies throughout the globe. Principally, the threats that face the country not only affect France, but the other countries in Europe and the rest of the world as well. Because of this, a close cooperation with the rest of European Union members, NATO, and a dialogue within the framework of the United Nations is vital.<\/p>\n<p>Currently we face an international order marked by the multiplication of crises that threaten the stability of the European continent and its prosperity. In this context, France plays a fundamental role, promoting <strong>collective action and international cooperation<\/strong>. It has prepared four priorities on its agenda in order to curb terrorism and the migrant problem: contain the root of terrorism, put a stop to the use of chemical weapons, the opening of a safe and reliable humanitarian track, and political stability in unstable regions.<\/p>\n<p>On the other hand, we also find ourselves in a period marked by globalization and digitalization, and France aims to safeguard its interests, and not just within its own borders. Recent cyberattacks have shown the necessity of paying attention to the digital world and the risks of this transnational threat. At the same time, the environment is also a challenge to keep in mind.<\/p>\n<p>Finally, France is and will be thoroughly committed to the European project, as President Macron himself has indicated. But for this project, it will be necessary to bring together European institutions and citizens to carry out important reforms that confer strength. <\/p>\n<p>To end the meeting, those present debated issues such as the reforming of the Security Council of the United Nations, economic governance, cooperation with Spain in antiterrorism measures, or French presence in the Sahel.<\/p>\n<p>Emma Bass<br \/>\nINCIPE<\/p>\n<p><a href=\"http:\/\/www.incipe.org\/wp-content\/uploads\/2017\/10\/6697-005.jpg\"><img fetchpriority=\"high\" decoding=\"async\" src=\"http:\/\/www.incipe.org\/wp-content\/uploads\/2017\/10\/6697-005-300x240.jpg\" alt=\"6697--005\" width=\"300\" height=\"240\" class=\"alignnone size-medium wp-image-5342\" \/><\/a>   <a href=\"http:\/\/www.incipe.org\/wp-content\/uploads\/2017\/10\/6697-017.jpg\"><img decoding=\"async\" src=\"http:\/\/www.incipe.org\/wp-content\/uploads\/2017\/10\/6697-017-300x240.jpg\" alt=\"6697--017\" width=\"300\" height=\"240\" class=\"alignnone size-medium wp-image-5347\" \/><\/a>   <a href=\"http:\/\/www.incipe.org\/wp-content\/uploads\/2017\/10\/6697-010.jpg\"><img decoding=\"async\" src=\"http:\/\/www.incipe.org\/wp-content\/uploads\/2017\/10\/6697-010-240x300.jpg\" alt=\"6697--010\" width=\"240\" height=\"300\" class=\"alignnone size-medium wp-image-5344\" \/><\/a><\/p>\n<p><!--:--><\/p>\n","protected":false},"excerpt":{"rendered":"<p>El 19 de septiembre de 2017, Incipe celebr\u00f3 un Desayuno de Trabajo titulado La pol\u00edtica exterior de Francia tras la elecci\u00f3n del Presidente Macron, frente a los desaf\u00edos globales y [&hellip;]<\/p>\n","protected":false},"author":3,"featured_media":5342,"comment_status":"closed","ping_status":"closed","sticky":false,"template":"","format":"standard","meta":{"_acf_changed":false,"footnotes":""},"categories":[27],"tags":[],"class_list":["post-5343","post","type-post","status-publish","format-standard","has-post-thumbnail","hentry","category-desayunos-de-trabajo"],"acf":[],"_links":{"self":[{"href":"https:\/\/fundacionincipe.com\/index.php\/wp-json\/wp\/v2\/posts\/5343","targetHints":{"allow":["GET"]}}],"collection":[{"href":"https:\/\/fundacionincipe.com\/index.php\/wp-json\/wp\/v2\/posts"}],"about":[{"href":"https:\/\/fundacionincipe.com\/index.php\/wp-json\/wp\/v2\/types\/post"}],"author":[{"embeddable":true,"href":"https:\/\/fundacionincipe.com\/index.php\/wp-json\/wp\/v2\/users\/3"}],"replies":[{"embeddable":true,"href":"https:\/\/fundacionincipe.com\/index.php\/wp-json\/wp\/v2\/comments?post=5343"}],"version-history":[{"count":0,"href":"https:\/\/fundacionincipe.com\/index.php\/wp-json\/wp\/v2\/posts\/5343\/revisions"}],"wp:featuredmedia":[{"embeddable":true,"href":"https:\/\/fundacionincipe.com\/index.php\/wp-json\/"}],"wp:attachment":[{"href":"https:\/\/fundacionincipe.com\/index.php\/wp-json\/wp\/v2\/media?parent=5343"}],"wp:term":[{"taxonomy":"category","embeddable":true,"href":"https:\/\/fundacionincipe.com\/index.php\/wp-json\/wp\/v2\/categories?post=5343"},{"taxonomy":"post_tag","embeddable":true,"href":"https:\/\/fundacionincipe.com\/index.php\/wp-json\/wp\/v2\/tags?post=5343"}],"curies":[{"name":"wp","href":"https:\/\/api.w.org\/{rel}","templated":true}]}}