{"id":5334,"date":"2017-09-14T12:49:03","date_gmt":"2017-09-14T10:49:03","guid":{"rendered":"http:\/\/www.incipe.org\/?p=5334"},"modified":"2017-09-14T12:49:03","modified_gmt":"2017-09-14T10:49:03","slug":"que-europa-quieren-construir-los-paises-de-visegrado","status":"publish","type":"post","link":"https:\/\/fundacionincipe.com\/index.php\/2017\/09\/14\/que-europa-quieren-construir-los-paises-de-visegrado\/","title":{"rendered":"\u00bfQu\u00e9 Europa quieren construir los pa\u00edses de Visegrado?"},"content":{"rendered":"<p><!--:es--><strong>El 14 de septiembrede 2017, INCIPE celebr\u00f3 un Desayuno de Trabajo titulado <em>\u00bfQu\u00e9 Europa quieren construir los pa\u00edses de Visegrado? Programa de la Presidencia H\u00fangara V4<\/em>. Para ello se cont\u00f3 con la participaci\u00f3n de Eniko Gyori, Excma. Embajadora de Hungr\u00eda en Espa\u00f1a.<\/strong><\/p>\n<p>El Grupo Visegrado se fundo en febrero de 1991 en una reuni\u00f3n entre el Presidente de Checoslovaquia, el Presidente de Polonia y el Primer Ministro de Hungr\u00eda, celebrada en la ciudad h\u00fangara de Visegrado a partir de la cu\u00e1l tom\u00f3 su nombre. Este encuentro de alto nivel posee un estrecho v\u00ednculo hist\u00f3rico con el celebrado en el mismo lugar en 1335 entre Juan de Luxemburgo, Rey de Bohemia, Carlos I de Anjou, Rey de Hungr\u00eda, y Casimir III, Rey de Polonia. La vocaci\u00f3n de ambos encuentros fue el deseo de intensificar la cooperaci\u00f3n mutua y la amistad entre estos estados de Europa Central.<\/p>\n<p>Desde julio de 2017 hasta junio de 2018 Hungr\u00eda ostenta la Presidencia rotativa del Grupo Visegrad. En los \u00faltimos 26 a\u00f1os, el Grupo Visegrad ha representado los intereses regionales, desde 2004 en la Uni\u00f3n Europea, contribuyendo a la prosperidad y estabilidad del continente a trav\u00e9s de su desempe\u00f1o econ\u00f3mico, la cooperaci\u00f3n, el apoyo a los vecinos de los Balcanes Occidentales, as\u00ed como un enfoque ante una crisis migratoria sin precedentes. Los pa\u00edses V4 aportan estabilidad y crecimiento a la Uni\u00f3n Europea, y tienen intenci\u00f3n de contribuir de manera sustancial en el di\u00e1logo sobre el futuro de la UE.<\/p>\n<p>La Presidencia de Hungr\u00eda mantiene los objetivos y logros de las anteriores Presidencias V4, cuyo lema <em>Connects <\/em>refleja el impacto positivo de la cooperaci\u00f3n en el marco de Visegrado con respecto a la conexi\u00f3n de los cuatro pa\u00edses en t\u00e9rminos de pol\u00edtica, econom\u00eda y cultura. Al mismo tiempo subraya el enfoque de la Presidencia en materias relacionadas con la conectividad: energ\u00eda, red de transporte en la regi\u00f3n y era digital. El Grupo Visegrado conecta pa\u00edses, gobiernos, personas, ideas y valores de una manera inclusiva y abierta, y est\u00e1 determinado a aprovechar el poder de la conectividad para encontrar soluciones comunes a los desaf\u00edos que afectan al V4 as\u00ed como al resto de la comunidad europea e internacional.<\/p>\n<p>Aranzazu \u00c1lvarez<br \/>\nINCIPE<br \/>\n<!--:--><!--:en--><strong>On September 14th, 2017, INCIPE hosted a Working Breakfast titled <em>What Europe do the Visegrad countries want to construct? Program of the Hungarian V4 Presidency<\/em>. For this meeting, the participation of Eniko Gyori, HE Ambassador of Hungary in Spain, was much anticipated.<\/strong><\/p>\n<p>The Visegrad Group was founded in February of 1991 in a meeting between the President of Czechoslovakia, the President of Poland, and the Prime Minister of Hungary, which took place in the Hungarian city of Visegr\u00e1d, from which the group derived its name. This high-level conference has a profound historical link to another one celebrated in the same place in 1335 between John of Luxembourg, King of Bohemia, Carlos I of Anjou, King of Hungary, and Casimir III, King of Poland. The purpose of both meetings was the desire to intensify mutual cooperation and friendship between these Central European states.<\/p>\n<p>From July 2017 to June 2017, Hungary will hold the rotating Presidency of the Visegrad Group. For the last 26 years (and since 2004 in the European Union), the Visegrad Group has represented regional interests contributing to the prosperity and stability of the continent through its economic performance, cooperation, and support from neighbors in the West Balkans, a focal point in the face of an unprecedented migrant crisis. The V4 countries provide stability and growth to the European Union, and they have the intention of contributing in a substantial way to the dialogue about the future of the E.U.<\/p>\n<p>Hungary\u2019s Presidency maintains the objectives and achievements of the preceding V4 Presidencies, whose slogan Connects reflects the positive impact of cooperation in the Visegrad setting with respect to the connection of the four countries under political, economic, and cultural terms. At the same time, the focus of the Presidency emphasizes other matters related to connectivity: energy, transportation network in the region, and the digital era. The Visegrad Group connects countries, governments, people, ideas, and values in an inclusive and open manner, and it is determined to take advantage of the power of connectivity in order to find common solutions to the challenges that affect the V4 as well as the rest of the European and international community.<\/p>\n<p>Aranzazu \u00c1lvarez<br \/>\nINCIPE<!--:--><\/p>\n","protected":false},"excerpt":{"rendered":"<p>El 14 de septiembrede 2017, INCIPE celebr\u00f3 un Desayuno de Trabajo titulado \u00bfQu\u00e9 Europa quieren construir los pa\u00edses de Visegrado? Programa de la Presidencia H\u00fangara V4. Para ello se cont\u00f3 [&hellip;]<\/p>\n","protected":false},"author":3,"featured_media":5338,"comment_status":"closed","ping_status":"closed","sticky":false,"template":"","format":"standard","meta":{"_acf_changed":false,"footnotes":""},"categories":[27],"tags":[],"class_list":["post-5334","post","type-post","status-publish","format-standard","has-post-thumbnail","hentry","category-desayunos-de-trabajo"],"acf":[],"_links":{"self":[{"href":"https:\/\/fundacionincipe.com\/index.php\/wp-json\/wp\/v2\/posts\/5334","targetHints":{"allow":["GET"]}}],"collection":[{"href":"https:\/\/fundacionincipe.com\/index.php\/wp-json\/wp\/v2\/posts"}],"about":[{"href":"https:\/\/fundacionincipe.com\/index.php\/wp-json\/wp\/v2\/types\/post"}],"author":[{"embeddable":true,"href":"https:\/\/fundacionincipe.com\/index.php\/wp-json\/wp\/v2\/users\/3"}],"replies":[{"embeddable":true,"href":"https:\/\/fundacionincipe.com\/index.php\/wp-json\/wp\/v2\/comments?post=5334"}],"version-history":[{"count":0,"href":"https:\/\/fundacionincipe.com\/index.php\/wp-json\/wp\/v2\/posts\/5334\/revisions"}],"wp:featuredmedia":[{"embeddable":true,"href":"https:\/\/fundacionincipe.com\/index.php\/wp-json\/"}],"wp:attachment":[{"href":"https:\/\/fundacionincipe.com\/index.php\/wp-json\/wp\/v2\/media?parent=5334"}],"wp:term":[{"taxonomy":"category","embeddable":true,"href":"https:\/\/fundacionincipe.com\/index.php\/wp-json\/wp\/v2\/categories?post=5334"},{"taxonomy":"post_tag","embeddable":true,"href":"https:\/\/fundacionincipe.com\/index.php\/wp-json\/wp\/v2\/tags?post=5334"}],"curies":[{"name":"wp","href":"https:\/\/api.w.org\/{rel}","templated":true}]}}