{"id":5301,"date":"2017-07-12T12:46:06","date_gmt":"2017-07-12T10:46:06","guid":{"rendered":"http:\/\/www.incipe.org\/?p=5301"},"modified":"2017-07-12T12:46:06","modified_gmt":"2017-07-12T10:46:06","slug":"criminalidad-transnacional-y-terrorismo-internacional-covergencias-y-sinergias","status":"publish","type":"post","link":"https:\/\/fundacionincipe.com\/index.php\/2017\/07\/12\/criminalidad-transnacional-y-terrorismo-internacional-covergencias-y-sinergias\/","title":{"rendered":"Criminalidad transnacional y terrorismo internacional. Covergencias y sinergias"},"content":{"rendered":"<p><!--:es--><strong>El 12 de julio 2017, Incipe celebr\u00f3 un Desayuno de Trabajo t\u00edtulado <em>Criminalidad transnacional y terrorismo internacional. Convergencias y sinergias<\/em>. Para ello se cont\u00f3 con la participaci\u00f3n de Francisco J. Aranda, Comisario Principal (h), Cuerpo Nacional de la Polic\u00eda.<\/strong><\/p>\n<p>El crimen organizado y el terrorimo internacional poseen m\u00faltiples convergencias, entre las que cabe destacar su jerarquizaci\u00f3n, la distribuci\u00f3n de tareas, su imtemporalidad, siendo ambos una actividad criminal grave y una amenaza para los ciudadanos. <\/p>\n<p>Con el fin de la II Guerra Mundial y los acuerdos de paz se produce un reparto de influencias y la aparici\u00f3n de grupos armados vinculados con cada eje de poder. No obstante, tras a\u00f1os de polarizaci\u00f3n el fin de la Guerra Fr\u00eda supone una ruptura con estos grupos que pierden financiaci\u00f3n y se ven obligados a diversificar sus operaciones para conseguir recursos (extorsiones, tr\u00e1fico de drogas y armamento, etc.). En este punto es cuando terrorismo y crimen organizaci\u00f3n se entremezclan.<\/p>\n<p>Igualmente son muchas las divergencias, pero entre ellas cabe destacar la <strong>diferente estrategia de comunicaci\u00f3n y publicidad<\/strong>. El crimen organizado se distingue por la b\u00fasqueda de discrecci\u00f3n con respecto a sus operaciones frente al terrorismo internacional, cuya estrategia pasa por la difusi\u00f3n y porpaganda con el fin de captar m\u00e1s fieles a su causa. En este caso, el factor medi\u00e1tico es fundamental como viene demostrando el Daesh, muy presente en redes sociales y con el control de medios de comunicaci\u00f3n, como la revista Dabiq.<\/p>\n<p>Por tanto, resulta fundamental que los cuerpos y fuerzas de seguridad del estado desarrollen e implementen estrategias espec\u00edficas y s\u00f3lidas en su lucha. El crimen organizado y el terrorimso cuentan cada vez m\u00e1s con infraestructuras s\u00f3lidas y t\u00e9cnicas avanzadas que ponen a prueba diariamente a los estados. Se necesita <strong>mejorar la legislaci\u00f3n nacional para adecuarla a los <em>modus operandi<\/em> actuales <\/strong>as\u00ed como una cooperaci\u00f3n civicomilitar e interestatal para la identificaci\u00f3n de individuos y el control de sus movimientos.<\/p>\n<p>El Desayuno de Trabajo se clausur\u00f3 con un turno de preguntas en el que se han debatido cuestiones como el papel de la seguridad privada, la labor de Europol y el control de los movimientos de personas por razones humanitarias.<\/p>\n<p>Aranzazu \u00c1lvarez<br \/>\nINCIPE<\/p>\n<p><!--:--><\/p>\n","protected":false},"excerpt":{"rendered":"<p>El 12 de julio 2017, Incipe celebr\u00f3 un Desayuno de Trabajo t\u00edtulado Criminalidad transnacional y terrorismo internacional. Convergencias y sinergias. Para ello se cont\u00f3 con la participaci\u00f3n de Francisco J. [&hellip;]<\/p>\n","protected":false},"author":3,"featured_media":5302,"comment_status":"closed","ping_status":"closed","sticky":false,"template":"","format":"standard","meta":{"_acf_changed":false,"footnotes":""},"categories":[27],"tags":[],"class_list":["post-5301","post","type-post","status-publish","format-standard","has-post-thumbnail","hentry","category-desayunos-de-trabajo"],"acf":[],"_links":{"self":[{"href":"https:\/\/fundacionincipe.com\/index.php\/wp-json\/wp\/v2\/posts\/5301","targetHints":{"allow":["GET"]}}],"collection":[{"href":"https:\/\/fundacionincipe.com\/index.php\/wp-json\/wp\/v2\/posts"}],"about":[{"href":"https:\/\/fundacionincipe.com\/index.php\/wp-json\/wp\/v2\/types\/post"}],"author":[{"embeddable":true,"href":"https:\/\/fundacionincipe.com\/index.php\/wp-json\/wp\/v2\/users\/3"}],"replies":[{"embeddable":true,"href":"https:\/\/fundacionincipe.com\/index.php\/wp-json\/wp\/v2\/comments?post=5301"}],"version-history":[{"count":0,"href":"https:\/\/fundacionincipe.com\/index.php\/wp-json\/wp\/v2\/posts\/5301\/revisions"}],"wp:featuredmedia":[{"embeddable":true,"href":"https:\/\/fundacionincipe.com\/index.php\/wp-json\/"}],"wp:attachment":[{"href":"https:\/\/fundacionincipe.com\/index.php\/wp-json\/wp\/v2\/media?parent=5301"}],"wp:term":[{"taxonomy":"category","embeddable":true,"href":"https:\/\/fundacionincipe.com\/index.php\/wp-json\/wp\/v2\/categories?post=5301"},{"taxonomy":"post_tag","embeddable":true,"href":"https:\/\/fundacionincipe.com\/index.php\/wp-json\/wp\/v2\/tags?post=5301"}],"curies":[{"name":"wp","href":"https:\/\/api.w.org\/{rel}","templated":true}]}}