{"id":5277,"date":"2017-06-23T11:59:38","date_gmt":"2017-06-23T09:59:38","guid":{"rendered":"http:\/\/www.incipe.org\/?p=5277"},"modified":"2017-06-23T11:59:38","modified_gmt":"2017-06-23T09:59:38","slug":"politica-de-la-ue-hacia-el-sahel","status":"publish","type":"post","link":"https:\/\/fundacionincipe.com\/index.php\/2017\/06\/23\/politica-de-la-ue-hacia-el-sahel\/","title":{"rendered":"Pol\u00edtica de la UE hacia el Sahel"},"content":{"rendered":"<p><!--:es--><strong>El 23 de junio 2017, Incipe celebr\u00f3 un Desayuno de Trabajo bajo el t\u00edtulo <em>Pol\u00edtica de la UE hacia el Sahel<\/em>.  Para ello se cont\u00f3 con la participaci\u00f3n de \u00c1ngel Losada, Representante Especial de la Uni\u00f3n Europea para el Sahel.<\/strong><\/p>\n<p>Para entender la situaci\u00f3n por la que atraviesa el Sahel, primero resulta fundamental conocer la regi\u00f3n. El Sahel est\u00e1 compuesto por doce pa\u00edses con caracter\u00edsticas geogr\u00e1ficas similares. Actualmente, se enfrenta a una serie de crisis, principalmente en Libia, Mali y el norte de Nigeria. Esta situaci\u00f3n ejemplifica que el <strong>principal desaf\u00edo de la regi\u00f3n comienzan con la seguridad<\/strong>. <\/p>\n<p>Hay muchos factores que influyen en generar sociedades inseguras, como un gobierno corrupto, los tr\u00e1ficos il\u00edcitos, grupos radicales y armados y, adem\u00e1s, otros retos relacionados con el desarrollo y cuestiones clim\u00e1ticas. A este respecto, el paulatino aumento de la temperatura ha afectado negativamente a la vegetaci\u00f3n y cultivos, suponiendo una amenaza al sustento de miles de familias. Una falta de preparaci\u00f3n hacia el cambio clim\u00e1tico podr\u00eda causar mayor inestabilidad, hambre y pobreza en la regi\u00f3n. <\/p>\n<p>Asimismo, <strong>resulta fundamental prestar atenci\u00f3n a los retos demogr\u00e1ficos y crisis humanitarias<\/strong>. En pa\u00edses como N\u00edger actualmente la tasa de natalidad es muy alta, con cerca de 8 hijos por cada madre, lo cu\u00e1l hace insostenible mantener el estado de bienestar. <\/p>\n<p>Para atajar estas crisis es importante entender el enorme v\u00ednculo entre desarrollo y seguridad. Un pa\u00eds no puede desarrollarse sin seguridad, proporcionada por parte del estado. Sin embargo, hay diferentes canales a trav\u00e9s de los cu\u00e1les la Uni\u00f3n Europea presta ayuda. Instrumentos institucionales y apoyo financiero son fundamentales para reforzar las capacidades del Sahel. Entre 2014 y 2020 <strong>la Uni\u00f3n Europea habr\u00e1 invertido cerca de 3.500 millones de euros<\/strong> con el objetivo de reforzar estructuras cruciales y entrenar personal militar, entre otros aspectos. A esta cifra hay que sumar el dinero que los pa\u00edses ofrecen de forma individual para ayuda a desarrollar en la regi\u00f3n, hasta alcanzar un total cerca de 8.000 millones de euros.<\/p>\n<p>Otra cuesti\u00f3n fundamental en el Sahel es asegurar las fronteras. La mayor parte de la migraci\u00f3n ocurre entre los pa\u00edses de la regi\u00f3n y es importante aconocer estos flujos migratorios. Las tres fronteras cruciales a asegurar son: la frontera oeste entre Mali y Mauritania, la frontera de Mali, N\u00edger y Burkina Faso y la frontera este entre N\u00edger y Chad. Asegurar y mantener control de las fronteras tendr\u00e1 un gran impacto sobre el desarrollo de los pa\u00edses. Garantizar la seguridad es un paso crucial para resolver la crisis actual de la regi\u00f3n del Sahel.<\/p>\n<p>Sophia Scearce<br \/>\nINCIPE<\/p>\n<p><a href=\"http:\/\/www.incipe.org\/wp-content\/uploads\/2017\/07\/DSC_2721.jpg\"><img fetchpriority=\"high\" decoding=\"async\" src=\"http:\/\/www.incipe.org\/wp-content\/uploads\/2017\/07\/DSC_2721-300x225.jpg\" alt=\"DSC_2721\" width=\"300\" height=\"225\" class=\"alignnone size-medium wp-image-5283\" \/><\/a>   <a href=\"http:\/\/www.incipe.org\/wp-content\/uploads\/2017\/07\/DSC_2695.jpg\"><img decoding=\"async\" src=\"http:\/\/www.incipe.org\/wp-content\/uploads\/2017\/07\/DSC_2695-300x225.jpg\" alt=\"DSC_2695\" width=\"300\" height=\"225\" class=\"alignnone size-medium wp-image-5281\" \/><\/a>   <a href=\"http:\/\/www.incipe.org\/wp-content\/uploads\/2017\/07\/DSC_2707.jpg\"><img decoding=\"async\" src=\"http:\/\/www.incipe.org\/wp-content\/uploads\/2017\/07\/DSC_2707-300x225.jpg\" alt=\"DSC_2707\" width=\"300\" height=\"225\" class=\"alignnone size-medium wp-image-5282\" \/><\/a><\/p>\n<p><!--:--><\/p>\n","protected":false},"excerpt":{"rendered":"<p>El 23 de junio 2017, Incipe celebr\u00f3 un Desayuno de Trabajo bajo el t\u00edtulo Pol\u00edtica de la UE hacia el Sahel. Para ello se cont\u00f3 con la participaci\u00f3n de \u00c1ngel [&hellip;]<\/p>\n","protected":false},"author":3,"featured_media":5281,"comment_status":"closed","ping_status":"closed","sticky":false,"template":"","format":"standard","meta":{"_acf_changed":false,"footnotes":""},"categories":[27],"tags":[],"class_list":["post-5277","post","type-post","status-publish","format-standard","has-post-thumbnail","hentry","category-desayunos-de-trabajo"],"acf":[],"_links":{"self":[{"href":"https:\/\/fundacionincipe.com\/index.php\/wp-json\/wp\/v2\/posts\/5277","targetHints":{"allow":["GET"]}}],"collection":[{"href":"https:\/\/fundacionincipe.com\/index.php\/wp-json\/wp\/v2\/posts"}],"about":[{"href":"https:\/\/fundacionincipe.com\/index.php\/wp-json\/wp\/v2\/types\/post"}],"author":[{"embeddable":true,"href":"https:\/\/fundacionincipe.com\/index.php\/wp-json\/wp\/v2\/users\/3"}],"replies":[{"embeddable":true,"href":"https:\/\/fundacionincipe.com\/index.php\/wp-json\/wp\/v2\/comments?post=5277"}],"version-history":[{"count":0,"href":"https:\/\/fundacionincipe.com\/index.php\/wp-json\/wp\/v2\/posts\/5277\/revisions"}],"wp:featuredmedia":[{"embeddable":true,"href":"https:\/\/fundacionincipe.com\/index.php\/wp-json\/"}],"wp:attachment":[{"href":"https:\/\/fundacionincipe.com\/index.php\/wp-json\/wp\/v2\/media?parent=5277"}],"wp:term":[{"taxonomy":"category","embeddable":true,"href":"https:\/\/fundacionincipe.com\/index.php\/wp-json\/wp\/v2\/categories?post=5277"},{"taxonomy":"post_tag","embeddable":true,"href":"https:\/\/fundacionincipe.com\/index.php\/wp-json\/wp\/v2\/tags?post=5277"}],"curies":[{"name":"wp","href":"https:\/\/api.w.org\/{rel}","templated":true}]}}