{"id":5232,"date":"2017-06-01T10:47:00","date_gmt":"2017-06-01T08:47:00","guid":{"rendered":"http:\/\/www.incipe.org\/?p=5232"},"modified":"2017-06-01T10:47:00","modified_gmt":"2017-06-01T08:47:00","slug":"francia-y-la-union-europea","status":"publish","type":"post","link":"https:\/\/fundacionincipe.com\/index.php\/2017\/06\/01\/francia-y-la-union-europea\/","title":{"rendered":"Francia y la Uni\u00f3n Europea"},"content":{"rendered":"<p><!--:es--><strong>INCIPE celebr\u00f3 el pasado 1 de junio de 2017 un Desayuno de Trabajo titulado <em>Francia y la Uni\u00f3n Europea, p<\/em>ara el que se cont\u00f3 con la participaci\u00f3n de Ram\u00f3n de Miguel y Egea, Embajador de Espa\u00f1a en Francia (2014-2017) y miembro del Patronato de INCIPE. Tambi\u00e9n se cont\u00f3 durante el encuentro con la participaci\u00f3n del Embajador de Francia en Espa\u00f1a, Yvez Saint-Geours.<\/strong><\/p>\n<p>La presencia de Francia en la Uni\u00f3n Europea ha sido uno de los temas centrales de las pasadas elecciones francesas, en las que finalmente Emmanuel Macron, firme defensor de la permanencia de Francia en la Uni\u00f3n Europea, ha resultado vencedor. Y es que la Uni\u00f3n Europea no puede disociarse de Francia, puesto que la concepci\u00f3n misma de la UE tiene su origen en este pa\u00eds. Gracias al esfuerzo realizado por los pa\u00edses que han ido integr\u00e1ndose paulatinamente en esta organizaci\u00f3n regional (\u00fanica en el mundo), se ha convertido en la <strong>primera potencia industrial y comercial del mundo<\/strong>. \u00a0Sin embargo, parece que, si\u00a0 bien los dirigentes y \u00e9lites gobernantes \u00a0europeos contin\u00faan impulsando la integraci\u00f3n de la UE, no han conseguido implantar estas ideas en su ciudadan\u00eda, para la que el mercado \u00fanico es algo intr\u00ednseco de su sistema y no pertenece a esa generaci\u00f3n que fue parte de la Europa de fronteras.<\/p>\n<p>En Francia este euroescepticismo viene de lejos, puesto que ya tras la ca\u00edda del muro de Berl\u00edn y la consecuente expansi\u00f3n de los l\u00edmites de la Uni\u00f3n, el pa\u00eds comenzaba perder la influencia con la que contaba y su visi\u00f3n sobre los beneficios de la integridad europea comenzaba a ponerse en duda. \u00a0La situaci\u00f3n actual no ha hecho m\u00e1s que agravar esta percepci\u00f3n: una econom\u00eda muy estatalizada, la excesiva influencia sindical o las altas cargas sociales a la agricultura o la industria han provocado una p\u00e9rdida en la competitividad que ha caracterizado a este pa\u00eds. Frente a esta coyuntura sus habitantes han encontrado en la Uni\u00f3n Europea su chivo expiatorio. En esta pasada campa\u00f1a electoral, hasta los partidos tradicionales como los republicanos o los socialistas se han mostrado tibios a la hora de defender su permanencia en la Uni\u00f3n Europea.<\/p>\n<p>Sin embargo, pese a las reticencias que puedan existir Francia ha elegido continuar respaldando la Uni\u00f3n Europea, convirtiendo a Emannuel Macron en Presidente de la Rep\u00fablica Francesa. \u00c9ste europe\u00edsta ac\u00e9rrimo ya ha realizado los primeros pasos que refuerzan esta idea como reafirmar el pacto franco-alem\u00e1n o manifestar su deseo de <strong>reforzar el mercado com\u00fan europeo frente a mercados internacionales<\/strong>. Sin duda, \u00e9ste hecho supone un triunfo de los defensores de una Europa unida y Francia recupera y refuerza as\u00ed el liderazgo de la UE. Este es un aspecto fundamental para Espa\u00f1a, siendo \u00e9ste pa\u00eds el primer aliado de su vecino franc\u00e9s y el segundo socio comercial por detr\u00e1s de Alemania.<\/p>\n<p>El Desayuno de Trabajo se clausur\u00f3 con un turno de preguntas en el que se han debatido cuestiones como las causas del extremismo isl\u00e1mico en Francia, el poder de los sindicatos en Francia o los posibles resultados de las pr\u00f3ximas elecciones legislativas de junio.<\/p>\n<p>&nbsp;<\/p>\n<p>Helena Arrizabalaga<br \/>\nINCIPE<\/p>\n<p>&nbsp;<\/p>\n<p>&nbsp;<\/p>\n<p>&nbsp;<!--:--><\/p>\n","protected":false},"excerpt":{"rendered":"<p>INCIPE celebr\u00f3 el pasado 1 de junio de 2017 un Desayuno de Trabajo titulado Francia y la Uni\u00f3n Europea, para el que se cont\u00f3 con la participaci\u00f3n de Ram\u00f3n de [&hellip;]<\/p>\n","protected":false},"author":3,"featured_media":5233,"comment_status":"closed","ping_status":"closed","sticky":false,"template":"","format":"standard","meta":{"_acf_changed":false,"footnotes":""},"categories":[27],"tags":[],"class_list":["post-5232","post","type-post","status-publish","format-standard","has-post-thumbnail","hentry","category-desayunos-de-trabajo"],"acf":[],"_links":{"self":[{"href":"https:\/\/fundacionincipe.com\/index.php\/wp-json\/wp\/v2\/posts\/5232","targetHints":{"allow":["GET"]}}],"collection":[{"href":"https:\/\/fundacionincipe.com\/index.php\/wp-json\/wp\/v2\/posts"}],"about":[{"href":"https:\/\/fundacionincipe.com\/index.php\/wp-json\/wp\/v2\/types\/post"}],"author":[{"embeddable":true,"href":"https:\/\/fundacionincipe.com\/index.php\/wp-json\/wp\/v2\/users\/3"}],"replies":[{"embeddable":true,"href":"https:\/\/fundacionincipe.com\/index.php\/wp-json\/wp\/v2\/comments?post=5232"}],"version-history":[{"count":0,"href":"https:\/\/fundacionincipe.com\/index.php\/wp-json\/wp\/v2\/posts\/5232\/revisions"}],"wp:featuredmedia":[{"embeddable":true,"href":"https:\/\/fundacionincipe.com\/index.php\/wp-json\/"}],"wp:attachment":[{"href":"https:\/\/fundacionincipe.com\/index.php\/wp-json\/wp\/v2\/media?parent=5232"}],"wp:term":[{"taxonomy":"category","embeddable":true,"href":"https:\/\/fundacionincipe.com\/index.php\/wp-json\/wp\/v2\/categories?post=5232"},{"taxonomy":"post_tag","embeddable":true,"href":"https:\/\/fundacionincipe.com\/index.php\/wp-json\/wp\/v2\/tags?post=5232"}],"curies":[{"name":"wp","href":"https:\/\/api.w.org\/{rel}","templated":true}]}}