{"id":5114,"date":"2017-02-14T14:18:17","date_gmt":"2017-02-14T13:18:17","guid":{"rendered":"http:\/\/www.incipe.org\/?p=5114"},"modified":"2017-02-14T14:18:17","modified_gmt":"2017-02-14T13:18:17","slug":"peru-y-la-alianza-del-pacifico-perspectivas-actuales","status":"publish","type":"post","link":"https:\/\/fundacionincipe.com\/index.php\/2017\/02\/14\/peru-y-la-alianza-del-pacifico-perspectivas-actuales\/","title":{"rendered":"Per\u00fa y la Alianza del Pac\u00edfico. Perspectivas actuales"},"content":{"rendered":"<p><!--:es--><strong>INCIPE celebr\u00f3 el pasado 14 de febrero de 2017 un Desayuno de Trabajo bajo el t\u00edtulo <em>Per\u00fa y la Alianza del Pac\u00edfico: Perspectivas actuales<\/em>. Para dicho encuentro se cont\u00f3 con la participaci\u00f3n de Jos\u00e9 Antonio Garc\u00eda Belaunde, Embajador de Per\u00fa en Espa\u00f1a y Ex Ministro de Relaciones Exteriores<\/strong>.<\/p>\n<p>Per\u00fa ha oscilado hist\u00f3ricamente entre periodos econ\u00f3micos <em>dirigistas <\/em>y periodos econ\u00f3micos m\u00e1s libres y orientados al libre comercio. Durante los a\u00f1os setenta el pa\u00eds se embarc\u00f3 en un proceso de orientaci\u00f3n hacia una econom\u00eda dirigista, en la que el peso del Estado en el comercio y en la econom\u00eda era muy elevado. Llegados los a\u00f1os ochenta y a ra\u00edz de la crisis de deuda que afect\u00f3 a toda la regi\u00f3n se produjo un periodo de t\u00edmida apertura econ\u00f3mica aunque agrav\u00f3 la fallida integraci\u00f3n regional.<\/p>\n<p>El punto clave para el continente sin embargo surgi\u00f3 en los a\u00f1os noventa, cuando la aparici\u00f3n del Bolivarianismo plante\u00f3 un nuevo esquema de divisiones en la regi\u00f3n, que a partir de ese momento qued\u00f3 dividida en dos bandos. Es en este contexto, tras la emergencia del Bolivarianismo en la zona que los distintos pa\u00edses se vieron obligados a tomar una decisi\u00f3n; la primera opci\u00f3n era el retorno al proteccionismo de los a\u00f1os sesenta y setenta, mientras que la segunda opci\u00f3n era abrazar la globalizaci\u00f3n. Esta divisi\u00f3n entre proteccionistas y librecambistas cambi\u00f3 por completo las interacciones entre los pa\u00edses de la regi\u00f3n. Hasta ese momento las relaciones entre los pa\u00edses en la zona hab\u00edan estado basadas en la vecindad, y en adelante se basar\u00edan en la afinidad.<\/p>\n<p>En este <strong>contexto de relaciones de afinidad surgi\u00f3 la Alianza del Pac\u00edfico (AP)<\/strong>, que podr\u00edamos definir como un acuerdo de libre comercio con aspiraciones a convertirse en un mercado com\u00fan. La Alianza del Pac\u00edfico carece de una institucionalidad propiamente dicha, lo que hace que sea una <strong>organizaci\u00f3n muy flexible y adaptable<\/strong>. Los pa\u00edses de la Alianza han sido siempre muy renuentes a instaurar procesos de institucionalizaci\u00f3n, considerando que el esquema actual de la organizaci\u00f3n es el que m\u00e1s futuro tiene.<\/p>\n<p>Ante la posibilidad de abrirse a otros pa\u00edses, no se considera oportuno abrirse a pa\u00edses sin tradici\u00f3n aperturista, como los pa\u00edses del Mercosur. El MercosurR tiene un marcado car\u00e1cter proteccionista por lo que no se ve con buenos ojos la integraci\u00f3n entre ambos. Sin embargo, s\u00ed se considera como positivo el papel de UNASUR, consider\u00e1ndolo como un espacio de concentraci\u00f3n pol\u00edtica para conseguir articular America Latina.<\/p>\n<p>En lo referente a Per\u00fa podemos considerar que, tras pasar dificultades econ\u00f3micas en el pasado (hiperinflaci\u00f3n, guerras arancelarias o subsidios indiscriminados) se encuentra actualmente en un periodo de bonanza econ\u00f3mica cuya <strong>econom\u00eda lleva creciendo de forma ininterrumpida 16 a\u00f1os<\/strong>. El pa\u00eds ha conseguido crear una vigorosa clase media y es estable pol\u00edticamente, prueba de ello es la <strong>intenci\u00f3n de formar parte de la OCDE antes del a\u00f1o 2021<\/strong>. Por otro lado, contin\u00faa presentando dificultades, sobre todo en el \u00e1mbito de unas instituciones y la dificultad del pa\u00eds para proveer de forma adecuada algunos servicios b\u00e1sicos como la presteza de la justicia o la seguridad ciudadana.<\/p>\n<p>Al final del encuentro se abri\u00f3 el turno de preguntas d\u00f3nde se debatieron temas c\u00f3mo el Fujimorismo, el nuevo paradigma regional tras la elecci\u00f3n de Trump, la lucha contra el terrorismo y el narcotr\u00e1fico, la relaci\u00f3n entre Brasil y Per\u00fa o el tratado TPP. <\/p>\n<p>Carlos Farr\u00e9<br \/>\nINCIPE<\/p>\n<p><a href=\"http:\/\/www.incipe.org\/wp-content\/uploads\/2017\/02\/DSC_0301.jpg\"><img fetchpriority=\"high\" decoding=\"async\" src=\"http:\/\/www.incipe.org\/wp-content\/uploads\/2017\/02\/DSC_0301-300x195.jpg\" alt=\"DSC_0301\" width=\"300\" height=\"195\" class=\"alignnone size-medium wp-image-5112\" \/><\/a>   <a href=\"http:\/\/www.incipe.org\/wp-content\/uploads\/2017\/02\/DSC_0312.jpg\"><img decoding=\"async\" src=\"http:\/\/www.incipe.org\/wp-content\/uploads\/2017\/02\/DSC_0312-300x195.jpg\" alt=\"DSC_0312\" width=\"300\" height=\"195\" class=\"alignnone size-medium wp-image-5113\" \/><\/a><!--:--><\/p>\n","protected":false},"excerpt":{"rendered":"<p>INCIPE celebr\u00f3 el pasado 14 de febrero de 2017 un Desayuno de Trabajo bajo el t\u00edtulo Per\u00fa y la Alianza del Pac\u00edfico: Perspectivas actuales. Para dicho encuentro se cont\u00f3 con [&hellip;]<\/p>\n","protected":false},"author":3,"featured_media":5112,"comment_status":"closed","ping_status":"closed","sticky":false,"template":"","format":"standard","meta":{"_acf_changed":false,"footnotes":""},"categories":[27],"tags":[],"class_list":["post-5114","post","type-post","status-publish","format-standard","has-post-thumbnail","hentry","category-desayunos-de-trabajo"],"acf":[],"_links":{"self":[{"href":"https:\/\/fundacionincipe.com\/index.php\/wp-json\/wp\/v2\/posts\/5114","targetHints":{"allow":["GET"]}}],"collection":[{"href":"https:\/\/fundacionincipe.com\/index.php\/wp-json\/wp\/v2\/posts"}],"about":[{"href":"https:\/\/fundacionincipe.com\/index.php\/wp-json\/wp\/v2\/types\/post"}],"author":[{"embeddable":true,"href":"https:\/\/fundacionincipe.com\/index.php\/wp-json\/wp\/v2\/users\/3"}],"replies":[{"embeddable":true,"href":"https:\/\/fundacionincipe.com\/index.php\/wp-json\/wp\/v2\/comments?post=5114"}],"version-history":[{"count":0,"href":"https:\/\/fundacionincipe.com\/index.php\/wp-json\/wp\/v2\/posts\/5114\/revisions"}],"wp:featuredmedia":[{"embeddable":true,"href":"https:\/\/fundacionincipe.com\/index.php\/wp-json\/"}],"wp:attachment":[{"href":"https:\/\/fundacionincipe.com\/index.php\/wp-json\/wp\/v2\/media?parent=5114"}],"wp:term":[{"taxonomy":"category","embeddable":true,"href":"https:\/\/fundacionincipe.com\/index.php\/wp-json\/wp\/v2\/categories?post=5114"},{"taxonomy":"post_tag","embeddable":true,"href":"https:\/\/fundacionincipe.com\/index.php\/wp-json\/wp\/v2\/tags?post=5114"}],"curies":[{"name":"wp","href":"https:\/\/api.w.org\/{rel}","templated":true}]}}