{"id":4937,"date":"2016-10-24T15:46:43","date_gmt":"2016-10-24T13:46:43","guid":{"rendered":"http:\/\/www.incipe.org\/?p=4937"},"modified":"2024-11-22T10:37:50","modified_gmt":"2024-11-22T10:37:50","slug":"united-states-presidential-elections","status":"publish","type":"post","link":"https:\/\/fundacionincipe.com\/index.php\/2016\/10\/24\/united-states-presidential-elections\/","title":{"rendered":"United States Presidential Elections"},"content":{"rendered":"<p>El encuentro tuvo lugar en un momento crucial, ya que las elecciones presidenciales de Estados Unidos de 2016 se celebran en el mes de noviembre. Los ponentes ofrecieron un an\u00e1lisis detallado de la campa\u00f1a electoral, los principales candidatos y los temas clave que estaban marcando el debate p\u00fablico en ese entonces. Ambos ponentes, con una amplia experiencia pol\u00edtica en la C\u00e1mara de Representantes de EE.UU., ofrecieron perspectivas valiosas sobre el panorama pol\u00edtico estadounidense y las implicaciones de la elecci\u00f3n para las relaciones internacionales y la pol\u00edtica global.<\/p>\n<p>Durante la discusi\u00f3n, se abordaron aspectos como las <strong>tensiones internas en los partidos pol\u00edticos, el impacto de los medios de comunicaci\u00f3n<\/strong> en la percepci\u00f3n p\u00fablica de los candidatos, y el papel de Estados Unidos en el contexto internacional. Adem\u00e1s, se debati\u00f3 sobre las posibles consecuencias de las elecciones para Am\u00e9rica Latina, Europa y otras regiones del mundo, dado el papel central de Estados Unidos en la pol\u00edtica global.<\/p>\n<p>El evento permiti\u00f3 a los asistentes comprender mejor las din\u00e1micas de la pol\u00edtica estadounidense en un momento de gran polarizaci\u00f3n y expectativas internacionales, y ofreci\u00f3 una oportunidad \u00fanica para interactuar con dos expertos que hab\u00edan sido testigos de primera mano de la evoluci\u00f3n pol\u00edtica de su pa\u00eds.<\/p>\n<p>Este Desayuno de Trabajo se enmarca dentro de las actividades organizadas por INCIPE para promover el an\u00e1lisis y el debate sobre temas clave de la pol\u00edtica internacional, proporcionando un espacio para el intercambio de ideas entre expertos, acad\u00e9micos, diplom\u00e1ticos y actores del \u00e1mbito pol\u00edtico.<\/p>\n","protected":false},"excerpt":{"rendered":"<p>El encuentro tuvo lugar en un momento crucial, ya que las elecciones presidenciales de Estados Unidos de 2016 se celebran en el mes de noviembre. Los ponentes ofrecieron un an\u00e1lisis [&hellip;]<\/p>\n","protected":false},"author":3,"featured_media":19140,"comment_status":"closed","ping_status":"closed","sticky":false,"template":"","format":"standard","meta":{"_acf_changed":false,"footnotes":""},"categories":[8],"tags":[],"class_list":["post-4937","post","type-post","status-publish","format-standard","has-post-thumbnail","hentry","category-conferencias-y-seminarios"],"acf":[],"_links":{"self":[{"href":"https:\/\/fundacionincipe.com\/index.php\/wp-json\/wp\/v2\/posts\/4937","targetHints":{"allow":["GET"]}}],"collection":[{"href":"https:\/\/fundacionincipe.com\/index.php\/wp-json\/wp\/v2\/posts"}],"about":[{"href":"https:\/\/fundacionincipe.com\/index.php\/wp-json\/wp\/v2\/types\/post"}],"author":[{"embeddable":true,"href":"https:\/\/fundacionincipe.com\/index.php\/wp-json\/wp\/v2\/users\/3"}],"replies":[{"embeddable":true,"href":"https:\/\/fundacionincipe.com\/index.php\/wp-json\/wp\/v2\/comments?post=4937"}],"version-history":[{"count":1,"href":"https:\/\/fundacionincipe.com\/index.php\/wp-json\/wp\/v2\/posts\/4937\/revisions"}],"predecessor-version":[{"id":19141,"href":"https:\/\/fundacionincipe.com\/index.php\/wp-json\/wp\/v2\/posts\/4937\/revisions\/19141"}],"wp:featuredmedia":[{"embeddable":true,"href":"https:\/\/fundacionincipe.com\/index.php\/wp-json\/wp\/v2\/media\/19140"}],"wp:attachment":[{"href":"https:\/\/fundacionincipe.com\/index.php\/wp-json\/wp\/v2\/media?parent=4937"}],"wp:term":[{"taxonomy":"category","embeddable":true,"href":"https:\/\/fundacionincipe.com\/index.php\/wp-json\/wp\/v2\/categories?post=4937"},{"taxonomy":"post_tag","embeddable":true,"href":"https:\/\/fundacionincipe.com\/index.php\/wp-json\/wp\/v2\/tags?post=4937"}],"curies":[{"name":"wp","href":"https:\/\/api.w.org\/{rel}","templated":true}]}}