{"id":4932,"date":"2016-10-11T13:38:29","date_gmt":"2016-10-11T11:38:29","guid":{"rendered":"http:\/\/www.incipe.org\/?p=4932"},"modified":"2024-11-27T10:23:15","modified_gmt":"2024-11-27T10:23:15","slug":"espana-y-el-magreb","status":"publish","type":"post","link":"https:\/\/fundacionincipe.com\/index.php\/2016\/10\/11\/espana-y-el-magreb\/","title":{"rendered":"Espa\u00f1a y el Magreb"},"content":{"rendered":"<p><!--:es--><\/p>\n<p>Durante su intervenci\u00f3n, Eva Mart\u00ednez destac\u00f3 que la relaci\u00f3n entre Espa\u00f1a y el Magreb trasciende las circunstancias coyunturales, estando cimentada en intereses estrat\u00e9gicos y una interdependencia que abarca m\u00faltiples \u00e1mbitos. Subray\u00f3 que <strong>Espa\u00f1a ha mantenido un inter\u00e9s constante en la regi\u00f3n<\/strong>, independientemente de los desaf\u00edos o tensiones que puedan surgir, lo que refleja la naturaleza estructural de estos lazos.<\/p>\n<p>La ponente se\u00f1al\u00f3 los pilares fundamentales de esta relaci\u00f3n, entre los que se encuentran la cooperaci\u00f3n econ\u00f3mica. Adem\u00e1s, destac\u00f3 la <strong>importante colaboraci\u00f3n en materia de seguridad<\/strong>, particularmente en la lucha contra el terrorismo y el control de los flujos migratorios.<\/p>\n<p>El evento tambi\u00e9n ofreci\u00f3 un espacio para debatir sobre los retos actuales en la regi\u00f3n del Magreb, incluidos los efectos de la inestabilidad pol\u00edtica en pa\u00edses vecinos, las oportunidades de desarrollo econ\u00f3mico en un contexto globalizado y las implicaciones de estos factores para las relaciones bilaterales y multilaterales de Espa\u00f1a.<\/p>\n<p><!--:--><\/p>\n","protected":false},"excerpt":{"rendered":"<p>Durante su intervenci\u00f3n, Eva Mart\u00ednez destac\u00f3 que la relaci\u00f3n entre Espa\u00f1a y el Magreb trasciende las circunstancias coyunturales, estando cimentada en intereses estrat\u00e9gicos y una interdependencia que abarca m\u00faltiples \u00e1mbitos. [&hellip;]<\/p>\n","protected":false},"author":3,"featured_media":19144,"comment_status":"closed","ping_status":"closed","sticky":false,"template":"","format":"standard","meta":{"_acf_changed":false,"footnotes":""},"categories":[8],"tags":[],"class_list":["post-4932","post","type-post","status-publish","format-standard","has-post-thumbnail","hentry","category-conferencias-y-seminarios"],"acf":[],"_links":{"self":[{"href":"https:\/\/fundacionincipe.com\/index.php\/wp-json\/wp\/v2\/posts\/4932","targetHints":{"allow":["GET"]}}],"collection":[{"href":"https:\/\/fundacionincipe.com\/index.php\/wp-json\/wp\/v2\/posts"}],"about":[{"href":"https:\/\/fundacionincipe.com\/index.php\/wp-json\/wp\/v2\/types\/post"}],"author":[{"embeddable":true,"href":"https:\/\/fundacionincipe.com\/index.php\/wp-json\/wp\/v2\/users\/3"}],"replies":[{"embeddable":true,"href":"https:\/\/fundacionincipe.com\/index.php\/wp-json\/wp\/v2\/comments?post=4932"}],"version-history":[{"count":3,"href":"https:\/\/fundacionincipe.com\/index.php\/wp-json\/wp\/v2\/posts\/4932\/revisions"}],"predecessor-version":[{"id":19148,"href":"https:\/\/fundacionincipe.com\/index.php\/wp-json\/wp\/v2\/posts\/4932\/revisions\/19148"}],"wp:featuredmedia":[{"embeddable":true,"href":"https:\/\/fundacionincipe.com\/index.php\/wp-json\/wp\/v2\/media\/19144"}],"wp:attachment":[{"href":"https:\/\/fundacionincipe.com\/index.php\/wp-json\/wp\/v2\/media?parent=4932"}],"wp:term":[{"taxonomy":"category","embeddable":true,"href":"https:\/\/fundacionincipe.com\/index.php\/wp-json\/wp\/v2\/categories?post=4932"},{"taxonomy":"post_tag","embeddable":true,"href":"https:\/\/fundacionincipe.com\/index.php\/wp-json\/wp\/v2\/tags?post=4932"}],"curies":[{"name":"wp","href":"https:\/\/api.w.org\/{rel}","templated":true}]}}