{"id":4906,"date":"2016-10-04T11:23:35","date_gmt":"2016-10-04T09:23:35","guid":{"rendered":"http:\/\/www.incipe.org\/?p=4906"},"modified":"2024-11-27T10:28:51","modified_gmt":"2024-11-27T10:28:51","slug":"afganistan-en-el-abismo","status":"publish","type":"post","link":"https:\/\/fundacionincipe.com\/index.php\/2016\/10\/04\/afganistan-en-el-abismo\/","title":{"rendered":"Afganist\u00e1n, en el abismo"},"content":{"rendered":"\n<p>Desde finales de los a\u00f1os 70, Afganist\u00e1n ha estado atrapado en un ciclo constante de guerras y conflictos armados que han devastado al pa\u00eds y a su poblaci\u00f3n. Aunque sigue enfrentando una crisis humanitaria y de seguridad, la <strong>atenci\u00f3n de la comunidad internacional se ha desviado hacia otras regiones igualmente castigadas<\/strong>. Con el progresivo retiro de las tropas internacionales, la situaci\u00f3n de seguridad en el pa\u00eds se ha deteriorado gravemente, quedando las fuerzas de seguridad afganas incapaces de contener el avance de los grupos insurgentes. Solo durante el pasado mes de julio, m\u00e1s de 900 personas perdieron la vida en enfrentamientos con los talibanes.<\/p>\n\n\n\n<p>En los \u00faltimos a\u00f1os, <strong>Kabul ha sufrido una transformaci\u00f3n dr\u00e1stica debido a los recurrentes atentados<\/strong>, que han convertido antiguas zonas seguras en \u00e1reas de alto riesgo. La presencia de periodistas extranjeros y trabajadores de ONGs ha disminuido casi por completo, y el riesgo de secuestros ha aumentado de forma alarmante en todo el territorio. Viajar entre ciudades se ha vuelto extremadamente peligroso, lo que refleja la cr\u00edtica situaci\u00f3n del pa\u00eds. Estas condiciones han llevado a que <strong>Afganist\u00e1n sea el segundo pa\u00eds del mundo con mayor n\u00famero de refugiados.<\/strong><\/p>\n\n\n\n<p>El Desayuno de Trabajo reuni\u00f3 a participantes de diversos sectores, entre ellos miembros del cuerpo diplom\u00e1tico, <em>think tanks<\/em>, acad\u00e9micos, militares y representantes de cuerpos y fuerzas de seguridad. Durante el encuentro, se discutieron temas clave, como la retirada de las tropas internacionales y el papel de Pakist\u00e1n en el conflicto afgano. La sesi\u00f3n concluy\u00f3 con un enriquecedor turno de intervenciones entre los asistentes, en el que se abordaron estas cuestiones desde m\u00faltiples perspectivas, generando un debate constructivo sobre los retos y posibles soluciones para el futuro de Afganist\u00e1n.<\/p>\n\n\n\n<p>Aranzazu \u00c1lvarez<br>INCIPE<\/p>\n\n\n\n<figure class=\"wp-block-gallery has-nested-images columns-default is-cropped wp-block-gallery-1 is-layout-flex wp-block-gallery-is-layout-flex\">\n<figure data-wp-context=\"{&quot;imageId&quot;:&quot;69f26594e6bb6&quot;}\" data-wp-interactive=\"core\/image\" class=\"wp-block-image size-large wp-lightbox-container\"><img fetchpriority=\"high\" decoding=\"async\" width=\"1024\" height=\"768\" data-wp-class--hide=\"state.isContentHidden\" data-wp-class--show=\"state.isContentVisible\" data-wp-init=\"callbacks.setButtonStyles\" data-wp-on-async--click=\"actions.showLightbox\" data-wp-on-async--load=\"callbacks.setButtonStyles\" data-wp-on-async-window--resize=\"callbacks.setButtonStyles\" data-id=\"19150\" src=\"https:\/\/fundacionincipe.com\/wp-content\/uploads\/2024\/11\/DSC_7482-1024x768.jpg\" alt=\"\" class=\"wp-image-19150\" srcset=\"https:\/\/fundacionincipe.com\/wp-content\/uploads\/2024\/11\/DSC_7482-1024x768.jpg 1024w, https:\/\/fundacionincipe.com\/wp-content\/uploads\/2024\/11\/DSC_7482-300x225.jpg 300w, https:\/\/fundacionincipe.com\/wp-content\/uploads\/2024\/11\/DSC_7482-768x576.jpg 768w, https:\/\/fundacionincipe.com\/wp-content\/uploads\/2024\/11\/DSC_7482.jpg 1417w\" sizes=\"(max-width: 1024px) 100vw, 1024px\" \/><button\n\t\t\tclass=\"lightbox-trigger\"\n\t\t\ttype=\"button\"\n\t\t\taria-haspopup=\"dialog\"\n\t\t\taria-label=\"Ampliar la imagen\"\n\t\t\tdata-wp-init=\"callbacks.initTriggerButton\"\n\t\t\tdata-wp-on-async--click=\"actions.showLightbox\"\n\t\t\tdata-wp-style--right=\"state.imageButtonRight\"\n\t\t\tdata-wp-style--top=\"state.imageButtonTop\"\n\t\t>\n\t\t\t<svg xmlns=\"http:\/\/www.w3.org\/2000\/svg\" width=\"12\" height=\"12\" fill=\"none\" viewBox=\"0 0 12 12\">\n\t\t\t\t<path fill=\"#fff\" d=\"M2 0a2 2 0 0 0-2 2v2h1.5V2a.5.5 0 0 1 .5-.5h2V0H2Zm2 10.5H2a.5.5 0 0 1-.5-.5V8H0v2a2 2 0 0 0 2 2h2v-1.5ZM8 12v-1.5h2a.5.5 0 0 0 .5-.5V8H12v2a2 2 0 0 1-2 2H8Zm2-12a2 2 0 0 1 2 2v2h-1.5V2a.5.5 0 0 0-.5-.5H8V0h2Z\" \/>\n\t\t\t<\/svg>\n\t\t<\/button><\/figure>\n\n\n\n<figure data-wp-context=\"{&quot;imageId&quot;:&quot;69f26594e7028&quot;}\" data-wp-interactive=\"core\/image\" class=\"wp-block-image size-large wp-lightbox-container\"><img decoding=\"async\" width=\"1024\" height=\"717\" data-wp-class--hide=\"state.isContentHidden\" data-wp-class--show=\"state.isContentVisible\" data-wp-init=\"callbacks.setButtonStyles\" data-wp-on-async--click=\"actions.showLightbox\" data-wp-on-async--load=\"callbacks.setButtonStyles\" data-wp-on-async-window--resize=\"callbacks.setButtonStyles\" data-id=\"19151\" src=\"https:\/\/fundacionincipe.com\/wp-content\/uploads\/2024\/11\/DSC_7504-1024x717.jpg\" alt=\"\" class=\"wp-image-19151\" srcset=\"https:\/\/fundacionincipe.com\/wp-content\/uploads\/2024\/11\/DSC_7504-1024x717.jpg 1024w, https:\/\/fundacionincipe.com\/wp-content\/uploads\/2024\/11\/DSC_7504-300x210.jpg 300w, https:\/\/fundacionincipe.com\/wp-content\/uploads\/2024\/11\/DSC_7504-768x538.jpg 768w, https:\/\/fundacionincipe.com\/wp-content\/uploads\/2024\/11\/DSC_7504.jpg 1417w\" sizes=\"(max-width: 1024px) 100vw, 1024px\" \/><button\n\t\t\tclass=\"lightbox-trigger\"\n\t\t\ttype=\"button\"\n\t\t\taria-haspopup=\"dialog\"\n\t\t\taria-label=\"Ampliar la imagen\"\n\t\t\tdata-wp-init=\"callbacks.initTriggerButton\"\n\t\t\tdata-wp-on-async--click=\"actions.showLightbox\"\n\t\t\tdata-wp-style--right=\"state.imageButtonRight\"\n\t\t\tdata-wp-style--top=\"state.imageButtonTop\"\n\t\t>\n\t\t\t<svg xmlns=\"http:\/\/www.w3.org\/2000\/svg\" width=\"12\" height=\"12\" fill=\"none\" viewBox=\"0 0 12 12\">\n\t\t\t\t<path fill=\"#fff\" d=\"M2 0a2 2 0 0 0-2 2v2h1.5V2a.5.5 0 0 1 .5-.5h2V0H2Zm2 10.5H2a.5.5 0 0 1-.5-.5V8H0v2a2 2 0 0 0 2 2h2v-1.5ZM8 12v-1.5h2a.5.5 0 0 0 .5-.5V8H12v2a2 2 0 0 1-2 2H8Zm2-12a2 2 0 0 1 2 2v2h-1.5V2a.5.5 0 0 0-.5-.5H8V0h2Z\" \/>\n\t\t\t<\/svg>\n\t\t<\/button><\/figure>\n<\/figure>\n","protected":false},"excerpt":{"rendered":"<p>Desde finales de los a\u00f1os 70, Afganist\u00e1n ha estado atrapado en un ciclo constante de guerras y conflictos armados que han devastado al pa\u00eds y a su poblaci\u00f3n. Aunque sigue [&hellip;]<\/p>\n","protected":false},"author":3,"featured_media":19150,"comment_status":"closed","ping_status":"closed","sticky":false,"template":"","format":"standard","meta":{"_acf_changed":false,"footnotes":""},"categories":[8],"tags":[],"class_list":["post-4906","post","type-post","status-publish","format-standard","has-post-thumbnail","hentry","category-conferencias-y-seminarios"],"acf":[],"_links":{"self":[{"href":"https:\/\/fundacionincipe.com\/index.php\/wp-json\/wp\/v2\/posts\/4906","targetHints":{"allow":["GET"]}}],"collection":[{"href":"https:\/\/fundacionincipe.com\/index.php\/wp-json\/wp\/v2\/posts"}],"about":[{"href":"https:\/\/fundacionincipe.com\/index.php\/wp-json\/wp\/v2\/types\/post"}],"author":[{"embeddable":true,"href":"https:\/\/fundacionincipe.com\/index.php\/wp-json\/wp\/v2\/users\/3"}],"replies":[{"embeddable":true,"href":"https:\/\/fundacionincipe.com\/index.php\/wp-json\/wp\/v2\/comments?post=4906"}],"version-history":[{"count":2,"href":"https:\/\/fundacionincipe.com\/index.php\/wp-json\/wp\/v2\/posts\/4906\/revisions"}],"predecessor-version":[{"id":19153,"href":"https:\/\/fundacionincipe.com\/index.php\/wp-json\/wp\/v2\/posts\/4906\/revisions\/19153"}],"wp:featuredmedia":[{"embeddable":true,"href":"https:\/\/fundacionincipe.com\/index.php\/wp-json\/wp\/v2\/media\/19150"}],"wp:attachment":[{"href":"https:\/\/fundacionincipe.com\/index.php\/wp-json\/wp\/v2\/media?parent=4906"}],"wp:term":[{"taxonomy":"category","embeddable":true,"href":"https:\/\/fundacionincipe.com\/index.php\/wp-json\/wp\/v2\/categories?post=4906"},{"taxonomy":"post_tag","embeddable":true,"href":"https:\/\/fundacionincipe.com\/index.php\/wp-json\/wp\/v2\/tags?post=4906"}],"curies":[{"name":"wp","href":"https:\/\/api.w.org\/{rel}","templated":true}]}}