{"id":4876,"date":"2016-07-19T12:42:00","date_gmt":"2016-07-19T10:42:00","guid":{"rendered":"http:\/\/www.incipe.org\/?p=4876"},"modified":"2024-11-27T10:40:40","modified_gmt":"2024-11-27T10:40:40","slug":"resultados-de-la-cumbre-de-la-otan-en-varsovia","status":"publish","type":"post","link":"https:\/\/fundacionincipe.com\/index.php\/2016\/07\/19\/resultados-de-la-cumbre-de-la-otan-en-varsovia\/","title":{"rendered":"Resultados de la Cumbre de la OTAN en Varsovia"},"content":{"rendered":"<p>Los d\u00edas 8 y 9 de julio de 2016 se ha celebrado la Cumbre bienal de la OTAN, cuyo anfitri\u00f3n ha sido Polonia. Durante los encuentro se ha abordado cuestiones fundamentales para la Alianza como la forma de p<strong>royectar estabilidad hacia el Este y el Sur y la situaci\u00f3n en Afganist\u00e1n<\/strong>. La Alianza, pese a los acontecimientos desestabilizadores que se han producido desde la anterior Cumbre, lanza un mensaje de unidad y cohesi\u00f3n, se\u00f1alando su capacidad de respuesta antes las posibles amenazas. En Varsovia se ha mostrado una Alianza reforzada, adaptada y adaptable a la diversidad de esfuerzos propios del actual contexto.<\/p>\n<p>Algunos de los principales ejes de trabajo durante la Cumbre han girado en torno al refuerzo de la postura de disuasi\u00f3n y defensa, la proyecci\u00f3n de estabilidad o el refuerzo de la cooperaci\u00f3n con la Uni\u00f3n Europea.<\/p>\n<p>A prop\u00f3sito de la cooperaci\u00f3n UE-OTAN, la UE ha se\u00f1alado su importante contribuci\u00f3n para el restablecimiento de la seguridad en Europa Oriental. Asimismo, la UE ha puesto de relieve su papel en la contenci\u00f3n de Daesh, su apoyo al gobierno de consenso nacional de Libia y el respaldo al fortalecimiento de la colaboraci\u00f3n entre la UE y el G-5 del Sahel. Ambos socios han firmado una <a title=\"OTAN\" href=\"http:\/\/www.nato.int\/cps\/en\/natohq\/official_texts_133169.htm?selectedLocale=en\" target=\"_blank\" rel=\"noopener\">declaraci\u00f3n conjunta<\/a> sobre la intensificaci\u00f3n de la cooperaci\u00f3n pr\u00e1ctica en determinados \u00e1mbitos.<\/p>\n<p>El Desayuno de Trabajo cont\u00f3 con la presencia de miembros de diversos sectores como cuerpo diplom\u00e1tico, thinks tanks, acad\u00e9micos, militares y representantes de cuerpos y fuerzas de seguridad, entre otros. Para finalizar el encuentro se dio paso a un turno de intervenciones entre los asistentes.<\/p>\n<p>Aranzazu \u00c1lvarez<br \/>\nINCIPE<\/p>\n<p><!--:--><\/p>\n","protected":false},"excerpt":{"rendered":"<p>Los d\u00edas 8 y 9 de julio de 2016 se ha celebrado la Cumbre bienal de la OTAN, cuyo anfitri\u00f3n ha sido Polonia. Durante los encuentro se ha abordado cuestiones [&hellip;]<\/p>\n","protected":false},"author":3,"featured_media":19163,"comment_status":"closed","ping_status":"closed","sticky":false,"template":"","format":"standard","meta":{"_acf_changed":false,"footnotes":""},"categories":[8,27],"tags":[],"class_list":["post-4876","post","type-post","status-publish","format-standard","has-post-thumbnail","hentry","category-conferencias-y-seminarios","category-desayunos-de-trabajo"],"acf":[],"_links":{"self":[{"href":"https:\/\/fundacionincipe.com\/index.php\/wp-json\/wp\/v2\/posts\/4876","targetHints":{"allow":["GET"]}}],"collection":[{"href":"https:\/\/fundacionincipe.com\/index.php\/wp-json\/wp\/v2\/posts"}],"about":[{"href":"https:\/\/fundacionincipe.com\/index.php\/wp-json\/wp\/v2\/types\/post"}],"author":[{"embeddable":true,"href":"https:\/\/fundacionincipe.com\/index.php\/wp-json\/wp\/v2\/users\/3"}],"replies":[{"embeddable":true,"href":"https:\/\/fundacionincipe.com\/index.php\/wp-json\/wp\/v2\/comments?post=4876"}],"version-history":[{"count":1,"href":"https:\/\/fundacionincipe.com\/index.php\/wp-json\/wp\/v2\/posts\/4876\/revisions"}],"predecessor-version":[{"id":19162,"href":"https:\/\/fundacionincipe.com\/index.php\/wp-json\/wp\/v2\/posts\/4876\/revisions\/19162"}],"wp:featuredmedia":[{"embeddable":true,"href":"https:\/\/fundacionincipe.com\/index.php\/wp-json\/wp\/v2\/media\/19163"}],"wp:attachment":[{"href":"https:\/\/fundacionincipe.com\/index.php\/wp-json\/wp\/v2\/media?parent=4876"}],"wp:term":[{"taxonomy":"category","embeddable":true,"href":"https:\/\/fundacionincipe.com\/index.php\/wp-json\/wp\/v2\/categories?post=4876"},{"taxonomy":"post_tag","embeddable":true,"href":"https:\/\/fundacionincipe.com\/index.php\/wp-json\/wp\/v2\/tags?post=4876"}],"curies":[{"name":"wp","href":"https:\/\/api.w.org\/{rel}","templated":true}]}}