{"id":4858,"date":"2016-07-05T13:57:15","date_gmt":"2016-07-05T11:57:15","guid":{"rendered":"http:\/\/www.incipe.org\/?p=4858"},"modified":"2024-11-27T10:42:28","modified_gmt":"2024-11-27T10:42:28","slug":"vision-eslovaca-para-europa-prioridades-para-la-presidencia-de-la-ue","status":"publish","type":"post","link":"https:\/\/fundacionincipe.com\/index.php\/2016\/07\/05\/vision-eslovaca-para-europa-prioridades-para-la-presidencia-de-la-ue\/","title":{"rendered":"Visi\u00f3n Eslovaca para Europa: Prioridades para la Presidencia de la UE"},"content":{"rendered":"<p><!--:es--><\/p>\n<p>La Presidencia de la Uni\u00f3n Europea durante el segundo semestre de 2016 la ostenta Eslovaquia, pa\u00eds que se enfrentar\u00e1 a importantes retos durante los siguientes meses. Tras la decisi\u00f3n de Reino Unido de abandonar la UE hay que trabajar en recuperar la confianza de los ciudadanos de la Uni\u00f3n, a trav\u00e9s de la b\u00fasqueda de soluciones responsables y sostenibles para todos los estados miembros. Eslovaquia se compromete a fomentar el di\u00e1logo y la cooperaci\u00f3n para alcanzar resultados tangibles que fortalezcan la Uni\u00f3n.<\/p>\n<p>La UE se enfrenta a importantes desaf\u00edo internos y externos y la Presidencia posee la <strong>responsabilidad de restaurar la confianza de los ciudadanos en el proyecto europeo<\/strong>. Eslovaquia se centrar\u00e1 en dos pilares fundamentales: <strong>agenda positiva y soluciones sostenibles<\/strong>, proporcionando una respuesta inmediata a los acontecimientos recientes y teniendo en cuenta la perspectiva a largo plazo. A trav\u00e9s de estos medios se pretende alcanzar el principal objetivo eslovaco: actuar como un intermediario justo y honesto en el cumplimiento de las prioridades estrat\u00e9gicas de la Uni\u00f3n Europea. Asimismo, se har\u00e1n frente a otras tres importantes cuestiones.<\/p>\n<p>&#8211; <strong>Resultados tangibles<\/strong>. Demostrar a los ciudadanos de la UE que los proyectos europeos conjuntos tienen un impacto real en t\u00e9rminos de mejorar su calidad de vida.<br \/>\n&#8211; <strong>Superaci\u00f3n de la fragmentaci\u00f3n<\/strong>. Trabajar para alcanzar resultados que ayudar\u00e1n a <em>conectar<\/em> a los Estados miembros en el mercado \u00fanico.<br \/>\n&#8211; <strong>Centrarse en el ciudadano<\/strong>. Entregar resultados concretos y superar la fragmentaci\u00f3n es la clave para acercar la UE a sus ciudadanos.<\/p>\n<p>A su vez, Eslovaquia ha basado su agenda en cuatro asuntos prioritarios para la Uni\u00f3n Europea.<\/p>\n<p><strong>1. Una Uni\u00f3n Europea econ\u00f3micamente fuerte<\/strong><br \/>\nLa Uni\u00f3n Econ\u00f3mica y Monetaria contin\u00faa construy\u00e9ndose y hay que trabajar para fortalecer el mercado com\u00fan de capitales. Es fundamental la creaci\u00f3n de empleo y promocionar que las peque\u00f1as y medianas empresas florezcan. Eslovaquia apoya la creaci\u00f3n de la Uni\u00f3n de Mercados de Capital con el fin de contribuir a la instauraci\u00f3n de un verdadero mercado \u00fanico de capitales entre los Estados miembros de la UE. A su vez propone finalizar el proceso de Uni\u00f3n Bancaria con el fin de estabilizar el sector bancario y garantizar que, tanto en la zona Euro como en la UE en su conjunto, sea seguro y fiable.<\/p>\n<p><strong>2. Moderno Mercado Com\u00fan<\/strong><br \/>\nEl Mercado Com\u00fan se considera uno de los m\u00e1s importantes logros de la Uni\u00f3n pero para aprovechar al m\u00e1ximo su potencial, debe adaptarse a las nuevas circunstancias. Eslovaquia incorpora dentro de sus prioridades la creaci\u00f3n de una Uni\u00f3n Energ\u00e9tica, cuya intenci\u00f3n es superar las divergencias que existen entre estados en esta materia.<\/p>\n<p><strong>3. Pol\u00edticas de migraci\u00f3n y asilo sostenibles<\/strong><br \/>\nEuropa se enfrenta a flujos migratorios sin precedentes que ejercen presi\u00f3n adicional en las fronteras exteriores. La ambici\u00f3n de la Presidencia es fomentar pol\u00edticas sostenibles de migraci\u00f3n y asilo de la UE bas\u00e1ndose en la protecci\u00f3n de las fronteras exteriores, la restauraci\u00f3n de la zona Schengen, la cooperaci\u00f3n con terceros pa\u00edses y la solidaridad.<\/p>\n<p><strong>4. Participaci\u00f3n de la UE en asuntos internacionales<\/strong><br \/>\nEl actual clima geopol\u00edtico hace fundamental un mayor compromiso global y unidad pol\u00edtica por parte de Uni\u00f3n, indispensable para promover la paz y la estabilidad en el mundo. Es objetivo com\u00fan de la UE proteger un orden internacional basado en el cumplimiento de las normas y est\u00e1ndares internacionales.<\/p>\n<p>El Desayuno de Trabajo cont\u00f3 con la presencia de miembros de diversos sectores como cuerpo diplom\u00e1tico, thinks tanks, acad\u00e9micos, militares y representantes de cuerpos y fuerzas de seguridad, entre otros. Para finalizar el encuentro se dio paso a un turno de intervenciones entre los asistentes.<\/p>\n<p>Aranzazu \u00c1lvarez<br \/>\nINCIPE<\/p>\n<p><!--:--><\/p>\n","protected":false},"excerpt":{"rendered":"<p>La Presidencia de la Uni\u00f3n Europea durante el segundo semestre de 2016 la ostenta Eslovaquia, pa\u00eds que se enfrentar\u00e1 a importantes retos durante los siguientes meses. Tras la decisi\u00f3n de [&hellip;]<\/p>\n","protected":false},"author":3,"featured_media":19164,"comment_status":"closed","ping_status":"closed","sticky":false,"template":"","format":"standard","meta":{"_acf_changed":false,"footnotes":""},"categories":[8],"tags":[],"class_list":["post-4858","post","type-post","status-publish","format-standard","has-post-thumbnail","hentry","category-conferencias-y-seminarios"],"acf":[],"_links":{"self":[{"href":"https:\/\/fundacionincipe.com\/index.php\/wp-json\/wp\/v2\/posts\/4858","targetHints":{"allow":["GET"]}}],"collection":[{"href":"https:\/\/fundacionincipe.com\/index.php\/wp-json\/wp\/v2\/posts"}],"about":[{"href":"https:\/\/fundacionincipe.com\/index.php\/wp-json\/wp\/v2\/types\/post"}],"author":[{"embeddable":true,"href":"https:\/\/fundacionincipe.com\/index.php\/wp-json\/wp\/v2\/users\/3"}],"replies":[{"embeddable":true,"href":"https:\/\/fundacionincipe.com\/index.php\/wp-json\/wp\/v2\/comments?post=4858"}],"version-history":[{"count":1,"href":"https:\/\/fundacionincipe.com\/index.php\/wp-json\/wp\/v2\/posts\/4858\/revisions"}],"predecessor-version":[{"id":19165,"href":"https:\/\/fundacionincipe.com\/index.php\/wp-json\/wp\/v2\/posts\/4858\/revisions\/19165"}],"wp:featuredmedia":[{"embeddable":true,"href":"https:\/\/fundacionincipe.com\/index.php\/wp-json\/wp\/v2\/media\/19164"}],"wp:attachment":[{"href":"https:\/\/fundacionincipe.com\/index.php\/wp-json\/wp\/v2\/media?parent=4858"}],"wp:term":[{"taxonomy":"category","embeddable":true,"href":"https:\/\/fundacionincipe.com\/index.php\/wp-json\/wp\/v2\/categories?post=4858"},{"taxonomy":"post_tag","embeddable":true,"href":"https:\/\/fundacionincipe.com\/index.php\/wp-json\/wp\/v2\/tags?post=4858"}],"curies":[{"name":"wp","href":"https:\/\/api.w.org\/{rel}","templated":true}]}}