{"id":4847,"date":"2016-06-16T13:30:22","date_gmt":"2016-06-16T11:30:22","guid":{"rendered":"http:\/\/www.incipe.org\/?p=4847"},"modified":"2024-11-27T10:45:54","modified_gmt":"2024-11-27T10:45:54","slug":"alemania-europa-y-el-desafio-de-los-refugiados","status":"publish","type":"post","link":"https:\/\/fundacionincipe.com\/index.php\/2016\/06\/16\/alemania-europa-y-el-desafio-de-los-refugiados\/","title":{"rendered":"Alemania, Europa y el Desaf\u00edo de los Refugiados"},"content":{"rendered":"<p><!--:es--><\/p>\n<p>Seg\u00fan el \u00faltimo informe publicado por Naciones Unidas,<strong> actualmente en el mundo m\u00e1s de 60 millones de personas se encuentran dentro del status de desplazado<\/strong>, lo que le define como una persona que se ha visto forzados a huir, incluso dentro de su propio pa\u00eds. Alemania es, entre los pa\u00edses del continente europeo, uno de los que presenta mayor n\u00famero de refugiados, cuyas cifras se encuentran muy por encima que el resto de sus vecinos. En el a\u00f1o 2015 el Estado <strong>Alem\u00e1n abri\u00f3 sus puertas a m\u00e1s de un mill\u00f3n de refugiados<\/strong> y solo en los primeros meses de 2016 esta cifra ya alcanzaba los 173.000, los cuales proceden principalmente de Siria, Somalia, Afganist\u00e1n y Pakist\u00e1n.<\/p>\n<p>Para que estas cifras no contin\u00faen en aumento es necesario que sean atajen las causas, ya que millones de personas solo desean lograr establecerse en una regi\u00f3n m\u00e1s segura y mejorar su calidad de vida. Para alcanzar resultados <strong>Europa debe colaborar de manera unitaria en la resoluci\u00f3n de los conflictos generadores de dichos desplazamientos masivos<\/strong> a trav\u00e9s de estrategias pol\u00edticas, econ\u00f3micas y humanitarias.<\/p>\n<p>Recientemente se ha alcanzado un plan para aliviar la crisis de los refugiados, a trav\u00e9s del <strong>acuerdo marco entre la Uni\u00f3n Europea y Turqu\u00eda, aprobado en marzo de 2016<\/strong>. Su objetivo es claro: poner freno al trafico de personas, salvaguardando siempre el cumplimiento de los derechos humanos; una de las m\u00e1ximas prioridades para la Rep\u00fablica Federal Alemana. El acuerdo garantiza que cada persona identificada como refugiada su caso sea estudiado de forma individual y con las garant\u00edas humanitarias necesarias.<\/p>\n<p>Otro aspecto necesario ser\u00eda la <strong>creaci\u00f3n de un mecanismo de reparto de refugiados, justo y equitativo entre los pa\u00edses pertenecientes a la Uni\u00f3n Europea<\/strong> que evalu\u00e9 las cargas sociales que cada uno pueda soportar. En este sentido, cabe destacar la gran ayuda que presta Espa\u00f1a en materia de re-ubicaci\u00f3n de refugiados, adem\u00e1s del excelente trabajo en gesti\u00f3n de fronteras.<\/p>\n<p>Alemania, por su parte, est\u00e1 desarrollando e implementando programas para la integraci\u00f3n de refugiados en la sociedad de acogida, a trav\u00e9s de mecanismos como cursos para el aprendizaje del idioma, cursos de integraci\u00f3n local, e incluso formaci\u00f3n profesional para una inserci\u00f3n laboral y social.<\/p>\n<p>El Desayuno de Trabajo cont\u00f3 con la presencia de miembros de diversos sectores como cuerpo diplom\u00e1tico, thinks tanks, militares y acad\u00e9micos, entre otros. Para finalizar el encuentro se dio paso a un turno de intervenciones entre los asistentes, donde se pusieron de relieve distintas perspectivas c\u00f3mo la b\u00fasqueda de posibles soluciones para la actual crisis de los refugiados.<\/p>\n<p>Martina Ros<br \/>\nINCIPE<br \/>\n<!--:--><\/p>\n","protected":false},"excerpt":{"rendered":"<p>Seg\u00fan el \u00faltimo informe publicado por Naciones Unidas, actualmente en el mundo m\u00e1s de 60 millones de personas se encuentran dentro del status de desplazado, lo que le define como [&hellip;]<\/p>\n","protected":false},"author":3,"featured_media":19166,"comment_status":"closed","ping_status":"closed","sticky":false,"template":"","format":"standard","meta":{"_acf_changed":false,"footnotes":""},"categories":[8],"tags":[],"class_list":["post-4847","post","type-post","status-publish","format-standard","has-post-thumbnail","hentry","category-conferencias-y-seminarios"],"acf":[],"_links":{"self":[{"href":"https:\/\/fundacionincipe.com\/index.php\/wp-json\/wp\/v2\/posts\/4847","targetHints":{"allow":["GET"]}}],"collection":[{"href":"https:\/\/fundacionincipe.com\/index.php\/wp-json\/wp\/v2\/posts"}],"about":[{"href":"https:\/\/fundacionincipe.com\/index.php\/wp-json\/wp\/v2\/types\/post"}],"author":[{"embeddable":true,"href":"https:\/\/fundacionincipe.com\/index.php\/wp-json\/wp\/v2\/users\/3"}],"replies":[{"embeddable":true,"href":"https:\/\/fundacionincipe.com\/index.php\/wp-json\/wp\/v2\/comments?post=4847"}],"version-history":[{"count":2,"href":"https:\/\/fundacionincipe.com\/index.php\/wp-json\/wp\/v2\/posts\/4847\/revisions"}],"predecessor-version":[{"id":19169,"href":"https:\/\/fundacionincipe.com\/index.php\/wp-json\/wp\/v2\/posts\/4847\/revisions\/19169"}],"wp:featuredmedia":[{"embeddable":true,"href":"https:\/\/fundacionincipe.com\/index.php\/wp-json\/wp\/v2\/media\/19166"}],"wp:attachment":[{"href":"https:\/\/fundacionincipe.com\/index.php\/wp-json\/wp\/v2\/media?parent=4847"}],"wp:term":[{"taxonomy":"category","embeddable":true,"href":"https:\/\/fundacionincipe.com\/index.php\/wp-json\/wp\/v2\/categories?post=4847"},{"taxonomy":"post_tag","embeddable":true,"href":"https:\/\/fundacionincipe.com\/index.php\/wp-json\/wp\/v2\/tags?post=4847"}],"curies":[{"name":"wp","href":"https:\/\/api.w.org\/{rel}","templated":true}]}}