{"id":4623,"date":"2016-03-18T14:53:20","date_gmt":"2016-03-18T13:53:20","guid":{"rendered":"http:\/\/www.incipe.org\/?p=4623"},"modified":"2024-11-12T13:33:36","modified_gmt":"2024-11-12T13:33:36","slug":"retos-energeticos-en-el-sur-y-en-el-centro-de-europa","status":"publish","type":"post","link":"https:\/\/fundacionincipe.com\/index.php\/2016\/03\/18\/retos-energeticos-en-el-sur-y-en-el-centro-de-europa\/","title":{"rendered":"Jornada: Retos Energ\u00e9ticos en el Sur y en el Centro de Europa"},"content":{"rendered":"\n<p><!--:es-->El grupo Visegrado (V4) nace en febrero de 1991, y a\u00fana a cuatro pa\u00edses: Eslovaquia, Hungr\u00eda, Polonia y Rep\u00fablica Checa. Su principal objetivo inicial era conseguir una r\u00e1pida adhesi\u00f3n a la UE y a la OTAN. Una vez alcanzada, actualmente contin\u00faan cooperando en otras materias y buscando una modernizaci\u00f3n de la regi\u00f3n similar a la del resto la Uni\u00f3n. Esta zona geogr\u00e1fica supone la quinta econom\u00eda de Europa, representa 64 millones de habitantes de la UE y se ha convertido en el cuarto exportador e importador de la Eurozona. Adem\u00e1s, gracias a su posici\u00f3n geoestrat\u00e9gica supone un puente entre el B\u00e1ltico y los Balcanes y entre Europa Oriental y Europa Occidental. Es decir, ha pasado de ser una regi\u00f3n pasiva a una activa en los \u00faltimos 25 a\u00f1os.<\/p>\n\n\n\n<p>En la mesa redonda de la Jornada intervinieron, <strong>Vaclav Bartu\u0161ka<\/strong>, Embajador at-large y Enviado Especial Checo y Consejero del Gobierno Checo para Asuntos Energ\u00e9ticos; <strong>Rafa\u026b Hryniewiecki<\/strong>, Experto en Asuntos Energ\u00e9ticos del Departamento de Cooperaci\u00f3n Econ\u00f3mica, Ministerio de Asuntos Exteriores de Polonia; <strong>P\u00e1l S\u00e1gv\u00e1ri<\/strong>, Embajador at-large para Seguridad Energ\u00e9tica de Hungr\u00eda, Ministerio de Asuntos Exteriores y Comercio; y <strong>Urban Rusn\u00e1k<\/strong>, Secretario General de Eslovaquia del International Energy Charter.<\/p>\n\n\n\n<p>El emplazamiento de los pa\u00edses del V4 es muy importante para la Uni\u00f3n Europea, pues la regi\u00f3n se encuentra localizada en el lugar de paso de la mayor\u00eda de los corredores energ\u00e9ticos que nutren a los Estados Miembro. Es por ello que los pa\u00edses que conforman el Visegrado demandan a la Uni\u00f3n Europea una inversi\u00f3n para conseguir la modernizaci\u00f3n de las infraestructuras junto con una diversificaci\u00f3n energ\u00e9tica en el marco del plan de seguridad energ\u00e9tica.<\/p>\n\n\n\n<p>Atravesamos un complejo contexto de inestabilidad, en el que la seguridad energ\u00e9tica se ha convertido en una cuesti\u00f3n de seguridad nacional. La crisis del petr\u00f3leo actual, el auge de nuevos productores de suministro energ\u00e9tico (Ir\u00e1n, EE.UU. o Irak), nuevas tecnolog\u00edas y formas de actuar (iniciativas <em>bottom-up<\/em> o energ\u00edas renovables, por ejemplo), o la elevada demanda china de gas y petr\u00f3leo, entre otras, presentan una multiplicidad de escenarios futuros en los que la dependencia de la Uni\u00f3n Europea continua siendo una relevante debilidad.<\/p>\n\n\n\n<p>Estos escenarios conllevan una mayor implicaci\u00f3n pol\u00edtica de la UE. Ha de enfrentarse a la inestabilidad regional de Oriente Medio y el Magreb y a otros retos de alcance global (como el cambio clim\u00e1tico o la necesidad de establecer nuevas rutas mar\u00edtimas). Las fronteras europeas son vulnerables y el papel que juegan los miembros de Visegrado en el mantenimiento de su estabilidad es fundamental.<\/p>\n\n\n\n<p>Por tanto, la \u00fanica alternativa que tiene la Uni\u00f3n Europea es el consenso. Debiendo buscar y conseguir una <strong>mayor integraci\u00f3n e innovaci\u00f3n<\/strong> de los pa\u00edses del este y de los Balcanes. Lo cual tiene que cimentarse a trav\u00e9s de una mayor confianza mutua de todos los Estados Miembro. La seguridad energ\u00e9tica no es barata pero es necesaria con el fin de mantener el suministro de estos recursos. Por tanto, hay que superar las <em>arenas movedizas <\/em>en las que se encuentra la Uni\u00f3n actualmente y establecer una estrategia para la completa integraci\u00f3n entre la Europa Occidental y la Oriental.<\/p>\n\n\n\n<p>La Jornada cont\u00f3 con la participaci\u00f3n de miembros de diversos sectores entre los que cabe destacan cuerpo diplom\u00e1tico, empresas del sector energ\u00e9tico, analistas oexpertos en las Relaciones Internacionales, entre otro. Para finalizar el encuentro se dio paso a un turno de intervenciones entre los asistentes donde se pusieron de relieve distintas perspectivas, sobre todo a nivel de los futuros socios energ\u00e9ticos de la Uni\u00f3n Europea.<\/p>\n\n\n\n<p>Marina Dorado<br>INCIPE<\/p>\n\n\n\n<figure class=\"wp-block-gallery has-nested-images columns-default is-cropped wp-block-gallery-1 is-layout-flex wp-block-gallery-is-layout-flex\">\n<figure data-wp-context=\"{&quot;imageId&quot;:&quot;69f265c9724b7&quot;}\" data-wp-interactive=\"core\/image\" class=\"wp-block-image size-large wp-lightbox-container\"><img fetchpriority=\"high\" decoding=\"async\" width=\"1024\" height=\"768\" data-wp-class--hide=\"state.isContentHidden\" data-wp-class--show=\"state.isContentVisible\" data-wp-init=\"callbacks.setButtonStyles\" data-wp-on-async--click=\"actions.showLightbox\" data-wp-on-async--load=\"callbacks.setButtonStyles\" data-wp-on-async-window--resize=\"callbacks.setButtonStyles\" data-id=\"18429\" src=\"https:\/\/fundacionincipe.com\/wp-content\/uploads\/2024\/11\/6553-009-1024x768.jpg\" alt=\"\" class=\"wp-image-18429\" srcset=\"https:\/\/fundacionincipe.com\/wp-content\/uploads\/2024\/11\/6553-009-1024x768.jpg 1024w, https:\/\/fundacionincipe.com\/wp-content\/uploads\/2024\/11\/6553-009-300x225.jpg 300w, https:\/\/fundacionincipe.com\/wp-content\/uploads\/2024\/11\/6553-009-768x576.jpg 768w, https:\/\/fundacionincipe.com\/wp-content\/uploads\/2024\/11\/6553-009.jpg 1104w\" sizes=\"(max-width: 1024px) 100vw, 1024px\" \/><button\n\t\t\tclass=\"lightbox-trigger\"\n\t\t\ttype=\"button\"\n\t\t\taria-haspopup=\"dialog\"\n\t\t\taria-label=\"Ampliar la imagen\"\n\t\t\tdata-wp-init=\"callbacks.initTriggerButton\"\n\t\t\tdata-wp-on-async--click=\"actions.showLightbox\"\n\t\t\tdata-wp-style--right=\"state.imageButtonRight\"\n\t\t\tdata-wp-style--top=\"state.imageButtonTop\"\n\t\t>\n\t\t\t<svg xmlns=\"http:\/\/www.w3.org\/2000\/svg\" width=\"12\" height=\"12\" fill=\"none\" viewBox=\"0 0 12 12\">\n\t\t\t\t<path fill=\"#fff\" d=\"M2 0a2 2 0 0 0-2 2v2h1.5V2a.5.5 0 0 1 .5-.5h2V0H2Zm2 10.5H2a.5.5 0 0 1-.5-.5V8H0v2a2 2 0 0 0 2 2h2v-1.5ZM8 12v-1.5h2a.5.5 0 0 0 .5-.5V8H12v2a2 2 0 0 1-2 2H8Zm2-12a2 2 0 0 1 2 2v2h-1.5V2a.5.5 0 0 0-.5-.5H8V0h2Z\" \/>\n\t\t\t<\/svg>\n\t\t<\/button><\/figure>\n\n\n\n<figure data-wp-context=\"{&quot;imageId&quot;:&quot;69f265c972909&quot;}\" data-wp-interactive=\"core\/image\" class=\"wp-block-image size-large wp-lightbox-container\"><img decoding=\"async\" width=\"1024\" height=\"768\" data-wp-class--hide=\"state.isContentHidden\" data-wp-class--show=\"state.isContentVisible\" data-wp-init=\"callbacks.setButtonStyles\" data-wp-on-async--click=\"actions.showLightbox\" data-wp-on-async--load=\"callbacks.setButtonStyles\" data-wp-on-async-window--resize=\"callbacks.setButtonStyles\" data-id=\"18430\" src=\"https:\/\/fundacionincipe.com\/wp-content\/uploads\/2024\/11\/6553-017-1024x768.jpg\" alt=\"\" class=\"wp-image-18430\" srcset=\"https:\/\/fundacionincipe.com\/wp-content\/uploads\/2024\/11\/6553-017-1024x768.jpg 1024w, https:\/\/fundacionincipe.com\/wp-content\/uploads\/2024\/11\/6553-017-300x225.jpg 300w, https:\/\/fundacionincipe.com\/wp-content\/uploads\/2024\/11\/6553-017-768x576.jpg 768w, https:\/\/fundacionincipe.com\/wp-content\/uploads\/2024\/11\/6553-017.jpg 1104w\" sizes=\"(max-width: 1024px) 100vw, 1024px\" \/><button\n\t\t\tclass=\"lightbox-trigger\"\n\t\t\ttype=\"button\"\n\t\t\taria-haspopup=\"dialog\"\n\t\t\taria-label=\"Ampliar la imagen\"\n\t\t\tdata-wp-init=\"callbacks.initTriggerButton\"\n\t\t\tdata-wp-on-async--click=\"actions.showLightbox\"\n\t\t\tdata-wp-style--right=\"state.imageButtonRight\"\n\t\t\tdata-wp-style--top=\"state.imageButtonTop\"\n\t\t>\n\t\t\t<svg xmlns=\"http:\/\/www.w3.org\/2000\/svg\" width=\"12\" height=\"12\" fill=\"none\" viewBox=\"0 0 12 12\">\n\t\t\t\t<path fill=\"#fff\" d=\"M2 0a2 2 0 0 0-2 2v2h1.5V2a.5.5 0 0 1 .5-.5h2V0H2Zm2 10.5H2a.5.5 0 0 1-.5-.5V8H0v2a2 2 0 0 0 2 2h2v-1.5ZM8 12v-1.5h2a.5.5 0 0 0 .5-.5V8H12v2a2 2 0 0 1-2 2H8Zm2-12a2 2 0 0 1 2 2v2h-1.5V2a.5.5 0 0 0-.5-.5H8V0h2Z\" \/>\n\t\t\t<\/svg>\n\t\t<\/button><\/figure>\n\n\n\n<figure data-wp-context=\"{&quot;imageId&quot;:&quot;69f265c972cf8&quot;}\" data-wp-interactive=\"core\/image\" class=\"wp-block-image size-large wp-lightbox-container\"><img decoding=\"async\" width=\"1024\" height=\"768\" data-wp-class--hide=\"state.isContentHidden\" data-wp-class--show=\"state.isContentVisible\" data-wp-init=\"callbacks.setButtonStyles\" data-wp-on-async--click=\"actions.showLightbox\" data-wp-on-async--load=\"callbacks.setButtonStyles\" data-wp-on-async-window--resize=\"callbacks.setButtonStyles\" data-id=\"18431\" src=\"https:\/\/fundacionincipe.com\/wp-content\/uploads\/2024\/11\/DSC_4527-1024x768.jpg\" alt=\"\" class=\"wp-image-18431\" srcset=\"https:\/\/fundacionincipe.com\/wp-content\/uploads\/2024\/11\/DSC_4527-1024x768.jpg 1024w, https:\/\/fundacionincipe.com\/wp-content\/uploads\/2024\/11\/DSC_4527-300x225.jpg 300w, https:\/\/fundacionincipe.com\/wp-content\/uploads\/2024\/11\/DSC_4527-768x576.jpg 768w, https:\/\/fundacionincipe.com\/wp-content\/uploads\/2024\/11\/DSC_4527.jpg 1417w\" sizes=\"(max-width: 1024px) 100vw, 1024px\" \/><button\n\t\t\tclass=\"lightbox-trigger\"\n\t\t\ttype=\"button\"\n\t\t\taria-haspopup=\"dialog\"\n\t\t\taria-label=\"Ampliar la imagen\"\n\t\t\tdata-wp-init=\"callbacks.initTriggerButton\"\n\t\t\tdata-wp-on-async--click=\"actions.showLightbox\"\n\t\t\tdata-wp-style--right=\"state.imageButtonRight\"\n\t\t\tdata-wp-style--top=\"state.imageButtonTop\"\n\t\t>\n\t\t\t<svg xmlns=\"http:\/\/www.w3.org\/2000\/svg\" width=\"12\" height=\"12\" fill=\"none\" viewBox=\"0 0 12 12\">\n\t\t\t\t<path fill=\"#fff\" d=\"M2 0a2 2 0 0 0-2 2v2h1.5V2a.5.5 0 0 1 .5-.5h2V0H2Zm2 10.5H2a.5.5 0 0 1-.5-.5V8H0v2a2 2 0 0 0 2 2h2v-1.5ZM8 12v-1.5h2a.5.5 0 0 0 .5-.5V8H12v2a2 2 0 0 1-2 2H8Zm2-12a2 2 0 0 1 2 2v2h-1.5V2a.5.5 0 0 0-.5-.5H8V0h2Z\" \/>\n\t\t\t<\/svg>\n\t\t<\/button><\/figure>\n\n\n\n<figure data-wp-context=\"{&quot;imageId&quot;:&quot;69f265c9730d8&quot;}\" data-wp-interactive=\"core\/image\" class=\"wp-block-image size-large wp-lightbox-container\"><img loading=\"lazy\" decoding=\"async\" width=\"1024\" height=\"666\" data-wp-class--hide=\"state.isContentHidden\" data-wp-class--show=\"state.isContentVisible\" data-wp-init=\"callbacks.setButtonStyles\" data-wp-on-async--click=\"actions.showLightbox\" data-wp-on-async--load=\"callbacks.setButtonStyles\" data-wp-on-async-window--resize=\"callbacks.setButtonStyles\" data-id=\"18432\" src=\"https:\/\/fundacionincipe.com\/wp-content\/uploads\/2024\/11\/DSC_4632-1024x666.jpg\" alt=\"\" class=\"wp-image-18432\" srcset=\"https:\/\/fundacionincipe.com\/wp-content\/uploads\/2024\/11\/DSC_4632-1024x666.jpg 1024w, https:\/\/fundacionincipe.com\/wp-content\/uploads\/2024\/11\/DSC_4632-300x195.jpg 300w, https:\/\/fundacionincipe.com\/wp-content\/uploads\/2024\/11\/DSC_4632-768x499.jpg 768w, https:\/\/fundacionincipe.com\/wp-content\/uploads\/2024\/11\/DSC_4632.jpg 1417w\" sizes=\"(max-width: 1024px) 100vw, 1024px\" \/><button\n\t\t\tclass=\"lightbox-trigger\"\n\t\t\ttype=\"button\"\n\t\t\taria-haspopup=\"dialog\"\n\t\t\taria-label=\"Ampliar la imagen\"\n\t\t\tdata-wp-init=\"callbacks.initTriggerButton\"\n\t\t\tdata-wp-on-async--click=\"actions.showLightbox\"\n\t\t\tdata-wp-style--right=\"state.imageButtonRight\"\n\t\t\tdata-wp-style--top=\"state.imageButtonTop\"\n\t\t>\n\t\t\t<svg xmlns=\"http:\/\/www.w3.org\/2000\/svg\" width=\"12\" height=\"12\" fill=\"none\" viewBox=\"0 0 12 12\">\n\t\t\t\t<path fill=\"#fff\" d=\"M2 0a2 2 0 0 0-2 2v2h1.5V2a.5.5 0 0 1 .5-.5h2V0H2Zm2 10.5H2a.5.5 0 0 1-.5-.5V8H0v2a2 2 0 0 0 2 2h2v-1.5ZM8 12v-1.5h2a.5.5 0 0 0 .5-.5V8H12v2a2 2 0 0 1-2 2H8Zm2-12a2 2 0 0 1 2 2v2h-1.5V2a.5.5 0 0 0-.5-.5H8V0h2Z\" \/>\n\t\t\t<\/svg>\n\t\t<\/button><\/figure>\n<\/figure>\n","protected":false},"excerpt":{"rendered":"<p>El grupo Visegrado (V4) nace en febrero de 1991, y a\u00fana a cuatro pa\u00edses: Eslovaquia, Hungr\u00eda, Polonia y Rep\u00fablica Checa. Su principal objetivo inicial era conseguir una r\u00e1pida adhesi\u00f3n a [&hellip;]<\/p>\n","protected":false},"author":3,"featured_media":18429,"comment_status":"closed","ping_status":"closed","sticky":false,"template":"","format":"standard","meta":{"_acf_changed":false,"footnotes":""},"categories":[8],"tags":[],"class_list":["post-4623","post","type-post","status-publish","format-standard","has-post-thumbnail","hentry","category-conferencias-y-seminarios"],"acf":[],"_links":{"self":[{"href":"https:\/\/fundacionincipe.com\/index.php\/wp-json\/wp\/v2\/posts\/4623","targetHints":{"allow":["GET"]}}],"collection":[{"href":"https:\/\/fundacionincipe.com\/index.php\/wp-json\/wp\/v2\/posts"}],"about":[{"href":"https:\/\/fundacionincipe.com\/index.php\/wp-json\/wp\/v2\/types\/post"}],"author":[{"embeddable":true,"href":"https:\/\/fundacionincipe.com\/index.php\/wp-json\/wp\/v2\/users\/3"}],"replies":[{"embeddable":true,"href":"https:\/\/fundacionincipe.com\/index.php\/wp-json\/wp\/v2\/comments?post=4623"}],"version-history":[{"count":1,"href":"https:\/\/fundacionincipe.com\/index.php\/wp-json\/wp\/v2\/posts\/4623\/revisions"}],"predecessor-version":[{"id":18434,"href":"https:\/\/fundacionincipe.com\/index.php\/wp-json\/wp\/v2\/posts\/4623\/revisions\/18434"}],"wp:featuredmedia":[{"embeddable":true,"href":"https:\/\/fundacionincipe.com\/index.php\/wp-json\/wp\/v2\/media\/18429"}],"wp:attachment":[{"href":"https:\/\/fundacionincipe.com\/index.php\/wp-json\/wp\/v2\/media?parent=4623"}],"wp:term":[{"taxonomy":"category","embeddable":true,"href":"https:\/\/fundacionincipe.com\/index.php\/wp-json\/wp\/v2\/categories?post=4623"},{"taxonomy":"post_tag","embeddable":true,"href":"https:\/\/fundacionincipe.com\/index.php\/wp-json\/wp\/v2\/tags?post=4623"}],"curies":[{"name":"wp","href":"https:\/\/api.w.org\/{rel}","templated":true}]}}