{"id":4492,"date":"2016-01-18T20:44:51","date_gmt":"2016-01-18T19:44:51","guid":{"rendered":"http:\/\/www.incipe.org\/?p=4492"},"modified":"2024-11-27T13:28:27","modified_gmt":"2024-11-27T13:28:27","slug":"prueba","status":"publish","type":"post","link":"https:\/\/fundacionincipe.com\/index.php\/2016\/01\/18\/prueba\/","title":{"rendered":"Las prioridades holandesas para la Presidencia de la UE"},"content":{"rendered":"\n<p>Ante un entorno de creciente incertidumbre e inseguridad, como consecuencia de las nuevas amenazas a las que tiene que hacer frente la Uni\u00f3n Europea, las voces discrepantes ante la Uni\u00f3n no han tardado en aparecer. En la actualidad el concepto de seguridad ya no es el cl\u00e1sico, ahora las amenazas son asim\u00e9tricas y no pueden hacerse frente de forma unilateral. Por tanto, la divisi\u00f3n que acecha a la Uni\u00f3n Europea solo puede afrontarse mediante la unidad y eficacia, combinando medidas nacionales y europeas.<\/p>\n\n\n\n<p>En este contexto accede a la Presidencia del Consejo de la Uni\u00f3n Europea los Pa\u00edses Bajos. Durante el Desayuno de Trabajo, se presentaron los cuatro pilares fundamentales en torno a los que girar\u00e1n las actuaciones de este pa\u00eds durante sus seis meses de mandato.<\/p>\n\n\n\n<p>\u2022 <strong>Desarrollar un enfoque integral de la migraci\u00f3n y la seguridad internacional<\/strong><br>Las nuevas amenazas han conducido a que, tanto la seguridad interna como la externa, est\u00e9n vinculadas indisolublemente. En consecuencia, las respuestas han de ser conjuntas. La inestabilidad fuera de la Uni\u00f3n Europea, de igual forma, pone en riesgo la seguridad europea. La crisis migratoria que est\u00e1 sufriendo nuestra regi\u00f3n ha puesto de manifiesto la necesidad de hacer un uso eficaz de los instrumentos europeos, as\u00ed como de desarrollar el importante papel diplom\u00e1tico del Alto Representante y los Estados Miembros. Por tanto, es indispensable <strong>reforzar la cooperaci\u00f3n regional<\/strong> y abordar las causas pol\u00edticas y econ\u00f3micas causantes de esta situaci\u00f3n migratoria. Los Pa\u00edses Bajos se comprometen en esta \u00e1rea a realizar una r\u00e1pida definici\u00f3n e implantaci\u00f3n del paquete de medidas presentado a la Comisi\u00f3n en materia migratoria, as\u00ed como a una r\u00e1pida conclusi\u00f3n de la revisi\u00f3n estrat\u00e9gica de la Pol\u00edtica Exterior y de Seguridad de la Uni\u00f3n Europea.<\/p>\n\n\n\n<p>\u2022 <strong>Europa como innovadora y motor de empleo<\/strong><br>Los Pa\u00edses Bajos apuestan por invertir en emprendimiento, investigaci\u00f3n y reforzar sectores con potencial. De igual forma, se prioriza la cooperaci\u00f3n regional en materia transfronteriza, a trav\u00e9s de mecanismos como una mejor protecci\u00f3n de los trabajadores m\u00f3viles, creaci\u00f3n de empleo de calidad, fomento de la competitividad y mejora de la calidad educativa. Por \u00faltimo, se considera necesario la modernizaci\u00f3n y simplificaci\u00f3n de la normativa comunitaria para que sea accesible y sencilla al ciudadano.<\/p>\n\n\n\n<p>\u2022 <strong>Afianzar el crecimiento de la Uni\u00f3n en el tiempo, con unas finanzas s\u00f3lidas y el fortalecimiento la eurozona<\/strong><br>La eurozona es el mercado interno m\u00e1s grande del mundo y tras a\u00f1os convulsos, como consecuencia de la crisis econ\u00f3mica, ha regresado a la senda del crecimiento gracias a unas mejores condiciones a nivel mundial. Aunque la ralentizaci\u00f3n del crecimiento de algunos pa\u00edses emergentes puede crear ciertos riesgos, ante esto la Uni\u00f3n Europea ha de controlar que los Estados Miembros mantengan las reformas estructurales y la coordinaci\u00f3n desarrollada en este per\u00edodo para un mantenimiento a largo plazo de la estabilidad financiera de la regi\u00f3n. Los Pa\u00edses Bajos pretende <strong>iniciar un debate acerca de la creaci\u00f3n de un nuevo presupuesto plurianual<\/strong>.<\/p>\n\n\n\n<p>\u2022 <strong>Apoyar la pol\u00edtica energ\u00e9tica y medioambiental<\/strong><br>Los Pa\u00edses Bajos hacen gala de una conciencia medioambiental y su agenda plantea el objetivo de alcanzar un modelo de crecimiento sostenible preparado para el futuro. Esto ha de desarrollarse conjuntamente, por tanto, las medidas para el desarrollo de una <strong>Uni\u00f3n Energ\u00e9tica Europea<\/strong> que plantean durante su presidencia se basar\u00e1n en un refuerzo del suministro de energ\u00eda, un mercado \u00fanico de este bien, reducci\u00f3n de la dependencia energ\u00e9tica de la Uni\u00f3n, est\u00edmulo a la investigaci\u00f3n y la innovaci\u00f3n en energ\u00edas renovables y, unas pol\u00edticas clim\u00e1ticas sostenibles en el tiempo.<\/p>\n\n\n\n<p>El Desayuno de Trabajo cont\u00f3 con la presencia de miembros de m\u00faltiples sectores relevantes en materia de la Uni\u00f3n Europea, entre los que se destacan los representantes de diversas Embajadas, tanto comunitarias como extra-comunitarias. Para finalizar el encuentro se dio paso a un turno de intervenciones entre los asistentes, donde se pusieron de relieve distintas perspectivas, sobre todo en el \u00e1mbito migratorio.<\/p>\n\n\n\n<p>Marina Dorado<\/p>\n\n\n\n<figure class=\"wp-block-gallery has-nested-images columns-default is-cropped wp-block-gallery-1 is-layout-flex wp-block-gallery-is-layout-flex\">\n<figure data-wp-context=\"{&quot;imageId&quot;:&quot;69f265c140808&quot;}\" data-wp-interactive=\"core\/image\" class=\"wp-block-image size-large wp-lightbox-container\"><img fetchpriority=\"high\" decoding=\"async\" width=\"1024\" height=\"666\" data-wp-class--hide=\"state.isContentHidden\" data-wp-class--show=\"state.isContentVisible\" data-wp-init=\"callbacks.setButtonStyles\" data-wp-on-async--click=\"actions.showLightbox\" data-wp-on-async--load=\"callbacks.setButtonStyles\" data-wp-on-async-window--resize=\"callbacks.setButtonStyles\" data-id=\"19244\" src=\"https:\/\/fundacionincipe.com\/wp-content\/uploads\/2024\/11\/DSC_3226-1024x666.jpg\" alt=\"\" class=\"wp-image-19244\" srcset=\"https:\/\/fundacionincipe.com\/wp-content\/uploads\/2024\/11\/DSC_3226-1024x666.jpg 1024w, https:\/\/fundacionincipe.com\/wp-content\/uploads\/2024\/11\/DSC_3226-300x195.jpg 300w, https:\/\/fundacionincipe.com\/wp-content\/uploads\/2024\/11\/DSC_3226-768x499.jpg 768w, https:\/\/fundacionincipe.com\/wp-content\/uploads\/2024\/11\/DSC_3226.jpg 1181w\" sizes=\"(max-width: 1024px) 100vw, 1024px\" \/><button\n\t\t\tclass=\"lightbox-trigger\"\n\t\t\ttype=\"button\"\n\t\t\taria-haspopup=\"dialog\"\n\t\t\taria-label=\"Ampliar la imagen\"\n\t\t\tdata-wp-init=\"callbacks.initTriggerButton\"\n\t\t\tdata-wp-on-async--click=\"actions.showLightbox\"\n\t\t\tdata-wp-style--right=\"state.imageButtonRight\"\n\t\t\tdata-wp-style--top=\"state.imageButtonTop\"\n\t\t>\n\t\t\t<svg xmlns=\"http:\/\/www.w3.org\/2000\/svg\" width=\"12\" height=\"12\" fill=\"none\" viewBox=\"0 0 12 12\">\n\t\t\t\t<path fill=\"#fff\" d=\"M2 0a2 2 0 0 0-2 2v2h1.5V2a.5.5 0 0 1 .5-.5h2V0H2Zm2 10.5H2a.5.5 0 0 1-.5-.5V8H0v2a2 2 0 0 0 2 2h2v-1.5ZM8 12v-1.5h2a.5.5 0 0 0 .5-.5V8H12v2a2 2 0 0 1-2 2H8Zm2-12a2 2 0 0 1 2 2v2h-1.5V2a.5.5 0 0 0-.5-.5H8V0h2Z\" \/>\n\t\t\t<\/svg>\n\t\t<\/button><\/figure>\n\n\n\n<figure data-wp-context=\"{&quot;imageId&quot;:&quot;69f265c140d02&quot;}\" data-wp-interactive=\"core\/image\" class=\"wp-block-image size-large wp-lightbox-container\"><img decoding=\"async\" width=\"1024\" height=\"666\" data-wp-class--hide=\"state.isContentHidden\" data-wp-class--show=\"state.isContentVisible\" data-wp-init=\"callbacks.setButtonStyles\" data-wp-on-async--click=\"actions.showLightbox\" data-wp-on-async--load=\"callbacks.setButtonStyles\" data-wp-on-async-window--resize=\"callbacks.setButtonStyles\" data-id=\"19247\" src=\"https:\/\/fundacionincipe.com\/wp-content\/uploads\/2024\/11\/DSC_3280-1024x666.jpg\" alt=\"\" class=\"wp-image-19247\" srcset=\"https:\/\/fundacionincipe.com\/wp-content\/uploads\/2024\/11\/DSC_3280-1024x666.jpg 1024w, https:\/\/fundacionincipe.com\/wp-content\/uploads\/2024\/11\/DSC_3280-300x195.jpg 300w, https:\/\/fundacionincipe.com\/wp-content\/uploads\/2024\/11\/DSC_3280-768x499.jpg 768w, https:\/\/fundacionincipe.com\/wp-content\/uploads\/2024\/11\/DSC_3280.jpg 1181w\" sizes=\"(max-width: 1024px) 100vw, 1024px\" \/><button\n\t\t\tclass=\"lightbox-trigger\"\n\t\t\ttype=\"button\"\n\t\t\taria-haspopup=\"dialog\"\n\t\t\taria-label=\"Ampliar la imagen\"\n\t\t\tdata-wp-init=\"callbacks.initTriggerButton\"\n\t\t\tdata-wp-on-async--click=\"actions.showLightbox\"\n\t\t\tdata-wp-style--right=\"state.imageButtonRight\"\n\t\t\tdata-wp-style--top=\"state.imageButtonTop\"\n\t\t>\n\t\t\t<svg xmlns=\"http:\/\/www.w3.org\/2000\/svg\" width=\"12\" height=\"12\" fill=\"none\" viewBox=\"0 0 12 12\">\n\t\t\t\t<path fill=\"#fff\" d=\"M2 0a2 2 0 0 0-2 2v2h1.5V2a.5.5 0 0 1 .5-.5h2V0H2Zm2 10.5H2a.5.5 0 0 1-.5-.5V8H0v2a2 2 0 0 0 2 2h2v-1.5ZM8 12v-1.5h2a.5.5 0 0 0 .5-.5V8H12v2a2 2 0 0 1-2 2H8Zm2-12a2 2 0 0 1 2 2v2h-1.5V2a.5.5 0 0 0-.5-.5H8V0h2Z\" \/>\n\t\t\t<\/svg>\n\t\t<\/button><\/figure>\n\n\n\n<figure data-wp-context=\"{&quot;imageId&quot;:&quot;69f265c141165&quot;}\" data-wp-interactive=\"core\/image\" class=\"wp-block-image size-large wp-lightbox-container\"><img decoding=\"async\" width=\"1024\" height=\"666\" data-wp-class--hide=\"state.isContentHidden\" data-wp-class--show=\"state.isContentVisible\" data-wp-init=\"callbacks.setButtonStyles\" data-wp-on-async--click=\"actions.showLightbox\" data-wp-on-async--load=\"callbacks.setButtonStyles\" data-wp-on-async-window--resize=\"callbacks.setButtonStyles\" data-id=\"19245\" src=\"https:\/\/fundacionincipe.com\/wp-content\/uploads\/2024\/11\/DSC_3244-1024x666.jpg\" alt=\"\" class=\"wp-image-19245\" srcset=\"https:\/\/fundacionincipe.com\/wp-content\/uploads\/2024\/11\/DSC_3244-1024x666.jpg 1024w, https:\/\/fundacionincipe.com\/wp-content\/uploads\/2024\/11\/DSC_3244-300x195.jpg 300w, https:\/\/fundacionincipe.com\/wp-content\/uploads\/2024\/11\/DSC_3244-768x499.jpg 768w, https:\/\/fundacionincipe.com\/wp-content\/uploads\/2024\/11\/DSC_3244.jpg 1181w\" sizes=\"(max-width: 1024px) 100vw, 1024px\" \/><button\n\t\t\tclass=\"lightbox-trigger\"\n\t\t\ttype=\"button\"\n\t\t\taria-haspopup=\"dialog\"\n\t\t\taria-label=\"Ampliar la imagen\"\n\t\t\tdata-wp-init=\"callbacks.initTriggerButton\"\n\t\t\tdata-wp-on-async--click=\"actions.showLightbox\"\n\t\t\tdata-wp-style--right=\"state.imageButtonRight\"\n\t\t\tdata-wp-style--top=\"state.imageButtonTop\"\n\t\t>\n\t\t\t<svg xmlns=\"http:\/\/www.w3.org\/2000\/svg\" width=\"12\" height=\"12\" fill=\"none\" viewBox=\"0 0 12 12\">\n\t\t\t\t<path fill=\"#fff\" d=\"M2 0a2 2 0 0 0-2 2v2h1.5V2a.5.5 0 0 1 .5-.5h2V0H2Zm2 10.5H2a.5.5 0 0 1-.5-.5V8H0v2a2 2 0 0 0 2 2h2v-1.5ZM8 12v-1.5h2a.5.5 0 0 0 .5-.5V8H12v2a2 2 0 0 1-2 2H8Zm2-12a2 2 0 0 1 2 2v2h-1.5V2a.5.5 0 0 0-.5-.5H8V0h2Z\" \/>\n\t\t\t<\/svg>\n\t\t<\/button><\/figure>\n\n\n\n<figure data-wp-context=\"{&quot;imageId&quot;:&quot;69f265c141594&quot;}\" data-wp-interactive=\"core\/image\" class=\"wp-block-image size-large wp-lightbox-container\"><img loading=\"lazy\" decoding=\"async\" width=\"1024\" height=\"666\" data-wp-class--hide=\"state.isContentHidden\" data-wp-class--show=\"state.isContentVisible\" data-wp-init=\"callbacks.setButtonStyles\" data-wp-on-async--click=\"actions.showLightbox\" data-wp-on-async--load=\"callbacks.setButtonStyles\" data-wp-on-async-window--resize=\"callbacks.setButtonStyles\" data-id=\"19246\" src=\"https:\/\/fundacionincipe.com\/wp-content\/uploads\/2024\/11\/DSC_3260-1024x666.jpg\" alt=\"\" class=\"wp-image-19246\" srcset=\"https:\/\/fundacionincipe.com\/wp-content\/uploads\/2024\/11\/DSC_3260-1024x666.jpg 1024w, https:\/\/fundacionincipe.com\/wp-content\/uploads\/2024\/11\/DSC_3260-300x195.jpg 300w, https:\/\/fundacionincipe.com\/wp-content\/uploads\/2024\/11\/DSC_3260-768x499.jpg 768w, https:\/\/fundacionincipe.com\/wp-content\/uploads\/2024\/11\/DSC_3260.jpg 1181w\" sizes=\"(max-width: 1024px) 100vw, 1024px\" \/><button\n\t\t\tclass=\"lightbox-trigger\"\n\t\t\ttype=\"button\"\n\t\t\taria-haspopup=\"dialog\"\n\t\t\taria-label=\"Ampliar la imagen\"\n\t\t\tdata-wp-init=\"callbacks.initTriggerButton\"\n\t\t\tdata-wp-on-async--click=\"actions.showLightbox\"\n\t\t\tdata-wp-style--right=\"state.imageButtonRight\"\n\t\t\tdata-wp-style--top=\"state.imageButtonTop\"\n\t\t>\n\t\t\t<svg xmlns=\"http:\/\/www.w3.org\/2000\/svg\" width=\"12\" height=\"12\" fill=\"none\" viewBox=\"0 0 12 12\">\n\t\t\t\t<path fill=\"#fff\" d=\"M2 0a2 2 0 0 0-2 2v2h1.5V2a.5.5 0 0 1 .5-.5h2V0H2Zm2 10.5H2a.5.5 0 0 1-.5-.5V8H0v2a2 2 0 0 0 2 2h2v-1.5ZM8 12v-1.5h2a.5.5 0 0 0 .5-.5V8H12v2a2 2 0 0 1-2 2H8Zm2-12a2 2 0 0 1 2 2v2h-1.5V2a.5.5 0 0 0-.5-.5H8V0h2Z\" \/>\n\t\t\t<\/svg>\n\t\t<\/button><\/figure>\n<\/figure>\n","protected":false},"excerpt":{"rendered":"<p>Ante un entorno de creciente incertidumbre e inseguridad, como consecuencia de las nuevas amenazas a las que tiene que hacer frente la Uni\u00f3n Europea, las voces discrepantes ante la Uni\u00f3n [&hellip;]<\/p>\n","protected":false},"author":3,"featured_media":19244,"comment_status":"closed","ping_status":"closed","sticky":false,"template":"","format":"standard","meta":{"_acf_changed":false,"footnotes":""},"categories":[8],"tags":[],"class_list":["post-4492","post","type-post","status-publish","format-standard","has-post-thumbnail","hentry","category-conferencias-y-seminarios"],"acf":[],"_links":{"self":[{"href":"https:\/\/fundacionincipe.com\/index.php\/wp-json\/wp\/v2\/posts\/4492","targetHints":{"allow":["GET"]}}],"collection":[{"href":"https:\/\/fundacionincipe.com\/index.php\/wp-json\/wp\/v2\/posts"}],"about":[{"href":"https:\/\/fundacionincipe.com\/index.php\/wp-json\/wp\/v2\/types\/post"}],"author":[{"embeddable":true,"href":"https:\/\/fundacionincipe.com\/index.php\/wp-json\/wp\/v2\/users\/3"}],"replies":[{"embeddable":true,"href":"https:\/\/fundacionincipe.com\/index.php\/wp-json\/wp\/v2\/comments?post=4492"}],"version-history":[{"count":2,"href":"https:\/\/fundacionincipe.com\/index.php\/wp-json\/wp\/v2\/posts\/4492\/revisions"}],"predecessor-version":[{"id":19251,"href":"https:\/\/fundacionincipe.com\/index.php\/wp-json\/wp\/v2\/posts\/4492\/revisions\/19251"}],"wp:featuredmedia":[{"embeddable":true,"href":"https:\/\/fundacionincipe.com\/index.php\/wp-json\/wp\/v2\/media\/19244"}],"wp:attachment":[{"href":"https:\/\/fundacionincipe.com\/index.php\/wp-json\/wp\/v2\/media?parent=4492"}],"wp:term":[{"taxonomy":"category","embeddable":true,"href":"https:\/\/fundacionincipe.com\/index.php\/wp-json\/wp\/v2\/categories?post=4492"},{"taxonomy":"post_tag","embeddable":true,"href":"https:\/\/fundacionincipe.com\/index.php\/wp-json\/wp\/v2\/tags?post=4492"}],"curies":[{"name":"wp","href":"https:\/\/api.w.org\/{rel}","templated":true}]}}