{"id":4428,"date":"2015-11-23T14:19:59","date_gmt":"2015-11-23T13:19:59","guid":{"rendered":"http:\/\/www.incipe.org\/?p=4428"},"modified":"2024-11-28T08:59:09","modified_gmt":"2024-11-28T08:59:09","slug":"balance-de-la-presidencia-espanola-del-consejo-de-seguridad-de-las-naciones-unidas-durante-octubre-de-2015","status":"publish","type":"post","link":"https:\/\/fundacionincipe.com\/index.php\/2015\/11\/23\/balance-de-la-presidencia-espanola-del-consejo-de-seguridad-de-las-naciones-unidas-durante-octubre-de-2015\/","title":{"rendered":"Balance de la Presidencia espa\u00f1ola del Consejo de Seguridad de las Naciones Unidas"},"content":{"rendered":"\n<p>Durante la Presidencia espa\u00f1ola en octubre de 2015 se han aprobado cinco resoluciones y tratado cuestiones c\u00f3mo los m\u00e9todos de trabajo del Consejo de Seguridad, la situaci\u00f3n en Oriente Medio y Derechos Humanos. Una de estas resoluciones, la <strong>2240<\/strong>, condena todos los actos de tr\u00e1fico de migrantes y trata de personas y afirma la necesidad de ponerle fin. A su vez, expresa <em>honda preocupaci\u00f3n por la reciente proliferaci\u00f3n del tr\u00e1fico de migrantes en el mar Mediterr\u00e1neo, en particular frente a las costas de Libia, y por el peligro que representa para la vida de esos migrantes, y reconociendo que entre ellos puede haber personas que responden a la definici\u00f3n de \u201crefugiado\u201d<\/em> formulada en la Convenci\u00f3n de 1951 sobre el Estatuto de los Refugiados y su Protocolo de 1967.<\/p>\n\n\n\n<p>Por otro lado, la <strong>Resoluci\u00f3n 2242<\/strong> representa una de las prioridades espa\u00f1olas en el Consejo de Seguridad en el decimoquinto aniversario de la Resoluci\u00f3n 1325. Es la octava resoluci\u00f3n aprobada en el marco de mujeres, paz y seguridad que entre sus objetivos cuenta con fomentar el papel de la mujer como agente de paz.<\/p>\n\n\n\n<p>Otra de las actividades impulsadas por Espa\u00f1a durante este mes de octubre ha sido la <strong>reuni\u00f3n sobre v\u00edctimas del terrorismo<\/strong>, celebrada en Nueva York el 21 de octubre y co-organizada por Espa\u00f1a y Estados Unidos. Con esta reuni\u00f3n, Espa\u00f1a cumple uno de sus compromisos en el Consejo de Seguridad: llevar la voz de las v\u00edctimas del terrorismo, provenientes de diferentes regiones y contextos.<\/p>\n\n\n\n<p>Tras la intervenci\u00f3n de Javier Sanabria se abri\u00f3 un turno de debate entre los asistentes, durante el que se profundiz\u00f3 en cuestiones c\u00f3mo: la aprobaci\u00f3n de una resoluci\u00f3n humanitaria para Siria por el Consejo de Seguridad, adopci\u00f3n de una nueva resoluci\u00f3n en la lucha contra Daesh tras los atentados en Par\u00eds o la elaboraci\u00f3n de una normativa jur\u00eddica internacionales para v\u00edctimas del terrorismo.<\/p>\n\n\n\n<p>Aranzazu \u00c1lvarez<\/p>\n\n\n\n<figure class=\"wp-block-gallery has-nested-images columns-default is-cropped wp-block-gallery-1 is-layout-flex wp-block-gallery-is-layout-flex\">\n<figure class=\"wp-block-image size-large\"><img fetchpriority=\"high\" decoding=\"async\" width=\"1024\" height=\"666\" data-id=\"19253\" src=\"https:\/\/fundacionincipe.com\/wp-content\/uploads\/2024\/11\/DSC_1742-1024x666.jpg\" alt=\"\" class=\"wp-image-19253\" srcset=\"https:\/\/fundacionincipe.com\/wp-content\/uploads\/2024\/11\/DSC_1742-1024x666.jpg 1024w, https:\/\/fundacionincipe.com\/wp-content\/uploads\/2024\/11\/DSC_1742-300x195.jpg 300w, https:\/\/fundacionincipe.com\/wp-content\/uploads\/2024\/11\/DSC_1742-768x499.jpg 768w, https:\/\/fundacionincipe.com\/wp-content\/uploads\/2024\/11\/DSC_1742-1536x999.jpg 1536w, https:\/\/fundacionincipe.com\/wp-content\/uploads\/2024\/11\/DSC_1742.jpg 1575w\" sizes=\"(max-width: 1024px) 100vw, 1024px\" \/><\/figure>\n\n\n\n<figure class=\"wp-block-image size-large\"><img decoding=\"async\" width=\"1024\" height=\"666\" data-id=\"19254\" src=\"https:\/\/fundacionincipe.com\/wp-content\/uploads\/2024\/11\/DSC_1708-1024x666.jpg\" alt=\"\" class=\"wp-image-19254\" srcset=\"https:\/\/fundacionincipe.com\/wp-content\/uploads\/2024\/11\/DSC_1708-1024x666.jpg 1024w, https:\/\/fundacionincipe.com\/wp-content\/uploads\/2024\/11\/DSC_1708-300x195.jpg 300w, https:\/\/fundacionincipe.com\/wp-content\/uploads\/2024\/11\/DSC_1708-768x499.jpg 768w, https:\/\/fundacionincipe.com\/wp-content\/uploads\/2024\/11\/DSC_1708-1536x999.jpg 1536w, https:\/\/fundacionincipe.com\/wp-content\/uploads\/2024\/11\/DSC_1708.jpg 1575w\" sizes=\"(max-width: 1024px) 100vw, 1024px\" \/><\/figure>\n<\/figure>\n","protected":false},"excerpt":{"rendered":"<p>Durante la Presidencia espa\u00f1ola en octubre de 2015 se han aprobado cinco resoluciones y tratado cuestiones c\u00f3mo los m\u00e9todos de trabajo del Consejo de Seguridad, la situaci\u00f3n en Oriente Medio [&hellip;]<\/p>\n","protected":false},"author":3,"featured_media":19253,"comment_status":"closed","ping_status":"closed","sticky":false,"template":"","format":"standard","meta":{"_acf_changed":false,"footnotes":""},"categories":[8],"tags":[],"class_list":["post-4428","post","type-post","status-publish","format-standard","has-post-thumbnail","hentry","category-conferencias-y-seminarios"],"acf":[],"_links":{"self":[{"href":"https:\/\/fundacionincipe.com\/index.php\/wp-json\/wp\/v2\/posts\/4428","targetHints":{"allow":["GET"]}}],"collection":[{"href":"https:\/\/fundacionincipe.com\/index.php\/wp-json\/wp\/v2\/posts"}],"about":[{"href":"https:\/\/fundacionincipe.com\/index.php\/wp-json\/wp\/v2\/types\/post"}],"author":[{"embeddable":true,"href":"https:\/\/fundacionincipe.com\/index.php\/wp-json\/wp\/v2\/users\/3"}],"replies":[{"embeddable":true,"href":"https:\/\/fundacionincipe.com\/index.php\/wp-json\/wp\/v2\/comments?post=4428"}],"version-history":[{"count":1,"href":"https:\/\/fundacionincipe.com\/index.php\/wp-json\/wp\/v2\/posts\/4428\/revisions"}],"predecessor-version":[{"id":19255,"href":"https:\/\/fundacionincipe.com\/index.php\/wp-json\/wp\/v2\/posts\/4428\/revisions\/19255"}],"wp:featuredmedia":[{"embeddable":true,"href":"https:\/\/fundacionincipe.com\/index.php\/wp-json\/wp\/v2\/media\/19253"}],"wp:attachment":[{"href":"https:\/\/fundacionincipe.com\/index.php\/wp-json\/wp\/v2\/media?parent=4428"}],"wp:term":[{"taxonomy":"category","embeddable":true,"href":"https:\/\/fundacionincipe.com\/index.php\/wp-json\/wp\/v2\/categories?post=4428"},{"taxonomy":"post_tag","embeddable":true,"href":"https:\/\/fundacionincipe.com\/index.php\/wp-json\/wp\/v2\/tags?post=4428"}],"curies":[{"name":"wp","href":"https:\/\/api.w.org\/{rel}","templated":true}]}}