{"id":4320,"date":"2015-10-30T12:42:03","date_gmt":"2015-10-30T11:42:03","guid":{"rendered":"http:\/\/www.incipe.org\/?p=4320"},"modified":"2024-11-28T12:52:46","modified_gmt":"2024-11-28T12:52:46","slug":"from-wales-to-warsaw-challenges-ahead","status":"publish","type":"post","link":"https:\/\/fundacionincipe.com\/index.php\/2015\/10\/30\/from-wales-to-warsaw-challenges-ahead\/","title":{"rendered":"Debate: From Wales to Warsaw. Challenges ahead"},"content":{"rendered":"\n<p>La pr\u00f3xima cumbre de la Organizaci\u00f3n del Tratado del Atl\u00e1ntico Norte (OTAN) se celebrar\u00e1 el 8 y el 9 de julio en Varsovia, 25 a\u00f1os despu\u00e9s de la disoluci\u00f3n del pacto hom\u00f3nimo. La cumbre representar\u00e1 un momento vital para la Alianza. El Secretario General de la OTAN, <strong>Jens Stoltenberg<\/strong>, expres\u00f3 en un comunicado que <em>las placas tect\u00f3nicas de la seguridad euroatl\u00e1ntica han girado hacia el este y el sur. En Varsovia trazaremos el curso para la adaptaci\u00f3n de la Alianza al nuevo entorno de seguridad, de manera que la OTAN permanezca preparada para defender a todos los aliados contra cualquier amenaza procedente de cualquier direcci\u00f3n<\/em>.<\/p>\n\n\n\n<p>La OTAN debe adaptarse al actual contexto global, enfrent\u00e1ndose a amenazas como los conflictos sectarios en Oriente Pr\u00f3ximo y norte de \u00c1frica, el terrorismo o los estados fallidos. La comunicaci\u00f3n entre los estados resulta vital para conocer la diversidad hist\u00f3rica y cultural de cada regi\u00f3n.El papel de la Alianza consiste en garantizar la seguridad de los estados miembros, defendiendo los principios democr\u00e1ticos, los derechos humanos y contribuyendo a la estabilidad mundial, primando la resoluci\u00f3n de las diferencias a trav\u00e9s del di\u00e1logo y la diplomacia.<\/p>\n\n\n\n<p>Tras la intervenci\u00f3n de Gerlinde Niehus, durante el debate posterior se profundiz\u00f3 en cuestiones como la relaci\u00f3n de la OTAN con la Federaci\u00f3n de Rusia, las relaciones con otros socios estrat\u00e9gicos o los instrumentos de la Alianza ante desastres naturales.<\/p>\n\n\n\n<p>Aranzazu \u00c1lvarez<\/p>\n\n\n\n<figure class=\"wp-block-gallery has-nested-images columns-default is-cropped wp-block-gallery-1 is-layout-flex wp-block-gallery-is-layout-flex\">\n<figure data-wp-context=\"{&quot;imageId&quot;:&quot;69f25442ea662&quot;}\" data-wp-interactive=\"core\/image\" class=\"wp-block-image size-large wp-lightbox-container\"><img fetchpriority=\"high\" decoding=\"async\" width=\"1024\" height=\"666\" data-wp-class--hide=\"state.isContentHidden\" data-wp-class--show=\"state.isContentVisible\" data-wp-init=\"callbacks.setButtonStyles\" data-wp-on-async--click=\"actions.showLightbox\" data-wp-on-async--load=\"callbacks.setButtonStyles\" data-wp-on-async-window--resize=\"callbacks.setButtonStyles\" data-id=\"19258\" src=\"https:\/\/fundacionincipe.com\/wp-content\/uploads\/2024\/11\/DSC_1658-002-1024x666.jpg\" alt=\"\" class=\"wp-image-19258\" srcset=\"https:\/\/fundacionincipe.com\/wp-content\/uploads\/2024\/11\/DSC_1658-002-1024x666.jpg 1024w, https:\/\/fundacionincipe.com\/wp-content\/uploads\/2024\/11\/DSC_1658-002-300x195.jpg 300w, https:\/\/fundacionincipe.com\/wp-content\/uploads\/2024\/11\/DSC_1658-002-768x499.jpg 768w, https:\/\/fundacionincipe.com\/wp-content\/uploads\/2024\/11\/DSC_1658-002.jpg 1417w\" sizes=\"(max-width: 1024px) 100vw, 1024px\" \/><button\n\t\t\tclass=\"lightbox-trigger\"\n\t\t\ttype=\"button\"\n\t\t\taria-haspopup=\"dialog\"\n\t\t\taria-label=\"Ampliar la imagen\"\n\t\t\tdata-wp-init=\"callbacks.initTriggerButton\"\n\t\t\tdata-wp-on-async--click=\"actions.showLightbox\"\n\t\t\tdata-wp-style--right=\"state.imageButtonRight\"\n\t\t\tdata-wp-style--top=\"state.imageButtonTop\"\n\t\t>\n\t\t\t<svg xmlns=\"http:\/\/www.w3.org\/2000\/svg\" width=\"12\" height=\"12\" fill=\"none\" viewBox=\"0 0 12 12\">\n\t\t\t\t<path fill=\"#fff\" d=\"M2 0a2 2 0 0 0-2 2v2h1.5V2a.5.5 0 0 1 .5-.5h2V0H2Zm2 10.5H2a.5.5 0 0 1-.5-.5V8H0v2a2 2 0 0 0 2 2h2v-1.5ZM8 12v-1.5h2a.5.5 0 0 0 .5-.5V8H12v2a2 2 0 0 1-2 2H8Zm2-12a2 2 0 0 1 2 2v2h-1.5V2a.5.5 0 0 0-.5-.5H8V0h2Z\" \/>\n\t\t\t<\/svg>\n\t\t<\/button><\/figure>\n\n\n\n<figure data-wp-context=\"{&quot;imageId&quot;:&quot;69f25442ead15&quot;}\" data-wp-interactive=\"core\/image\" class=\"wp-block-image size-large wp-lightbox-container\"><img decoding=\"async\" width=\"1024\" height=\"666\" data-wp-class--hide=\"state.isContentHidden\" data-wp-class--show=\"state.isContentVisible\" data-wp-init=\"callbacks.setButtonStyles\" data-wp-on-async--click=\"actions.showLightbox\" data-wp-on-async--load=\"callbacks.setButtonStyles\" data-wp-on-async-window--resize=\"callbacks.setButtonStyles\" data-id=\"19257\" src=\"https:\/\/fundacionincipe.com\/wp-content\/uploads\/2024\/11\/DSC_1639-002-1024x666.jpg\" alt=\"\" class=\"wp-image-19257\" srcset=\"https:\/\/fundacionincipe.com\/wp-content\/uploads\/2024\/11\/DSC_1639-002-1024x666.jpg 1024w, https:\/\/fundacionincipe.com\/wp-content\/uploads\/2024\/11\/DSC_1639-002-300x195.jpg 300w, https:\/\/fundacionincipe.com\/wp-content\/uploads\/2024\/11\/DSC_1639-002-768x499.jpg 768w, https:\/\/fundacionincipe.com\/wp-content\/uploads\/2024\/11\/DSC_1639-002.jpg 1417w\" sizes=\"(max-width: 1024px) 100vw, 1024px\" \/><button\n\t\t\tclass=\"lightbox-trigger\"\n\t\t\ttype=\"button\"\n\t\t\taria-haspopup=\"dialog\"\n\t\t\taria-label=\"Ampliar la imagen\"\n\t\t\tdata-wp-init=\"callbacks.initTriggerButton\"\n\t\t\tdata-wp-on-async--click=\"actions.showLightbox\"\n\t\t\tdata-wp-style--right=\"state.imageButtonRight\"\n\t\t\tdata-wp-style--top=\"state.imageButtonTop\"\n\t\t>\n\t\t\t<svg xmlns=\"http:\/\/www.w3.org\/2000\/svg\" width=\"12\" height=\"12\" fill=\"none\" viewBox=\"0 0 12 12\">\n\t\t\t\t<path fill=\"#fff\" d=\"M2 0a2 2 0 0 0-2 2v2h1.5V2a.5.5 0 0 1 .5-.5h2V0H2Zm2 10.5H2a.5.5 0 0 1-.5-.5V8H0v2a2 2 0 0 0 2 2h2v-1.5ZM8 12v-1.5h2a.5.5 0 0 0 .5-.5V8H12v2a2 2 0 0 1-2 2H8Zm2-12a2 2 0 0 1 2 2v2h-1.5V2a.5.5 0 0 0-.5-.5H8V0h2Z\" \/>\n\t\t\t<\/svg>\n\t\t<\/button><\/figure>\n\n\n\n<figure data-wp-context=\"{&quot;imageId&quot;:&quot;69f25442eb35b&quot;}\" data-wp-interactive=\"core\/image\" class=\"wp-block-image size-large wp-lightbox-container\"><img decoding=\"async\" width=\"1024\" height=\"666\" data-wp-class--hide=\"state.isContentHidden\" data-wp-class--show=\"state.isContentVisible\" data-wp-init=\"callbacks.setButtonStyles\" data-wp-on-async--click=\"actions.showLightbox\" data-wp-on-async--load=\"callbacks.setButtonStyles\" data-wp-on-async-window--resize=\"callbacks.setButtonStyles\" data-id=\"19259\" src=\"https:\/\/fundacionincipe.com\/wp-content\/uploads\/2024\/11\/DSC_1632-002-1024x666.jpg\" alt=\"\" class=\"wp-image-19259\" srcset=\"https:\/\/fundacionincipe.com\/wp-content\/uploads\/2024\/11\/DSC_1632-002-1024x666.jpg 1024w, https:\/\/fundacionincipe.com\/wp-content\/uploads\/2024\/11\/DSC_1632-002-300x195.jpg 300w, https:\/\/fundacionincipe.com\/wp-content\/uploads\/2024\/11\/DSC_1632-002-768x499.jpg 768w, https:\/\/fundacionincipe.com\/wp-content\/uploads\/2024\/11\/DSC_1632-002.jpg 1417w\" sizes=\"(max-width: 1024px) 100vw, 1024px\" \/><button\n\t\t\tclass=\"lightbox-trigger\"\n\t\t\ttype=\"button\"\n\t\t\taria-haspopup=\"dialog\"\n\t\t\taria-label=\"Ampliar la imagen\"\n\t\t\tdata-wp-init=\"callbacks.initTriggerButton\"\n\t\t\tdata-wp-on-async--click=\"actions.showLightbox\"\n\t\t\tdata-wp-style--right=\"state.imageButtonRight\"\n\t\t\tdata-wp-style--top=\"state.imageButtonTop\"\n\t\t>\n\t\t\t<svg xmlns=\"http:\/\/www.w3.org\/2000\/svg\" width=\"12\" height=\"12\" fill=\"none\" viewBox=\"0 0 12 12\">\n\t\t\t\t<path fill=\"#fff\" d=\"M2 0a2 2 0 0 0-2 2v2h1.5V2a.5.5 0 0 1 .5-.5h2V0H2Zm2 10.5H2a.5.5 0 0 1-.5-.5V8H0v2a2 2 0 0 0 2 2h2v-1.5ZM8 12v-1.5h2a.5.5 0 0 0 .5-.5V8H12v2a2 2 0 0 1-2 2H8Zm2-12a2 2 0 0 1 2 2v2h-1.5V2a.5.5 0 0 0-.5-.5H8V0h2Z\" \/>\n\t\t\t<\/svg>\n\t\t<\/button><\/figure>\n<\/figure>\n","protected":false},"excerpt":{"rendered":"<p>La pr\u00f3xima cumbre de la Organizaci\u00f3n del Tratado del Atl\u00e1ntico Norte (OTAN) se celebrar\u00e1 el 8 y el 9 de julio en Varsovia, 25 a\u00f1os despu\u00e9s de la disoluci\u00f3n del [&hellip;]<\/p>\n","protected":false},"author":3,"featured_media":19258,"comment_status":"closed","ping_status":"closed","sticky":false,"template":"","format":"standard","meta":{"_acf_changed":false,"footnotes":""},"categories":[8],"tags":[],"class_list":["post-4320","post","type-post","status-publish","format-standard","has-post-thumbnail","hentry","category-conferencias-y-seminarios"],"acf":[],"_links":{"self":[{"href":"https:\/\/fundacionincipe.com\/index.php\/wp-json\/wp\/v2\/posts\/4320","targetHints":{"allow":["GET"]}}],"collection":[{"href":"https:\/\/fundacionincipe.com\/index.php\/wp-json\/wp\/v2\/posts"}],"about":[{"href":"https:\/\/fundacionincipe.com\/index.php\/wp-json\/wp\/v2\/types\/post"}],"author":[{"embeddable":true,"href":"https:\/\/fundacionincipe.com\/index.php\/wp-json\/wp\/v2\/users\/3"}],"replies":[{"embeddable":true,"href":"https:\/\/fundacionincipe.com\/index.php\/wp-json\/wp\/v2\/comments?post=4320"}],"version-history":[{"count":1,"href":"https:\/\/fundacionincipe.com\/index.php\/wp-json\/wp\/v2\/posts\/4320\/revisions"}],"predecessor-version":[{"id":19260,"href":"https:\/\/fundacionincipe.com\/index.php\/wp-json\/wp\/v2\/posts\/4320\/revisions\/19260"}],"wp:featuredmedia":[{"embeddable":true,"href":"https:\/\/fundacionincipe.com\/index.php\/wp-json\/wp\/v2\/media\/19258"}],"wp:attachment":[{"href":"https:\/\/fundacionincipe.com\/index.php\/wp-json\/wp\/v2\/media?parent=4320"}],"wp:term":[{"taxonomy":"category","embeddable":true,"href":"https:\/\/fundacionincipe.com\/index.php\/wp-json\/wp\/v2\/categories?post=4320"},{"taxonomy":"post_tag","embeddable":true,"href":"https:\/\/fundacionincipe.com\/index.php\/wp-json\/wp\/v2\/tags?post=4320"}],"curies":[{"name":"wp","href":"https:\/\/api.w.org\/{rel}","templated":true}]}}