{"id":4246,"date":"2015-10-02T11:20:36","date_gmt":"2015-10-02T09:20:36","guid":{"rendered":"http:\/\/www.incipe.org\/?p=4246"},"modified":"2024-11-28T13:05:45","modified_gmt":"2024-11-28T13:05:45","slug":"la-crisis-migratoria-implicaciones-para-europa","status":"publish","type":"post","link":"https:\/\/fundacionincipe.com\/index.php\/2015\/10\/02\/la-crisis-migratoria-implicaciones-para-europa\/","title":{"rendered":"La crisis migratoria: Implicaciones para Europa"},"content":{"rendered":"\n<p>Para este encuentro, se cont\u00f3 con la ponencia de tres expertos que aportaron perspectivas complementarias para facilitar la comprensi\u00f3n y dimensi\u00f3n de la crisis migratoria; <strong>D. Javier Carbajosa<\/strong>, Embajador en Misi\u00f3n Especial para Asuntos Migratorios del MAEC, <strong>D. Jaime Bar\u00e1<\/strong>, Subdirector de Cooperaci\u00f3n Internacional en Cruz Roja Espa\u00f1ola y <strong>D. Carlos Echeverr\u00eda<\/strong>, Profesor de Relaciones Internacionales en la UNED.<\/p>\n\n\n\n<p>En el a\u00f1o 2014 se han producido 59 millones de desplazamientos forzosos en el mundo, de los cuales 20 millones son considerados refugiados. Aproximadamente la mitad, 10 millones, son ni\u00f1os. Seg\u00fan datos de ACNUR, el 86% de los refugiados son acogidos en pa\u00edses no desarrollados. La cuesti\u00f3n migratoria no debe identificarse como una turbulencia pasajera, por lo que en determinados escenarios, es complicado responder con equilibrio tanto a la necesidad humanitaria como a los requisitos institucionales propios de cada pa\u00eds. Algunas de las pautas que se plantearon durante el Desayuno de Trabajo fueron:<\/p>\n\n\n\n<p>Creaci\u00f3n de <strong>canales legales de inmigraci\u00f3n<\/strong>, que permitan una llegada ordenada y legal.<br><strong>Cooperaci\u00f3n con los pa\u00edses de origen y de tr\u00e1nsito<\/strong>. Algunos de ellos son originalmente de tr\u00e1nsito pero acaban transform\u00e1ndose en el origen.<br><strong>Protecci\u00f3n internacional<\/strong> a todos aquellos que llegan y cumplen con los requisitos y cuando no sea el caso, aplicar <strong>pol\u00edticas de retorno<\/strong>.<br><strong>Aplicar los principios de re-ubicaci\u00f3n<\/strong> a todos aquellos que se encuentran ya en el continente europeo, cifrados en 160.000 personas, de forma eficaz y r\u00e1pida.<\/p>\n\n\n\n<p>Tras la intervenci\u00f3n de los tres ponentes, durante el debate se profundizaron en cuestiones como: el marco legal de los pa\u00edses europeos de tr\u00e1nsito de los flujos migratorios; la necesidad de mayores fondos para la ayuda al desarrollo, por debajo del objetivo del 0,7 o la necesidad de atajar las causas de esta crisis.<\/p>\n\n\n\n<p>Aranzazu \u00c1lvarez<br><!--:--><\/p>\n","protected":false},"excerpt":{"rendered":"<p>Para este encuentro, se cont\u00f3 con la ponencia de tres expertos que aportaron perspectivas complementarias para facilitar la comprensi\u00f3n y dimensi\u00f3n de la crisis migratoria; D. Javier Carbajosa, Embajador en [&hellip;]<\/p>\n","protected":false},"author":3,"featured_media":19263,"comment_status":"closed","ping_status":"closed","sticky":false,"template":"","format":"standard","meta":{"_acf_changed":false,"footnotes":""},"categories":[8],"tags":[],"class_list":["post-4246","post","type-post","status-publish","format-standard","has-post-thumbnail","hentry","category-conferencias-y-seminarios"],"acf":[],"_links":{"self":[{"href":"https:\/\/fundacionincipe.com\/index.php\/wp-json\/wp\/v2\/posts\/4246","targetHints":{"allow":["GET"]}}],"collection":[{"href":"https:\/\/fundacionincipe.com\/index.php\/wp-json\/wp\/v2\/posts"}],"about":[{"href":"https:\/\/fundacionincipe.com\/index.php\/wp-json\/wp\/v2\/types\/post"}],"author":[{"embeddable":true,"href":"https:\/\/fundacionincipe.com\/index.php\/wp-json\/wp\/v2\/users\/3"}],"replies":[{"embeddable":true,"href":"https:\/\/fundacionincipe.com\/index.php\/wp-json\/wp\/v2\/comments?post=4246"}],"version-history":[{"count":2,"href":"https:\/\/fundacionincipe.com\/index.php\/wp-json\/wp\/v2\/posts\/4246\/revisions"}],"predecessor-version":[{"id":19269,"href":"https:\/\/fundacionincipe.com\/index.php\/wp-json\/wp\/v2\/posts\/4246\/revisions\/19269"}],"wp:featuredmedia":[{"embeddable":true,"href":"https:\/\/fundacionincipe.com\/index.php\/wp-json\/wp\/v2\/media\/19263"}],"wp:attachment":[{"href":"https:\/\/fundacionincipe.com\/index.php\/wp-json\/wp\/v2\/media?parent=4246"}],"wp:term":[{"taxonomy":"category","embeddable":true,"href":"https:\/\/fundacionincipe.com\/index.php\/wp-json\/wp\/v2\/categories?post=4246"},{"taxonomy":"post_tag","embeddable":true,"href":"https:\/\/fundacionincipe.com\/index.php\/wp-json\/wp\/v2\/tags?post=4246"}],"curies":[{"name":"wp","href":"https:\/\/api.w.org\/{rel}","templated":true}]}}