{"id":4209,"date":"2015-07-23T16:07:06","date_gmt":"2015-07-23T14:07:06","guid":{"rendered":"http:\/\/www.incipe.org\/?p=4209"},"modified":"2024-11-28T13:05:08","modified_gmt":"2024-11-28T13:05:08","slug":"a-union-for-the-citizens-the-luxembourg-presidency-of-the-council-of-the-european-union","status":"publish","type":"post","link":"https:\/\/fundacionincipe.com\/index.php\/2015\/07\/23\/a-union-for-the-citizens-the-luxembourg-presidency-of-the-council-of-the-european-union\/","title":{"rendered":"A Union for the Citizens: The Luxembourg Presidency of the Council of the European Union"},"content":{"rendered":"\n<p>El Embajador Graff acudi\u00f3 a INCIPE a presentar la <strong>Presidencia de Luxemburgo de Consejo de la Uni\u00f3n Europea<\/strong> que transcurrir\u00e1 durante el <strong>segundo semestre de 2015<\/strong>. Luxemburgo es sede de multitud de instituciones de la Uni\u00f3n Europea, demostrando as\u00ed que el sentimiento europe\u00edsta est\u00e1 muy presente dentro de sus fronteras. Cabe destacar que casi la mitad de su poblaci\u00f3n es extranjera, siendo el 85% procedente de otros pa\u00edses de la Uni\u00f3n.<\/p>\n\n\n\n<p>Durante la Presidencia hay tres ejes estructurales a los que atender: escuchar al ciudadano, impulsar el mercado y la cooperaci\u00f3n con socios e instituciones de acuerdo a los intereses de Europa. El programa de Luxemburgo se enmarca en el contexto de implementaci\u00f3n de la <strong>Agenda Estrat\u00e9gica para la Uni\u00f3n en tiempos de cambio<\/strong><em>, <\/em>adoptada por el Consejo Europeo el 26 y 27 de junio de 2014 y cuyas prioridades articular\u00e1n los objetivos para los siguientes cinco a\u00f1os. Las <strong>prioridades de la Presidencia<\/strong>, adem\u00e1s, estar\u00e1n basadas en siete pilares:<\/p>\n\n\n\n<p><strong>Estimular las inversiones<\/strong> para impulsar el crecimiento y el empleo.<br>Profundizaci\u00f3n en la <strong>dimensi\u00f3n social<\/strong> de la Uni\u00f3n Europea.<br>Gesti\u00f3n de los <strong>flujos migratorios<\/strong>, atendiendo a los principios de libertad, justicia y seguridad.<br>Revitalizaci\u00f3n de las <strong>din\u00e1micas del mercado interior<\/strong>, focaliz\u00e1ndolo sobre todo en la dimensi\u00f3n digital.<br>Situar la <strong>competitividad europea<\/strong> en un marco global.<br>Promoci\u00f3n del <strong>desarrollo sostenible<\/strong>.<br>Reforzar la <strong>presencia e influencia de la Uni\u00f3n<\/strong> en el escenario global en beneficio de la prosperidad.<\/p>\n\n\n\n<p>Durante el Desayuno de Trabajo se profundiz\u00f3 en cada una de las anteriores dimensiones que conforman el discurso de Luxemburgo durante el semestre de su Presidencia. Una vez finalizado el encuentro, se dio paso a un turno de intervenciones de los asistentes, que plantearon cuestiones tan interesantes como: las pol\u00edticas de seguridad y defensa de la Uni\u00f3n, el Tratado de Libre Comercio entre la Uni\u00f3n Europea y estados Unidos (TTIP) o el estados de las pol\u00edticas de ampliaci\u00f3n con los pa\u00edses candidatos.<\/p>\n\n\n\n<p>Aranzazu \u00c1lvarez<\/p>\n\n\n\n<figure class=\"wp-block-gallery has-nested-images columns-default is-cropped wp-block-gallery-1 is-layout-flex wp-block-gallery-is-layout-flex\">\n<figure data-wp-context=\"{&quot;imageId&quot;:&quot;69f25407159a0&quot;}\" data-wp-interactive=\"core\/image\" class=\"wp-block-image size-large wp-lightbox-container\"><img fetchpriority=\"high\" decoding=\"async\" width=\"1024\" height=\"666\" data-wp-class--hide=\"state.isContentHidden\" data-wp-class--show=\"state.isContentVisible\" data-wp-init=\"callbacks.setButtonStyles\" data-wp-on-async--click=\"actions.showLightbox\" data-wp-on-async--load=\"callbacks.setButtonStyles\" data-wp-on-async-window--resize=\"callbacks.setButtonStyles\" data-id=\"19265\" src=\"https:\/\/fundacionincipe.com\/wp-content\/uploads\/2024\/11\/DSC_0898-00000003-1024x666.jpg\" alt=\"\" class=\"wp-image-19265\" srcset=\"https:\/\/fundacionincipe.com\/wp-content\/uploads\/2024\/11\/DSC_0898-00000003-1024x666.jpg 1024w, https:\/\/fundacionincipe.com\/wp-content\/uploads\/2024\/11\/DSC_0898-00000003-300x195.jpg 300w, https:\/\/fundacionincipe.com\/wp-content\/uploads\/2024\/11\/DSC_0898-00000003-768x499.jpg 768w, https:\/\/fundacionincipe.com\/wp-content\/uploads\/2024\/11\/DSC_0898-00000003.jpg 1417w\" sizes=\"(max-width: 1024px) 100vw, 1024px\" \/><button\n\t\t\tclass=\"lightbox-trigger\"\n\t\t\ttype=\"button\"\n\t\t\taria-haspopup=\"dialog\"\n\t\t\taria-label=\"Ampliar la imagen\"\n\t\t\tdata-wp-init=\"callbacks.initTriggerButton\"\n\t\t\tdata-wp-on-async--click=\"actions.showLightbox\"\n\t\t\tdata-wp-style--right=\"state.imageButtonRight\"\n\t\t\tdata-wp-style--top=\"state.imageButtonTop\"\n\t\t>\n\t\t\t<svg xmlns=\"http:\/\/www.w3.org\/2000\/svg\" width=\"12\" height=\"12\" fill=\"none\" viewBox=\"0 0 12 12\">\n\t\t\t\t<path fill=\"#fff\" d=\"M2 0a2 2 0 0 0-2 2v2h1.5V2a.5.5 0 0 1 .5-.5h2V0H2Zm2 10.5H2a.5.5 0 0 1-.5-.5V8H0v2a2 2 0 0 0 2 2h2v-1.5ZM8 12v-1.5h2a.5.5 0 0 0 .5-.5V8H12v2a2 2 0 0 1-2 2H8Zm2-12a2 2 0 0 1 2 2v2h-1.5V2a.5.5 0 0 0-.5-.5H8V0h2Z\" \/>\n\t\t\t<\/svg>\n\t\t<\/button><\/figure>\n\n\n\n<figure data-wp-context=\"{&quot;imageId&quot;:&quot;69f2540715e40&quot;}\" data-wp-interactive=\"core\/image\" class=\"wp-block-image size-large wp-lightbox-container\"><img decoding=\"async\" width=\"1024\" height=\"666\" data-wp-class--hide=\"state.isContentHidden\" data-wp-class--show=\"state.isContentVisible\" data-wp-init=\"callbacks.setButtonStyles\" data-wp-on-async--click=\"actions.showLightbox\" data-wp-on-async--load=\"callbacks.setButtonStyles\" data-wp-on-async-window--resize=\"callbacks.setButtonStyles\" data-id=\"19266\" src=\"https:\/\/fundacionincipe.com\/wp-content\/uploads\/2024\/11\/DSC_0923-00000003-1024x666.jpg\" alt=\"\" class=\"wp-image-19266\" srcset=\"https:\/\/fundacionincipe.com\/wp-content\/uploads\/2024\/11\/DSC_0923-00000003-1024x666.jpg 1024w, https:\/\/fundacionincipe.com\/wp-content\/uploads\/2024\/11\/DSC_0923-00000003-300x195.jpg 300w, https:\/\/fundacionincipe.com\/wp-content\/uploads\/2024\/11\/DSC_0923-00000003-768x499.jpg 768w, https:\/\/fundacionincipe.com\/wp-content\/uploads\/2024\/11\/DSC_0923-00000003.jpg 1417w\" sizes=\"(max-width: 1024px) 100vw, 1024px\" \/><button\n\t\t\tclass=\"lightbox-trigger\"\n\t\t\ttype=\"button\"\n\t\t\taria-haspopup=\"dialog\"\n\t\t\taria-label=\"Ampliar la imagen\"\n\t\t\tdata-wp-init=\"callbacks.initTriggerButton\"\n\t\t\tdata-wp-on-async--click=\"actions.showLightbox\"\n\t\t\tdata-wp-style--right=\"state.imageButtonRight\"\n\t\t\tdata-wp-style--top=\"state.imageButtonTop\"\n\t\t>\n\t\t\t<svg xmlns=\"http:\/\/www.w3.org\/2000\/svg\" width=\"12\" height=\"12\" fill=\"none\" viewBox=\"0 0 12 12\">\n\t\t\t\t<path fill=\"#fff\" d=\"M2 0a2 2 0 0 0-2 2v2h1.5V2a.5.5 0 0 1 .5-.5h2V0H2Zm2 10.5H2a.5.5 0 0 1-.5-.5V8H0v2a2 2 0 0 0 2 2h2v-1.5ZM8 12v-1.5h2a.5.5 0 0 0 .5-.5V8H12v2a2 2 0 0 1-2 2H8Zm2-12a2 2 0 0 1 2 2v2h-1.5V2a.5.5 0 0 0-.5-.5H8V0h2Z\" \/>\n\t\t\t<\/svg>\n\t\t<\/button><\/figure>\n<\/figure>\n\n\n\n<p><br><br><\/p>\n","protected":false},"excerpt":{"rendered":"<p>El Embajador Graff acudi\u00f3 a INCIPE a presentar la Presidencia de Luxemburgo de Consejo de la Uni\u00f3n Europea que transcurrir\u00e1 durante el segundo semestre de 2015. Luxemburgo es sede de [&hellip;]<\/p>\n","protected":false},"author":3,"featured_media":19266,"comment_status":"closed","ping_status":"closed","sticky":false,"template":"","format":"standard","meta":{"_acf_changed":false,"footnotes":""},"categories":[8],"tags":[],"class_list":["post-4209","post","type-post","status-publish","format-standard","has-post-thumbnail","hentry","category-conferencias-y-seminarios"],"acf":[],"_links":{"self":[{"href":"https:\/\/fundacionincipe.com\/index.php\/wp-json\/wp\/v2\/posts\/4209","targetHints":{"allow":["GET"]}}],"collection":[{"href":"https:\/\/fundacionincipe.com\/index.php\/wp-json\/wp\/v2\/posts"}],"about":[{"href":"https:\/\/fundacionincipe.com\/index.php\/wp-json\/wp\/v2\/types\/post"}],"author":[{"embeddable":true,"href":"https:\/\/fundacionincipe.com\/index.php\/wp-json\/wp\/v2\/users\/3"}],"replies":[{"embeddable":true,"href":"https:\/\/fundacionincipe.com\/index.php\/wp-json\/wp\/v2\/comments?post=4209"}],"version-history":[{"count":1,"href":"https:\/\/fundacionincipe.com\/index.php\/wp-json\/wp\/v2\/posts\/4209\/revisions"}],"predecessor-version":[{"id":19268,"href":"https:\/\/fundacionincipe.com\/index.php\/wp-json\/wp\/v2\/posts\/4209\/revisions\/19268"}],"wp:featuredmedia":[{"embeddable":true,"href":"https:\/\/fundacionincipe.com\/index.php\/wp-json\/wp\/v2\/media\/19266"}],"wp:attachment":[{"href":"https:\/\/fundacionincipe.com\/index.php\/wp-json\/wp\/v2\/media?parent=4209"}],"wp:term":[{"taxonomy":"category","embeddable":true,"href":"https:\/\/fundacionincipe.com\/index.php\/wp-json\/wp\/v2\/categories?post=4209"},{"taxonomy":"post_tag","embeddable":true,"href":"https:\/\/fundacionincipe.com\/index.php\/wp-json\/wp\/v2\/tags?post=4209"}],"curies":[{"name":"wp","href":"https:\/\/api.w.org\/{rel}","templated":true}]}}