{"id":4183,"date":"2015-06-26T13:12:33","date_gmt":"2015-06-26T11:12:33","guid":{"rendered":"http:\/\/www.incipe.org\/?p=4183"},"modified":"2024-11-12T13:48:10","modified_gmt":"2024-11-12T13:48:10","slug":"jornada-el-escenario-geopolitico-del-siglo-xxi","status":"publish","type":"post","link":"https:\/\/fundacionincipe.com\/index.php\/2015\/06\/26\/jornada-el-escenario-geopolitico-del-siglo-xxi\/","title":{"rendered":"Jornada: El escenario geopol\u00edtico del siglo XXI"},"content":{"rendered":"\n<p>La geopol\u00edtica ha experimentado un cambio radical en los \u00faltimos a\u00f1os. Con la globalizaci\u00f3n y el desarrollo de las nuevas tecnolog\u00edas han surgido nuevas amenazas y las ya existentes se han adaptado a este entorno, sirviendo de ejemplo el terrorismo o la delincuencia organizada. Este cambio ha hecho tambi\u00e9n que la seguridad interna y externa de los Estados est\u00e9 ahora \u00edntimamente relacionada. Es por ello que la colaboraci\u00f3n multilateral es indispensable para afrontar los retos actuales.<\/p>\n\n\n\n<p>El <strong>primer panel de la Jornada<\/strong>, titulado <strong><em>Claves geopol\u00edticas actuales<\/em><\/strong>, cont\u00f3 con <strong>Dar\u00edo Valc\u00e1rcel<\/strong>, CEO de Estudios de Pol\u00edtica Exterior S.A. y Vicepresidente de INCIPE, como moderador. Asimismo, entre los potentes se encontraban el <strong>Coronel Pedro M\u00e9ndez de Vigo<\/strong>, Jefe del \u00c1rea de An\u00e1lisis Geopol\u00edtico de la Secretar\u00eda General de Pol\u00edtica de Defensa; <strong>Andr\u00e9s Ortega<\/strong>, Director del Observatorio de las Ideas e Investigador Senior Asociado del Real Instituto Elcano; y <strong>Florentino Portero<\/strong>, Profesor Titular de Historia Contempor\u00e1nea en la UNED.<\/p>\n\n\n\n<p>La geopol\u00edtica, que analiza qui\u00e9n ostenta el papel hegem\u00f3nico seg\u00fan regiones y \u00e1mbitos de actuaci\u00f3n, despierta una rivalidad entre los Estados. Este hecho es importante porque puede imposibilitar el dar una respuesta com\u00fan a las amenazas actuales a nivel internacional, de manera que no haya una cooperaci\u00f3n eficaz en los organismos multilaterales. En gran parte, tambi\u00e9n esto se debe a una falta de visi\u00f3n de una realidad multipolar, puesto que en las \u00faltimas d\u00e9cadas ha imperado una concepci\u00f3n del mundo unipolar.<\/p>\n\n\n\n<p>En el <strong>escenario internacional<\/strong>, Estados Unidos sigue siendo la primera potencia, aunque su nivel de influencia en el \u00e1mbito econ\u00f3mico y militar haya disminuido. As\u00ed, la influencia de su pol\u00edtica exterior en el eje Asia-Pac\u00edfico se ha visto mermada. Este debilitamiento estadounidense se explica con el hecho de que desde el fin de la Guerra Fr\u00eda, el liderazgo de EE.UU. fue demasiado importante, lo que hizo que se tuviesen m\u00e1s objetivos que capacidades para alcanzarlos. A eso se une el desgaste que supusieron las guerras de Afganist\u00e1n e Irak, tanto para la opini\u00f3n p\u00fablica estadounidense como respecto a su credibilidad en el \u00e1mbito internacional.<\/p>\n\n\n\n<p>Por otra parte, la situaci\u00f3n en <strong>Oriente Medio<\/strong> tambi\u00e9n ha sido fruto de an\u00e1lisis. Con una localizaci\u00f3n privilegiada entre Asia y \u00c1frica, el Mediterr\u00e1neo y el \u00cdndico, los conflictos en esta zona han aumentado. Entre los hechos hist\u00f3ricos que han contribuido a estos problemas se encuentran la creaci\u00f3n del Estado de Israel, el conflicto entre el bloque sun\u00ed y chi\u00ed, y la presencia de EE.UU. en la regi\u00f3n. En la actualidad, ha sido determinante el nacimiento del grupo terrorista Estado Isl\u00e1mico, escisi\u00f3n de Al Qaeda, y su influencia en el terrorismo yihadista, as\u00ed como la existencia de tres Estados fallidos en la zona: Siria, Irak y Yemen. A pesar de ello, algunas corrientes se muestran optimistas ante un posible re-equilibrio llevado a cabo por Ir\u00e1n, Arabia Saud\u00ed y Turqu\u00eda, cuya influencia est\u00e1 en aumento.<\/p>\n\n\n\n<p>En cuanto a la <strong>Uni\u00f3n Europea<\/strong>, la falta de un enfoque com\u00fan de seguridad y defensa dentro de \u00e9sta ha hecho que deje de ser el principal socio para EE.UU., qui\u00e9n tambi\u00e9n adolece ahora de un problema de visi\u00f3n estrat\u00e9gica. Esta p\u00e9rdida de perspectiva podr\u00eda ser utilizada por China y Rusia, que pese a sus carencias, a\u00fan conservan cultura estrat\u00e9gica. Esto se evidencia en el aumento del control de islas por parte de China, o el mantenimiento del conflicto con Ucrania por Rusia. Tambi\u00e9n los BRICS est\u00e1n aprovechando su desarrollo econ\u00f3mico para la creaci\u00f3n de sus propios bancos regionales.<\/p>\n\n\n\n<p>El <strong>segundo panel<\/strong>, titulado <strong><em>European Security and the Role of International Organizations<\/em><\/strong>, fue moderado por el Director de INCIPE, <strong>Vicente Garrido<\/strong>. Entre los ponentes de esta mesa se encontraban <strong>Jonathan Parish<\/strong>, NATO Deputy Assistant Secretary General for Defence Policing and Planning; el <strong>Coronel Ignacio Fuente Cobo<\/strong>, Analista del Instituto Espa\u00f1ol de Estudios Estrat\u00e9gicos; y <strong>Elena G\u00f3mez Castro<\/strong>, Subdirectora General de Seguridad del MAEC.<\/p>\n\n\n\n<p>La <strong>seguridad europea <\/strong>es ahora una de las <strong>preocupaciones de la OTAN<\/strong>. Por ello, su reto es prevenir que el conflicto en Ucrania se extrapole a otros Estados de la regi\u00f3n, reforzando las capacidades nacionales en los pa\u00edses fronterizos y creando esa Fuerza de Respuesta R\u00e1pida. Igualmente, es importante que esta organizaci\u00f3n atienda a la inestabilidad en el norte de \u00c1frica y Oriente Medio, donde se desarrollan gran parte de las amenazas internacionales y multidimensionales, como la proliferaci\u00f3n de ADM, el terrorismo, la pirater\u00eda, la ciberseguridad, as\u00ed como la inmigraci\u00f3n y el tr\u00e1fico de seres humanos.<\/p>\n\n\n\n<p>Es por ello que se coment\u00f3 que la OTAN debe estar lista para responder en un escenario de 360 grados, y sus aliados deben estar adaptados a la agenda internacional. Para ello, se ha desarrollado un plan basado en los despliegues y ejercicios de fuerzas, y la adaptaci\u00f3n de las medidas. As\u00ed, en el futuro la Alianza tiene como reto adaptar su estructura militar, pol\u00edtica e institucional a los cambios que se dan en la realidad internacional, a trav\u00e9s de la construcci\u00f3n de capacidades, el desarrollo de una estrategia, la mejora en el uso de los recursos o la reforma en la toma de decisiones dentro de la organizaci\u00f3n.<\/p>\n\n\n\n<p>Por otra parte, el pivote Asia-Pac\u00edfico dentro de la Pol\u00edtica Exterior de EE.UU. se ha identificado como una oportunidad para que la Uni\u00f3n Europea se encargue de su propia seguridad. Sin embargo, parece que esto no se est\u00e1 produciendo por tres factores: la bajada del gasto militar, la falta de acuerdo com\u00fan sobre c\u00f3mo organizar la seguridad, y el surgimiento de nuevas amenazas.<\/p>\n\n\n\n<p>En t\u00e9rminos generales, las organizaciones internacionales tienen por delante la necesidad de trabajar conjuntamente y estar presente de manera simult\u00e1nea. A ello se une la importancia de la participaci\u00f3n de terceros pa\u00edses y el aumento del papel que juegan las organizaciones regionales.<\/p>\n\n\n\n<p>Finalmente, durante la Jornada se trat\u00f3 la <strong>posici\u00f3n de Espa\u00f1a<\/strong>, donde la seguridad y la defensa han sido siempre un objetivo com\u00fan, y a lo que ahora se une el hecho de que la seguridad interior y exterior sean indivisibles. La actuaci\u00f3n espa\u00f1ola ha estado guiada por el principio de solidaridad, el apoyo a las medidas adoptadas y en la creencia de la eficacia y necesidad de actuaci\u00f3n de la ONU y la OTAN. Como actor global, nuestro pa\u00eds es un miembro relevante de ambas organizaciones, suponiendo la Alianza una dimensi\u00f3n fundamental dentro de la seguridad de nuestro pa\u00eds.<\/p>\n\n\n\n<p>Sara D\u00edaz<br>INCIPE<\/p>\n\n\n\n<figure class=\"wp-block-gallery has-nested-images columns-default is-cropped wp-block-gallery-1 is-layout-flex wp-block-gallery-is-layout-flex\">\n<figure data-wp-context=\"{&quot;imageId&quot;:&quot;69f253fca5a18&quot;}\" data-wp-interactive=\"core\/image\" class=\"wp-block-image size-large wp-lightbox-container\"><img fetchpriority=\"high\" decoding=\"async\" width=\"1024\" height=\"768\" data-wp-class--hide=\"state.isContentHidden\" data-wp-class--show=\"state.isContentVisible\" data-wp-init=\"callbacks.setButtonStyles\" data-wp-on-async--click=\"actions.showLightbox\" data-wp-on-async--load=\"callbacks.setButtonStyles\" data-wp-on-async-window--resize=\"callbacks.setButtonStyles\" data-id=\"18451\" src=\"https:\/\/fundacionincipe.com\/wp-content\/uploads\/2024\/11\/6496-071-1024x768.jpg\" alt=\"\" class=\"wp-image-18451\" srcset=\"https:\/\/fundacionincipe.com\/wp-content\/uploads\/2024\/11\/6496-071-1024x768.jpg 1024w, https:\/\/fundacionincipe.com\/wp-content\/uploads\/2024\/11\/6496-071-300x225.jpg 300w, https:\/\/fundacionincipe.com\/wp-content\/uploads\/2024\/11\/6496-071-768x576.jpg 768w, https:\/\/fundacionincipe.com\/wp-content\/uploads\/2024\/11\/6496-071.jpg 1104w\" sizes=\"(max-width: 1024px) 100vw, 1024px\" \/><button\n\t\t\tclass=\"lightbox-trigger\"\n\t\t\ttype=\"button\"\n\t\t\taria-haspopup=\"dialog\"\n\t\t\taria-label=\"Ampliar la imagen\"\n\t\t\tdata-wp-init=\"callbacks.initTriggerButton\"\n\t\t\tdata-wp-on-async--click=\"actions.showLightbox\"\n\t\t\tdata-wp-style--right=\"state.imageButtonRight\"\n\t\t\tdata-wp-style--top=\"state.imageButtonTop\"\n\t\t>\n\t\t\t<svg xmlns=\"http:\/\/www.w3.org\/2000\/svg\" width=\"12\" height=\"12\" fill=\"none\" viewBox=\"0 0 12 12\">\n\t\t\t\t<path fill=\"#fff\" d=\"M2 0a2 2 0 0 0-2 2v2h1.5V2a.5.5 0 0 1 .5-.5h2V0H2Zm2 10.5H2a.5.5 0 0 1-.5-.5V8H0v2a2 2 0 0 0 2 2h2v-1.5ZM8 12v-1.5h2a.5.5 0 0 0 .5-.5V8H12v2a2 2 0 0 1-2 2H8Zm2-12a2 2 0 0 1 2 2v2h-1.5V2a.5.5 0 0 0-.5-.5H8V0h2Z\" \/>\n\t\t\t<\/svg>\n\t\t<\/button><\/figure>\n\n\n\n<figure data-wp-context=\"{&quot;imageId&quot;:&quot;69f253fca5f10&quot;}\" data-wp-interactive=\"core\/image\" class=\"wp-block-image size-large wp-lightbox-container\"><img decoding=\"async\" width=\"1024\" height=\"768\" data-wp-class--hide=\"state.isContentHidden\" data-wp-class--show=\"state.isContentVisible\" data-wp-init=\"callbacks.setButtonStyles\" data-wp-on-async--click=\"actions.showLightbox\" data-wp-on-async--load=\"callbacks.setButtonStyles\" data-wp-on-async-window--resize=\"callbacks.setButtonStyles\" data-id=\"18452\" src=\"https:\/\/fundacionincipe.com\/wp-content\/uploads\/2024\/11\/6496-041-1024x768.jpg\" alt=\"\" class=\"wp-image-18452\" srcset=\"https:\/\/fundacionincipe.com\/wp-content\/uploads\/2024\/11\/6496-041-1024x768.jpg 1024w, https:\/\/fundacionincipe.com\/wp-content\/uploads\/2024\/11\/6496-041-300x225.jpg 300w, https:\/\/fundacionincipe.com\/wp-content\/uploads\/2024\/11\/6496-041-768x576.jpg 768w, https:\/\/fundacionincipe.com\/wp-content\/uploads\/2024\/11\/6496-041.jpg 1104w\" sizes=\"(max-width: 1024px) 100vw, 1024px\" \/><button\n\t\t\tclass=\"lightbox-trigger\"\n\t\t\ttype=\"button\"\n\t\t\taria-haspopup=\"dialog\"\n\t\t\taria-label=\"Ampliar la imagen\"\n\t\t\tdata-wp-init=\"callbacks.initTriggerButton\"\n\t\t\tdata-wp-on-async--click=\"actions.showLightbox\"\n\t\t\tdata-wp-style--right=\"state.imageButtonRight\"\n\t\t\tdata-wp-style--top=\"state.imageButtonTop\"\n\t\t>\n\t\t\t<svg xmlns=\"http:\/\/www.w3.org\/2000\/svg\" width=\"12\" height=\"12\" fill=\"none\" viewBox=\"0 0 12 12\">\n\t\t\t\t<path fill=\"#fff\" d=\"M2 0a2 2 0 0 0-2 2v2h1.5V2a.5.5 0 0 1 .5-.5h2V0H2Zm2 10.5H2a.5.5 0 0 1-.5-.5V8H0v2a2 2 0 0 0 2 2h2v-1.5ZM8 12v-1.5h2a.5.5 0 0 0 .5-.5V8H12v2a2 2 0 0 1-2 2H8Zm2-12a2 2 0 0 1 2 2v2h-1.5V2a.5.5 0 0 0-.5-.5H8V0h2Z\" \/>\n\t\t\t<\/svg>\n\t\t<\/button><\/figure>\n\n\n\n<figure data-wp-context=\"{&quot;imageId&quot;:&quot;69f253fca6339&quot;}\" data-wp-interactive=\"core\/image\" class=\"wp-block-image size-large wp-lightbox-container\"><img decoding=\"async\" width=\"1024\" height=\"768\" data-wp-class--hide=\"state.isContentHidden\" data-wp-class--show=\"state.isContentVisible\" data-wp-init=\"callbacks.setButtonStyles\" data-wp-on-async--click=\"actions.showLightbox\" data-wp-on-async--load=\"callbacks.setButtonStyles\" data-wp-on-async-window--resize=\"callbacks.setButtonStyles\" data-id=\"18453\" src=\"https:\/\/fundacionincipe.com\/wp-content\/uploads\/2024\/11\/6496-007-1024x768.jpg\" alt=\"\" class=\"wp-image-18453\" srcset=\"https:\/\/fundacionincipe.com\/wp-content\/uploads\/2024\/11\/6496-007-1024x768.jpg 1024w, https:\/\/fundacionincipe.com\/wp-content\/uploads\/2024\/11\/6496-007-300x225.jpg 300w, https:\/\/fundacionincipe.com\/wp-content\/uploads\/2024\/11\/6496-007-768x576.jpg 768w, https:\/\/fundacionincipe.com\/wp-content\/uploads\/2024\/11\/6496-007.jpg 1104w\" sizes=\"(max-width: 1024px) 100vw, 1024px\" \/><button\n\t\t\tclass=\"lightbox-trigger\"\n\t\t\ttype=\"button\"\n\t\t\taria-haspopup=\"dialog\"\n\t\t\taria-label=\"Ampliar la imagen\"\n\t\t\tdata-wp-init=\"callbacks.initTriggerButton\"\n\t\t\tdata-wp-on-async--click=\"actions.showLightbox\"\n\t\t\tdata-wp-style--right=\"state.imageButtonRight\"\n\t\t\tdata-wp-style--top=\"state.imageButtonTop\"\n\t\t>\n\t\t\t<svg xmlns=\"http:\/\/www.w3.org\/2000\/svg\" width=\"12\" height=\"12\" fill=\"none\" viewBox=\"0 0 12 12\">\n\t\t\t\t<path fill=\"#fff\" d=\"M2 0a2 2 0 0 0-2 2v2h1.5V2a.5.5 0 0 1 .5-.5h2V0H2Zm2 10.5H2a.5.5 0 0 1-.5-.5V8H0v2a2 2 0 0 0 2 2h2v-1.5ZM8 12v-1.5h2a.5.5 0 0 0 .5-.5V8H12v2a2 2 0 0 1-2 2H8Zm2-12a2 2 0 0 1 2 2v2h-1.5V2a.5.5 0 0 0-.5-.5H8V0h2Z\" \/>\n\t\t\t<\/svg>\n\t\t<\/button><\/figure>\n<\/figure>\n","protected":false},"excerpt":{"rendered":"<p>La geopol\u00edtica ha experimentado un cambio radical en los \u00faltimos a\u00f1os. Con la globalizaci\u00f3n y el desarrollo de las nuevas tecnolog\u00edas han surgido nuevas amenazas y las ya existentes se [&hellip;]<\/p>\n","protected":false},"author":3,"featured_media":18450,"comment_status":"closed","ping_status":"closed","sticky":false,"template":"","format":"standard","meta":{"_acf_changed":false,"footnotes":""},"categories":[8],"tags":[],"class_list":["post-4183","post","type-post","status-publish","format-standard","has-post-thumbnail","hentry","category-conferencias-y-seminarios"],"acf":[],"_links":{"self":[{"href":"https:\/\/fundacionincipe.com\/index.php\/wp-json\/wp\/v2\/posts\/4183","targetHints":{"allow":["GET"]}}],"collection":[{"href":"https:\/\/fundacionincipe.com\/index.php\/wp-json\/wp\/v2\/posts"}],"about":[{"href":"https:\/\/fundacionincipe.com\/index.php\/wp-json\/wp\/v2\/types\/post"}],"author":[{"embeddable":true,"href":"https:\/\/fundacionincipe.com\/index.php\/wp-json\/wp\/v2\/users\/3"}],"replies":[{"embeddable":true,"href":"https:\/\/fundacionincipe.com\/index.php\/wp-json\/wp\/v2\/comments?post=4183"}],"version-history":[{"count":2,"href":"https:\/\/fundacionincipe.com\/index.php\/wp-json\/wp\/v2\/posts\/4183\/revisions"}],"predecessor-version":[{"id":18457,"href":"https:\/\/fundacionincipe.com\/index.php\/wp-json\/wp\/v2\/posts\/4183\/revisions\/18457"}],"wp:featuredmedia":[{"embeddable":true,"href":"https:\/\/fundacionincipe.com\/index.php\/wp-json\/wp\/v2\/media\/18450"}],"wp:attachment":[{"href":"https:\/\/fundacionincipe.com\/index.php\/wp-json\/wp\/v2\/media?parent=4183"}],"wp:term":[{"taxonomy":"category","embeddable":true,"href":"https:\/\/fundacionincipe.com\/index.php\/wp-json\/wp\/v2\/categories?post=4183"},{"taxonomy":"post_tag","embeddable":true,"href":"https:\/\/fundacionincipe.com\/index.php\/wp-json\/wp\/v2\/tags?post=4183"}],"curies":[{"name":"wp","href":"https:\/\/api.w.org\/{rel}","templated":true}]}}