{"id":3977,"date":"2015-05-29T14:21:37","date_gmt":"2015-05-29T12:21:37","guid":{"rendered":"http:\/\/www.incipe.org\/?p=3977"},"modified":"2024-11-28T13:17:10","modified_gmt":"2024-11-28T13:17:10","slug":"prioridades-de-espana-en-el-consejo-de-seguridad-de-las-naciones-unidas","status":"publish","type":"post","link":"https:\/\/fundacionincipe.com\/index.php\/2015\/05\/29\/prioridades-de-espana-en-el-consejo-de-seguridad-de-las-naciones-unidas\/","title":{"rendered":"Prioridades de Espa\u00f1a en el Consejo de Seguridad de las Naciones Unidas"},"content":{"rendered":"<p><!--:es--><\/p>\n<p>En un periodo en el que diferentes crisis de gran relevancia se est\u00e1n sucediendo de forma simult\u00e1nea, Espa\u00f1a se postula como un actor determinante en el camino para alcanzar soluciones a estos problemas. Es por ello que el seno de Naciones Unidas servir\u00e1 como escenario para la proyecci\u00f3n de su imagen a nivel internacional, as\u00ed como para demostrar su liderazgo, compromiso y preparaci\u00f3n en la promoci\u00f3n del multilateralismo y en su lucha para la consecuci\u00f3n de la paz y seguridad.<\/p>\n<p>Una de las <strong>principales l\u00edneas tem\u00e1ticas<\/strong> que va a abordar <strong>Espa\u00f1a en el Consejo de Seguridad<\/strong> es la de la diplomacia preventiva, de manera que se act\u00fae sobre las ra\u00edces del conflicto y se intente frenar su desarrollo. As\u00ed, Espa\u00f1a jugar\u00e1 un papel importante en la mediaci\u00f3n, lo que se ha evidenciado con el lanzamiento de una iniciativa en alianza con Marruecos para impulsar el uso de la mediaci\u00f3n en el Mediterr\u00e1neo. Igualmente, en el <strong>d\u00e9cimo aniversario de la aparici\u00f3n del concepto de <em>responsabilidad de proteger<\/em><\/strong>, que se celebrar\u00e1 en junio de 2015, Espa\u00f1a tiene previsto realizar un encuentro para tratar su alcance y la actuaci\u00f3n de los actores no estatales en este \u00e1mbito.<\/p>\n<p>De acuerdo a la actualidad internacional, la lucha contra el terrorismo es otro de los ejes de la actuaci\u00f3n espa\u00f1ola en el Consejo de Seguridad de NN.UU., una cuesti\u00f3n en la que se posee gran experiencia y que, adem\u00e1s, forma una parte central de nuestra pol\u00edtica interior y exterior. En este sentido, Espa\u00f1a ha sabido afrontar este fen\u00f3meno desde el Estado de derecho, dando voz a las v\u00edctimas y desmontando el discurso de los terroristas; fundamental de cara a la reuni\u00f3n que se prev\u00e9 celebrar en Espa\u00f1a del Comit\u00e9 Antiterrorista de esta organizaci\u00f3n.<\/p>\n<p>Otra<strong> tarea que asumir\u00e1 Espa\u00f1a en estos dos a\u00f1os es la de revisar las arquitecturas de paz y seguridad de NN.UU. para que \u00e9stas sean m\u00e1s eficaces<\/strong>. As\u00ed, se proceder\u00e1 a examinar las Operaciones de Mantenimiento de la Paz, la Comisi\u00f3n de Consolidaci\u00f3n de la Paz, y la Resoluci\u00f3n 1325 del a\u00f1o 2000, cuya revisi\u00f3n y renovaci\u00f3n en el 15 aniversario de su aprobaci\u00f3n coincide con el momento en el que la Presidencia rotatoria del Consejo de Seguridad recae sobre nuestro pa\u00eds, en octubre de 2015.<\/p>\n<p>En el <strong>\u00e1mbito de la proliferaci\u00f3n de armas de destrucci\u00f3n masiva (ADM) y desarme<\/strong>, el Consejo de Seguridad ha depositado su confianza en Espa\u00f1a habi\u00e9ndole encomendado la Presidencia de sus tres comit\u00e9s. \u00c9stos son: el Comit\u00e9 1737 sobre las sanciones a Ir\u00e1n, que puede volverse especialmente relevante si en el mes de junio se llega a un acuerdo nuclear con este pa\u00eds; el Comit\u00e9 1718 sobre las sanciones a Corea del Norte; y el Comit\u00e9 1540, sobre la proliferaci\u00f3n de ADM y el posible uso de \u00e9stas por parte de agentes no estatales o terroristas.<\/p>\n<p>Por \u00faltimo, entre las \u00e1reas tem\u00e1ticas en las que va a desarrollar su labor Espa\u00f1a como miembro no permanente de Consejo de Seguridad se incluyen nuevos desaf\u00edos, como la ciberseguridad, que est\u00e1 considerada una amenaza pero cuyo tratamiento est\u00e1 siendo dif\u00edcil de acordar. El cambio clim\u00e1tico tambi\u00e9n articula otro de los ejes, pese a que algunos Estados lo consideran fuera de las competencias del Consejo de Seguridad por no ser considerado una amenaza para la paz y la seguridad.<\/p>\n<p>Respecto a las principales l\u00edneas de acci\u00f3n de las Naciones Unidas en estos pr\u00f3ximos meses est\u00e1, de manera m\u00e1s inmediata, la aplicaci\u00f3n de una resoluci\u00f3n sobre el terremoto de Nepal, y a largo plazo, proseguir con la agenda de desarrollo m\u00e1s all\u00e1 de 2015. Es relevante la celebraci\u00f3n, tambi\u00e9n en octubre, del <strong>70 aniversario del nacimiento de la Organizaci\u00f3n, as\u00ed como el 60 aniversario de la entrada de Espa\u00f1a<\/strong>. Tambi\u00e9n cabe destacar el compromiso espa\u00f1ol en la labor de revisar los m\u00e9todos de trabajo de NN.UU., para que se alcance una mayor transparencia y rendici\u00f3n de cuentas del Consejo de Seguridad. La promoci\u00f3n de la diplomacia p\u00fablica y los medios de comunicaci\u00f3n se articulan como base para que la opini\u00f3n p\u00fablica est\u00e9 informada del trabajo que se realiza en la organizaci\u00f3n y sean capaces de mostrarse conscientemente cr\u00edticos o satisfechos respecto a las decisiones que se tomen.<\/p>\n<p>Espa\u00f1a debe continuar promocionando los buenos principios que se defendieron durante la campa\u00f1a para conseguir ser miembro no permanente de Consejo de seguridad. Debe proceder con voluntad pol\u00edtica frente a las limitaciones, y debe potenciar su proyecci\u00f3n internacional mediante la activa participaci\u00f3n en los organismos multilaterales.<\/p>\n<p>El Desayuno de Trabajo se cerr\u00f3 con las intervenciones de algunos asistentes, dando lugar a diferentes reflexiones sobre el tr\u00e1fico de inmigrantes en el Mediterr\u00e1neo, la arquitectura del Consejo de Seguridad y la representatividad de los miembros permanentes o el apoyo de Espa\u00f1a a las iniciativas sobre ciberseguridad y ciberdefensa.<\/p>\n<p>Sara D\u00edaz<\/p>\n<p><!--:--><!--:en--><\/p>\n<p><!--:--><\/p>\n","protected":false},"excerpt":{"rendered":"<p>En un periodo en el que diferentes crisis de gran relevancia se est\u00e1n sucediendo de forma simult\u00e1nea, Espa\u00f1a se postula como un actor determinante en el camino para alcanzar soluciones [&hellip;]<\/p>\n","protected":false},"author":3,"featured_media":19280,"comment_status":"closed","ping_status":"closed","sticky":false,"template":"","format":"standard","meta":{"_acf_changed":false,"footnotes":""},"categories":[8],"tags":[],"class_list":["post-3977","post","type-post","status-publish","format-standard","has-post-thumbnail","hentry","category-conferencias-y-seminarios"],"acf":[],"_links":{"self":[{"href":"https:\/\/fundacionincipe.com\/index.php\/wp-json\/wp\/v2\/posts\/3977","targetHints":{"allow":["GET"]}}],"collection":[{"href":"https:\/\/fundacionincipe.com\/index.php\/wp-json\/wp\/v2\/posts"}],"about":[{"href":"https:\/\/fundacionincipe.com\/index.php\/wp-json\/wp\/v2\/types\/post"}],"author":[{"embeddable":true,"href":"https:\/\/fundacionincipe.com\/index.php\/wp-json\/wp\/v2\/users\/3"}],"replies":[{"embeddable":true,"href":"https:\/\/fundacionincipe.com\/index.php\/wp-json\/wp\/v2\/comments?post=3977"}],"version-history":[{"count":1,"href":"https:\/\/fundacionincipe.com\/index.php\/wp-json\/wp\/v2\/posts\/3977\/revisions"}],"predecessor-version":[{"id":19282,"href":"https:\/\/fundacionincipe.com\/index.php\/wp-json\/wp\/v2\/posts\/3977\/revisions\/19282"}],"wp:featuredmedia":[{"embeddable":true,"href":"https:\/\/fundacionincipe.com\/index.php\/wp-json\/wp\/v2\/media\/19280"}],"wp:attachment":[{"href":"https:\/\/fundacionincipe.com\/index.php\/wp-json\/wp\/v2\/media?parent=3977"}],"wp:term":[{"taxonomy":"category","embeddable":true,"href":"https:\/\/fundacionincipe.com\/index.php\/wp-json\/wp\/v2\/categories?post=3977"},{"taxonomy":"post_tag","embeddable":true,"href":"https:\/\/fundacionincipe.com\/index.php\/wp-json\/wp\/v2\/tags?post=3977"}],"curies":[{"name":"wp","href":"https:\/\/api.w.org\/{rel}","templated":true}]}}