{"id":3897,"date":"2015-03-23T13:22:23","date_gmt":"2015-03-23T12:22:23","guid":{"rendered":"http:\/\/www.incipe.org\/?p=3897"},"modified":"2024-11-28T13:21:09","modified_gmt":"2024-11-28T13:21:09","slug":"las-fuerzas-armadas-en-el-siglo-xxi","status":"publish","type":"post","link":"https:\/\/fundacionincipe.com\/index.php\/2015\/03\/23\/las-fuerzas-armadas-en-el-siglo-xxi\/","title":{"rendered":"Ciclo las Fuerzas Armadas en el siglo XXI"},"content":{"rendered":"<p><!--:es--><\/p>\n<p>Las r\u00e1pidas transformaciones que est\u00e1 experimentando el mundo actual no son ajenas a nuestras Fuerzas Armadas, que se encuentran en un per\u00edodo de transformaci\u00f3n constante para estar previstas y preparadas lo m\u00e1s r\u00e1pido posible para lo que pueda pasar en el futuro. As\u00ed, \u00e9stas son una herramienta esencial dentro de la acci\u00f3n exterior del Estado, por lo que deben ser responsables en su actividad, dando respuesta a las necesidades del pa\u00eds y de la sociedad.<\/p>\n<p>En el presente marco estrat\u00e9gico, la globalizaci\u00f3n y la internacionalizaci\u00f3n se han convertido en elementos indispensables. Igualmente, han adquirido especial relevancia las amenazas, contra las que hay que luchar, y los riesgos, que necesitan ser controlados de cara a una futura actuaci\u00f3n. Entre las amenazas destacan ahora m\u00e1s que nunca el terrorismo internacional, el crimen organizado, la proliferaci\u00f3n de armas nucleares, las pandemias o la crisis de los sistemas econ\u00f3micos. Sin embargo, para las Fuerzas Armadas<strong> cabe prestar especial atenci\u00f3n a los potenciadores del riesgo, como el desequilibrio demogr\u00e1fico, el desarrollo tecnol\u00f3gico, o los problemas en educaci\u00f3n o medio ambiente<\/strong>, que son los que crean el peligro de crear nuevas amenazas o intensificar de las existentes.<\/p>\n<p>Otro de los retos a los que se enfrentan las Fuerzas Armadas es la <strong>evoluci\u00f3n en los gastos de Defensa<\/strong>. De este modo, el incremento del presupuesto en los pa\u00edses de Oriente ha hecho que Occidente tenga que planear estrategias que lo compensen, centr\u00e1ndose el poder\u00edo militar en una mayor capacidad de operaci\u00f3n, tecnolog\u00eda o informaci\u00f3n, y no en unidades de combate, como se hac\u00eda en el pasado. Por otra parte, el espacio global tiene ahora como inconvenientes la accesibilidad y la porosidad de las fronteras, que han hecho que \u00e9stas tan s\u00f3lo se controlen de manera limitada, lo que supone un desaf\u00edo para las Fuerzas Armadas en su papel de lucha y control de las amenazas.<\/p>\n<p>Todos estos cambios hacia una mayor complejidad del escenario internacional han supuesto tambi\u00e9n un <strong>cambio en las percepciones estrat\u00e9gicas de la Defensa<\/strong>. As\u00ed, ahora el concepto de victoria no se mide en unos objetivos concretos, sino que se basa en la consecuci\u00f3n de influencia; y se ha dado un gran valor a la informaci\u00f3n, sobre todo en las llamadas guerras h\u00edbridas. Tambi\u00e9n la seguridad y la defensa son conceptos que cada vez est\u00e1n m\u00e1s unidos y el desarrollo es un elemento indispensable para poder tener seguridad, y viceversa.<\/p>\n<p>Con todo ello, dentro las Fuerzas Armadas son importantes, en la actualidad, los conceptos de prevenci\u00f3n, que supone el desarrollo de las capacidades de inteligencia y vigilancia; la decisi\u00f3n, que depende de un sistema de mando y control claros; y la acci\u00f3n, que se basa en los elementos estrat\u00e9gicos. Adem\u00e1s, el hecho de contar con una estructura operativa sencilla ayuda a que lo anterior se cumpla en todo tipo de operaciones.<\/p>\n<p>Las F<strong>uerzas Armadas luchan ahora por conseguir un equilibrio entre la financiaci\u00f3n, la estructura y la operaci\u00f3n<\/strong>, de manera que su actividad se ajuste a las circunstancias y sea efectiva. Por ello, se ha planteado la necesidad de que la estrategia de Defensa cuente con un planteamiento operativo de 7 d\u00edas a la semana 24 horas al d\u00eda, que cubra los planes de contingencia y est\u00e9 basado en la prevenci\u00f3n, con el desarrollo de indicadores de alerta, sistemas de informaci\u00f3n y vigilancia.<\/p>\n<p>El futuro de las Fuerzas Armadas se encuentra sujeto al condicionamiento de la financiaci\u00f3n sobre la acci\u00f3n militar; al mantenimiento de los valores inculcados en los servicios militares; a un grado de alistamiento que preconice en la calidad frente a la cantidad, es decir, que los miembros se encuentren a plena disposici\u00f3n; y finalmente, a la promoci\u00f3n de una capacidad de decisi\u00f3n del sistema de mando y control que gu\u00ede las posteriores decisiones. Adem\u00e1s, c<strong>omo prioridad del JEMAD est\u00e1 la preparaci\u00f3n y mejora de una fuerza conjunta de los distintos Ej\u00e9rcitos y la Armada en el que converjan la estructura org\u00e1nica y la operativa<\/strong>.<\/p>\n<p>En resumen, las Fuerzas Armadas en Espa\u00f1a encuentran de cara al futuro la necesidad de educar y unir el esfuerzo entre las diferentes divisiones, incrementar la inter-operavilidad con sus aliados, apostar por la movilidad, aumentar la velocidad de mando, desarrollar su capacidad de analizar grandes bases de datos que les permitan conocer la realidad actual, aumentar las capacidades en inteligencia, ciberdefensa, armas selectivas o vigilancia; contar con un car\u00e1cter flexible para trabajar en ambientes complejos y diferentes; y tener una capacidad de enfrentamiento que siga las premisa de dejar poca huella, de forma que se sufran el menor n\u00famero de bajas y sus operaciones sean lo m\u00e1s respetuosas y medidas.<\/p>\n<p>Finalmente, en el turno de debate del Desayuno de Trabajo se trataron cuestiones como la relaci\u00f3n de Espa\u00f1a con la OTAN \u2013que tiene especial relevancia por el hecho de que en 2016 nuestro pa\u00eds ser\u00e1 l\u00edder de la Fuerza de Muy Alta Disponibilidad del Tratado Atl\u00e1ntico\u2013; la amenaza que supone el terrorismo yihadista; los recortes en la financiaci\u00f3n de las Fuerzas Armadas; el problema de las tecnolog\u00edas de doble uso; o la influencia del cambio de Gobierno en el \u00e1mbito militar, entre otros.<\/p>\n<p>Sara D\u00edaz<\/p>\n<p><!--:--><!--:en--><\/p>\n<p><!--:--><\/p>\n","protected":false},"excerpt":{"rendered":"<p>Las r\u00e1pidas transformaciones que est\u00e1 experimentando el mundo actual no son ajenas a nuestras Fuerzas Armadas, que se encuentran en un per\u00edodo de transformaci\u00f3n constante para estar previstas y preparadas [&hellip;]<\/p>\n","protected":false},"author":3,"featured_media":19283,"comment_status":"closed","ping_status":"closed","sticky":false,"template":"","format":"standard","meta":{"_acf_changed":false,"footnotes":""},"categories":[8],"tags":[],"class_list":["post-3897","post","type-post","status-publish","format-standard","has-post-thumbnail","hentry","category-conferencias-y-seminarios"],"acf":[],"_links":{"self":[{"href":"https:\/\/fundacionincipe.com\/index.php\/wp-json\/wp\/v2\/posts\/3897","targetHints":{"allow":["GET"]}}],"collection":[{"href":"https:\/\/fundacionincipe.com\/index.php\/wp-json\/wp\/v2\/posts"}],"about":[{"href":"https:\/\/fundacionincipe.com\/index.php\/wp-json\/wp\/v2\/types\/post"}],"author":[{"embeddable":true,"href":"https:\/\/fundacionincipe.com\/index.php\/wp-json\/wp\/v2\/users\/3"}],"replies":[{"embeddable":true,"href":"https:\/\/fundacionincipe.com\/index.php\/wp-json\/wp\/v2\/comments?post=3897"}],"version-history":[{"count":1,"href":"https:\/\/fundacionincipe.com\/index.php\/wp-json\/wp\/v2\/posts\/3897\/revisions"}],"predecessor-version":[{"id":19285,"href":"https:\/\/fundacionincipe.com\/index.php\/wp-json\/wp\/v2\/posts\/3897\/revisions\/19285"}],"wp:featuredmedia":[{"embeddable":true,"href":"https:\/\/fundacionincipe.com\/index.php\/wp-json\/wp\/v2\/media\/19283"}],"wp:attachment":[{"href":"https:\/\/fundacionincipe.com\/index.php\/wp-json\/wp\/v2\/media?parent=3897"}],"wp:term":[{"taxonomy":"category","embeddable":true,"href":"https:\/\/fundacionincipe.com\/index.php\/wp-json\/wp\/v2\/categories?post=3897"},{"taxonomy":"post_tag","embeddable":true,"href":"https:\/\/fundacionincipe.com\/index.php\/wp-json\/wp\/v2\/tags?post=3897"}],"curies":[{"name":"wp","href":"https:\/\/api.w.org\/{rel}","templated":true}]}}