{"id":3787,"date":"2015-03-17T12:28:02","date_gmt":"2015-03-17T11:28:02","guid":{"rendered":"http:\/\/www.incipe.org\/?p=3787"},"modified":"2024-11-29T09:28:03","modified_gmt":"2024-11-29T09:28:03","slug":"ciclo-las-fuerzas-armadas-en-el-siglo-xxi-el-ejercito-del-aire-adaptacion-y-retos-de-futuro","status":"publish","type":"post","link":"https:\/\/fundacionincipe.com\/index.php\/2015\/03\/17\/ciclo-las-fuerzas-armadas-en-el-siglo-xxi-el-ejercito-del-aire-adaptacion-y-retos-de-futuro\/","title":{"rendered":"Ciclo las Fuerzas Armadas en el siglo XXI: El Ej\u00e9rcito del Aire. Adaptaci\u00f3n y retos de futuro"},"content":{"rendered":"<p><!--:es--><\/p>\n<p>El cambio en las amenazas globales, la geoestrategia y la ambici\u00f3n de los pa\u00edses lleva a la necesidad de desarrollar una defensa responsable, donde un papel fundamental lo adquiere el Ej\u00e9rcito del Aire. As\u00ed, la transformaci\u00f3n de las Fuerzas Armadas espa\u00f1olas y del Ministerio de Defensa en los \u00faltimos a\u00f1os ha sido fundamental en este nuevo contexto internacional.<\/p>\n<p>Los r\u00e1pidos cambios vividos en el entorno estrat\u00e9gico han supuesto que dentro de las fuerzas a\u00e9reas los conceptos de velocidad, inmediatez, disponibilidad, flexibilidad o la preparaci\u00f3n recobren especial relevancia, ya que sus miembros deben estar preparados para reaccionar con urgencia en todas las situaciones. A ello se suma el hecho de que la interconexi\u00f3n y el apoyo mutuo entre los destacamentos militares sean cruciales para conseguir los efectos deseados.<\/p>\n<p>En cuanto a los <strong>retos a los que se enfrentar\u00e1 el Ej\u00e9rcito del Aire en el futuro<\/strong>, durante el Desayuno se destacaron tres: el presupuesto, las nuevas amenazas, y la transformaci\u00f3n que viven los servicios militares.<\/p>\n<p>Sobre el presupuesto se coment\u00f3 la necesidad de adaptar las actividades a la contenci\u00f3n que ha sufrido el gasto en Defensa en Espa\u00f1a. Por ello, se ha decidido no rebajar el nivel operativo y de seguridad, sino limitar el n\u00famero de militares que vuelan a trav\u00e9s de planes c\u00edclicos anuales, para que aunque se recorte el personal que hace salidas, se encuentren en plenas capacidades. Esto ha hecho que puedan sortear la deficiencia en el presupuesto y hayan conseguido que las horas de vuelo se incrementen cada a\u00f1o. Tambi\u00e9n se ha aumentado el n\u00famero de ejercicios que realiza el Ej\u00e9rcito del Aire y su presencia internacional. Se conservan as\u00ed seis destacamentos de los servicios a\u00e9reos, situados en Afganist\u00e1n, Irak, Dijbouti, Dakar, Libreville y Estonia.<\/p>\n<p>En relaci\u00f3n con las nuevas amenazas, las fuerzas militares se han encontrado en los dos \u00faltimos a\u00f1os con el cambio de una amenaza dispersa a una m\u00e1s concreta. Entre ellas se subray\u00f3 el riesgo que supone la situaci\u00f3n en el este de Europa, y por otro lado, el que representan las ambiciones ideol\u00f3gicas de grupos terroristas internacionales en Oriente Medio. En este contexto, Espa\u00f1a ha adquirido as\u00ed un papel clave por su ubicaci\u00f3n, sobre todo en relaci\u00f3n a la cantidad de tr\u00e1fico mar\u00edtimo que tiene y a la proximidad del pa\u00eds a algunos de los focos donde se operan estas amenazas.<\/p>\n<p>Por otra parte, dentro de la transformaci\u00f3n de las Fuerzas Armadas cabe destacar que el Ej\u00e9rcito del Aire comenz\u00f3 a principios de marzo un proceso de reorganizaci\u00f3n tanto en sus relaciones como en el \u00e1mbito funcional. As\u00ed, se ha adaptado desde dentro a las circunstancias actuales, sin por ello descuidar la eficacia de sus actividades.<\/p>\n<p>Finalmente, se abordaron otros temas relacionados con la Defensa y el Ej\u00e9rcito, como el programa Eurofighter y el A400M, para la adquisici\u00f3n de nuevos aviones de combate; el papel de la divisi\u00f3n a\u00e9rea en lo referente a la seguridad espacial; la pol\u00e9mica sobre la utilizaci\u00f3n de los drones, el rol de la mujer en las fuerzas militares; el futuro de Rusia; o las actuaciones de la OTAN en el campo de la defensa en la actualidad.<\/p>\n<p>Sara D\u00edaz Cebri\u00e1n<!--:--><!--:en--><\/p>\n","protected":false},"excerpt":{"rendered":"<p>El cambio en las amenazas globales, la geoestrategia y la ambici\u00f3n de los pa\u00edses lleva a la necesidad de desarrollar una defensa responsable, donde un papel fundamental lo adquiere el [&hellip;]<\/p>\n","protected":false},"author":3,"featured_media":19286,"comment_status":"closed","ping_status":"closed","sticky":false,"template":"","format":"standard","meta":{"_acf_changed":false,"footnotes":""},"categories":[8],"tags":[],"class_list":["post-3787","post","type-post","status-publish","format-standard","has-post-thumbnail","hentry","category-conferencias-y-seminarios"],"acf":[],"_links":{"self":[{"href":"https:\/\/fundacionincipe.com\/index.php\/wp-json\/wp\/v2\/posts\/3787","targetHints":{"allow":["GET"]}}],"collection":[{"href":"https:\/\/fundacionincipe.com\/index.php\/wp-json\/wp\/v2\/posts"}],"about":[{"href":"https:\/\/fundacionincipe.com\/index.php\/wp-json\/wp\/v2\/types\/post"}],"author":[{"embeddable":true,"href":"https:\/\/fundacionincipe.com\/index.php\/wp-json\/wp\/v2\/users\/3"}],"replies":[{"embeddable":true,"href":"https:\/\/fundacionincipe.com\/index.php\/wp-json\/wp\/v2\/comments?post=3787"}],"version-history":[{"count":1,"href":"https:\/\/fundacionincipe.com\/index.php\/wp-json\/wp\/v2\/posts\/3787\/revisions"}],"predecessor-version":[{"id":19288,"href":"https:\/\/fundacionincipe.com\/index.php\/wp-json\/wp\/v2\/posts\/3787\/revisions\/19288"}],"wp:featuredmedia":[{"embeddable":true,"href":"https:\/\/fundacionincipe.com\/index.php\/wp-json\/wp\/v2\/media\/19286"}],"wp:attachment":[{"href":"https:\/\/fundacionincipe.com\/index.php\/wp-json\/wp\/v2\/media?parent=3787"}],"wp:term":[{"taxonomy":"category","embeddable":true,"href":"https:\/\/fundacionincipe.com\/index.php\/wp-json\/wp\/v2\/categories?post=3787"},{"taxonomy":"post_tag","embeddable":true,"href":"https:\/\/fundacionincipe.com\/index.php\/wp-json\/wp\/v2\/tags?post=3787"}],"curies":[{"name":"wp","href":"https:\/\/api.w.org\/{rel}","templated":true}]}}