{"id":3774,"date":"2014-11-27T11:44:02","date_gmt":"2014-11-27T10:44:02","guid":{"rendered":"http:\/\/www.incipe.org\/?p=3774"},"modified":"2024-11-13T12:16:16","modified_gmt":"2024-11-13T12:16:16","slug":"ix-seminario-fuerzas-armadas-y-medios-de-comunicacion-medios-de-comunicacion-y-conflictos-armados-2","status":"publish","type":"post","link":"https:\/\/fundacionincipe.com\/index.php\/2014\/11\/27\/ix-seminario-fuerzas-armadas-y-medios-de-comunicacion-medios-de-comunicacion-y-conflictos-armados-2\/","title":{"rendered":"IX Seminario Fuerzas Armadas y Medios de Comunicaci\u00f3n: Medios de Comunicaci\u00f3n y Conflictos Armados"},"content":{"rendered":"<p><!--:en--><\/p>\n<p style=\"text-align: center;\"><strong>PROGRAMA<\/strong><\/p>\n<p><span style=\"text-decoration: underline;\"><strong>09:30 \u2010 10:00 Palabras de bienvenida e inauguraci\u00f3n del seminario<\/strong><\/span><br \/>\n&#8211; <em>Luis Solana<\/em>, Vicepresidente de INCIPE. Presidente de Telef\u00f3nica Open Future.<br \/>\n&#8211; <em>Alejandro Enrique Alvargonz\u00e1lez<\/em>, Secretario General de Pol\u00edtica de Defensa, Ministerio de Defensa.<\/p>\n<p><span style=\"text-decoration: underline;\"><strong>10:00 \u2010 11:30 Mesa Redonda I: \u201cEl papel de los corresponsales de guerra en los conflictos armados\u201d<\/strong><\/span><br \/>\n<strong>Moderador<\/strong>: <em>Dar\u00edo Valc\u00e1rcel<\/em>, CEO de Estudios de Pol\u00edtica Exterior S.A. Vicepresidente de INCIPE.<br \/>\n&#8211; <em>Gervasio S\u00e1nchez<\/em>, periodista y fot\u00f3grafo. Trabaja para el Heraldo de<br \/>\nArag\u00f3n y La Vanguardia. Colaborador de la Cadena SER y la BBC.<br \/>\n&#8211; <em>M\u00f3nica Bernab\u00e9,<\/em> periodista. Corresponsal en Afganist\u00e1n durante<br \/>\nsiete a\u00f1os para el diario El Mundo y otros medios.<br \/>\n&#8211; <em>TCol. Manuel Rodr\u00edguez<\/em>, Jefe del \u00c1rea de Comunicaci\u00f3n. OFICOMDEF.<\/p>\n<p><strong>11:30 \u2010 12:00 Pausa\u2010Caf\u00e9<\/strong><\/p>\n<p><span style=\"text-decoration: underline;\"><strong>12:00 \u2010 13:30 Mesa Redonda II: \u201cLa informaci\u00f3n en las guerras del siglo XXI\u201d<\/strong><\/span><br \/>\n<strong>Moderador<\/strong>: <em>Cor. Jorge Bonal<\/em>, Jefe del Departamento de Comunicaci\u00f3n del Gabinete del JEME.<br \/>\n&#8211; <em>Ram\u00f3n Lobo<\/em>, periodista y escritor. Colaborador de El Peri\u00f3dico.<br \/>\n&#8211; <em>TCol. Juan Bustamante<\/em>, Jefe de Plana Mayor de la Escuela de Guerra<br \/>\ndel Ej\u00e9rcito. Jefe de Equipos Asesores del Ej\u00e9rcito Afgano.<br \/>\n&#8211; <em>Luis Solana<\/em>, Vicepresidente de INCIPE. Presidente de Telef\u00f3nica Open Future.<\/p>\n<p><span style=\"text-decoration: underline;\"><strong>13:45 \u2013 14:00 Conclusiones finales<\/strong><\/span><br \/>\n&#8211;<em> Vicente Garrido<\/em>, Director de INCIPE.<br \/>\n&#8211; <em>Cor. Pedro M\u00e9ndez de Vigo<\/em>, Jefe del \u00c1rea de An\u00e1lisis Geopol\u00edtico, Divisi\u00f3n de Coordinaci\u00f3n de<br \/>\nEstudios de Seguridad y Defensa, Secretar\u00eda General de Pol\u00edtica de Defensa.<\/p>\n<p><!--:--><!--:es--><\/p>\n<p><!--:--><\/p>\n","protected":false},"excerpt":{"rendered":"<p>PROGRAMA 09:30 \u2010 10:00 Palabras de bienvenida e inauguraci\u00f3n del seminario &#8211; Luis Solana, Vicepresidente de INCIPE. Presidente de Telef\u00f3nica Open Future. &#8211; Alejandro Enrique Alvargonz\u00e1lez, Secretario General de Pol\u00edtica [&hellip;]<\/p>\n","protected":false},"author":3,"featured_media":18468,"comment_status":"closed","ping_status":"closed","sticky":false,"template":"","format":"standard","meta":{"_acf_changed":false,"footnotes":""},"categories":[8],"tags":[],"class_list":["post-3774","post","type-post","status-publish","format-standard","has-post-thumbnail","hentry","category-conferencias-y-seminarios"],"acf":[],"_links":{"self":[{"href":"https:\/\/fundacionincipe.com\/index.php\/wp-json\/wp\/v2\/posts\/3774","targetHints":{"allow":["GET"]}}],"collection":[{"href":"https:\/\/fundacionincipe.com\/index.php\/wp-json\/wp\/v2\/posts"}],"about":[{"href":"https:\/\/fundacionincipe.com\/index.php\/wp-json\/wp\/v2\/types\/post"}],"author":[{"embeddable":true,"href":"https:\/\/fundacionincipe.com\/index.php\/wp-json\/wp\/v2\/users\/3"}],"replies":[{"embeddable":true,"href":"https:\/\/fundacionincipe.com\/index.php\/wp-json\/wp\/v2\/comments?post=3774"}],"version-history":[{"count":2,"href":"https:\/\/fundacionincipe.com\/index.php\/wp-json\/wp\/v2\/posts\/3774\/revisions"}],"predecessor-version":[{"id":18471,"href":"https:\/\/fundacionincipe.com\/index.php\/wp-json\/wp\/v2\/posts\/3774\/revisions\/18471"}],"wp:featuredmedia":[{"embeddable":true,"href":"https:\/\/fundacionincipe.com\/index.php\/wp-json\/wp\/v2\/media\/18468"}],"wp:attachment":[{"href":"https:\/\/fundacionincipe.com\/index.php\/wp-json\/wp\/v2\/media?parent=3774"}],"wp:term":[{"taxonomy":"category","embeddable":true,"href":"https:\/\/fundacionincipe.com\/index.php\/wp-json\/wp\/v2\/categories?post=3774"},{"taxonomy":"post_tag","embeddable":true,"href":"https:\/\/fundacionincipe.com\/index.php\/wp-json\/wp\/v2\/tags?post=3774"}],"curies":[{"name":"wp","href":"https:\/\/api.w.org\/{rel}","templated":true}]}}