{"id":3757,"date":"2014-03-28T11:25:10","date_gmt":"2014-03-28T10:25:10","guid":{"rendered":"http:\/\/www.incipe.org\/?p=3757"},"modified":"2024-11-13T12:23:04","modified_gmt":"2024-11-13T12:23:04","slug":"jornada-el-impacto-humanitario-de-las-armas-nucleares-espana-y-los-procesos-diplomaticos-para-su-regulacion","status":"publish","type":"post","link":"https:\/\/fundacionincipe.com\/index.php\/2014\/03\/28\/jornada-el-impacto-humanitario-de-las-armas-nucleares-espana-y-los-procesos-diplomaticos-para-su-regulacion\/","title":{"rendered":"Jornada: El impacto humanitario de las armas nucleares: Espa\u00f1a y los procesos diplom\u00e1ticos para su regulaci\u00f3n"},"content":{"rendered":"<p><!--:en--><\/p>\n<p><!--:--><!--:es--><\/p>\n<p>La jornada, presentada por Vicente Garrido, Director General de INCIPE y Jordi Armadans, Director de FundiPau, cont\u00f3 con las ponencias de Gonzalo de Salazar, Subdirector General de No proliferaci\u00f3n y Desarme del Ministerio de Asuntos Exteriores y Cooperaci\u00f3n, de Juan Bl\u00e1zquez, Consejero T\u00e9cnico para Asuntos Nucleares del Ministerio de Asuntos Exteriores y Cooperaci\u00f3n, y de H\u00e9ctor Guerra, coordinador para Am\u00e9rica Latina y El Caribe de la Campa\u00f1a Internacional para la Abolici\u00f3n de las Armas Nucleares (ICAN).<\/p>\n<p>Actualmente, nos encontramos con 9 estados con capacidades nucleares muy diferentes entre los que suman alrededor de 17.000 armas nucleares, siendo Estados Unidos y Rusia los que mayor cantidad poseen. Pese a que el n\u00famero se ha visto reducido considerablemente en las \u00faltimas d\u00e9cadas, en 1985 entre estos dos pa\u00edses sumaban 75.000 cabezas nucleares, la detonaci\u00f3n de solo unas decenas de bombas supondr\u00eda una cat\u00e1strofe humanitaria y provocar\u00eda un da\u00f1o irreversible en el sistema clim\u00e1tico a escala mundial.<\/p>\n<p>Durante la Jornada se trataron cuestiones como la dicotom\u00eda entre el uso civil y militar de la energ\u00eda nuclear, las zonas libres de uso de armas nucleares, el Tratado de No Proliferaci\u00f3n o la posici\u00f3n del Gobierno Espa\u00f1ol como miembro de la OTAN ante su hipot\u00e9tica prohibici\u00f3n.<\/p>\n<p><!--:--><\/p>\n","protected":false},"excerpt":{"rendered":"<p>La jornada, presentada por Vicente Garrido, Director General de INCIPE y Jordi Armadans, Director de FundiPau, cont\u00f3 con las ponencias de Gonzalo de Salazar, Subdirector General de No proliferaci\u00f3n y [&hellip;]<\/p>\n","protected":false},"author":3,"featured_media":18475,"comment_status":"closed","ping_status":"closed","sticky":false,"template":"","format":"standard","meta":{"_acf_changed":false,"footnotes":""},"categories":[8],"tags":[],"class_list":["post-3757","post","type-post","status-publish","format-standard","has-post-thumbnail","hentry","category-conferencias-y-seminarios"],"acf":[],"_links":{"self":[{"href":"https:\/\/fundacionincipe.com\/index.php\/wp-json\/wp\/v2\/posts\/3757","targetHints":{"allow":["GET"]}}],"collection":[{"href":"https:\/\/fundacionincipe.com\/index.php\/wp-json\/wp\/v2\/posts"}],"about":[{"href":"https:\/\/fundacionincipe.com\/index.php\/wp-json\/wp\/v2\/types\/post"}],"author":[{"embeddable":true,"href":"https:\/\/fundacionincipe.com\/index.php\/wp-json\/wp\/v2\/users\/3"}],"replies":[{"embeddable":true,"href":"https:\/\/fundacionincipe.com\/index.php\/wp-json\/wp\/v2\/comments?post=3757"}],"version-history":[{"count":4,"href":"https:\/\/fundacionincipe.com\/index.php\/wp-json\/wp\/v2\/posts\/3757\/revisions"}],"predecessor-version":[{"id":18483,"href":"https:\/\/fundacionincipe.com\/index.php\/wp-json\/wp\/v2\/posts\/3757\/revisions\/18483"}],"wp:featuredmedia":[{"embeddable":true,"href":"https:\/\/fundacionincipe.com\/index.php\/wp-json\/wp\/v2\/media\/18475"}],"wp:attachment":[{"href":"https:\/\/fundacionincipe.com\/index.php\/wp-json\/wp\/v2\/media?parent=3757"}],"wp:term":[{"taxonomy":"category","embeddable":true,"href":"https:\/\/fundacionincipe.com\/index.php\/wp-json\/wp\/v2\/categories?post=3757"},{"taxonomy":"post_tag","embeddable":true,"href":"https:\/\/fundacionincipe.com\/index.php\/wp-json\/wp\/v2\/tags?post=3757"}],"curies":[{"name":"wp","href":"https:\/\/api.w.org\/{rel}","templated":true}]}}