{"id":3747,"date":"2013-11-19T11:06:30","date_gmt":"2013-11-19T10:06:30","guid":{"rendered":"http:\/\/www.incipe.org\/?p=3747"},"modified":"2024-11-13T12:32:57","modified_gmt":"2024-11-13T12:32:57","slug":"viii-seminario-fuerzas-armadas-y-medios-de-comunicacioninformacion-y-propaganda-como-instrumentos-de-seguridad-y-defensa","status":"publish","type":"post","link":"https:\/\/fundacionincipe.com\/index.php\/2013\/11\/19\/viii-seminario-fuerzas-armadas-y-medios-de-comunicacioninformacion-y-propaganda-como-instrumentos-de-seguridad-y-defensa\/","title":{"rendered":"VIII Seminario Fuerzas Armadas y Medios de Comunicaci\u00f3n: Informaci\u00f3n y propaganda como instrumentos de Seguridad y Defensa"},"content":{"rendered":"<p><!--:en--><\/p>\n<p style=\"text-align: center;\"><strong>PROGRAMA<\/strong><\/p>\n<p><span style=\"text-decoration: underline;\"><strong>09:30 &#8211; 10:00 Palabras de bienvenida e inauguraci\u00f3n del seminario<\/strong><\/span><br \/>\n&#8211; <em>Dar\u00edo Valc\u00e1rcel<\/em>, Vicepresidente de INCIPE y CEO de \u201cEstudios de Pol\u00edtica Exterior S.A.\u201d<br \/>\n&#8211; <em>GB Miguel \u00c1ngel Ballesteros<\/em>, Director del Instituto Espa\u00f1ol de<br \/>\nEstudios Estrat\u00e9gicos (IEEE), Ministerio de Defensa.<\/p>\n<p><span style=\"text-decoration: underline;\"><strong>10:00 &#8211; 11:45 Mesa Redonda I: \u201cMedios de comunicaci\u00f3n y seguridad<\/strong><\/span><br \/>\n<span style=\"text-decoration: underline;\"><strong> internacional: \u00bfInformaci\u00f3n o propaganda?\u201d<\/strong><\/span><br \/>\n<strong>Moderador<\/strong>: <em>GB Miguel \u00c1ngel Ballesteros<\/em>, Director del Instituto<br \/>\nEspa\u00f1ol de Estudios Estrat\u00e9gicos (IEEE), Ministerio de Defensa.<br \/>\n&#8211; <em>Pilar Requena<\/em>, periodista. Redactora del programa En Portada.<br \/>\n&#8211; <em>Felipe Sahag\u00fan<\/em>, periodista. Profesor Titular de Relaciones<br \/>\nInternacionales, UCM. Miembro del Consejo Editorial del diario El Mundo.<br \/>\n&#8211; <em>TCol. Jes\u00fas D\u00edez Alcalde<\/em>, Analista del IEEE. Antiguo Jefe de<br \/>\nInformaci\u00f3n P\u00fablica de NN.UU. en UNIFIL (L\u00edbano).<\/p>\n<p><strong>11:45 &#8211; 12:15 Pausa-Caf\u00e9<\/strong><\/p>\n<p><span style=\"text-decoration: underline;\"><strong>12:15 &#8211; 13:45 Mesa Redonda II: \u201cLa revoluci\u00f3n inform\u00e1tica y su impacto en la<\/strong><\/span><br \/>\n<span style=\"text-decoration: underline;\"><strong> informaci\u00f3n de la seguridad y la defensa\u201d<\/strong><\/span><br \/>\n<strong>Moderador<\/strong>: <em>Luis Solana<\/em>, Vicepresidente de INCIPE. Presidente de<br \/>\nWAYRA.<br \/>\n&#8211; <em>GD (r.) Jorge Ortega<\/em>, miembro del Consejo Asesor del Grupo<br \/>\nATENEA.<br \/>\n&#8211; <em>Rafael Calduch<\/em>, Catedr\u00e1tico de Relaciones Internacionales y socio<br \/>\nfundador de International Political Risk Analysis.<br \/>\n&#8211;<em> Joaqu\u00edn Vidal<\/em>, Director de Estrella Digital.es.<\/p>\n<p><span style=\"text-decoration: underline;\"><strong>13:45 \u2013 14:00 Conclusiones finales<\/strong><\/span><br \/>\n&#8211; <em>Vicente Garrido<\/em>, Director de INCIPE.<br \/>\n&#8211; <em>TCol. Jes\u00fas D\u00edez Alcalde<\/em>, IEEE.<\/p>\n<p><!--:--><!--:es--><\/p>\n<p><!--:--><\/p>\n","protected":false},"excerpt":{"rendered":"<p>PROGRAMA 09:30 &#8211; 10:00 Palabras de bienvenida e inauguraci\u00f3n del seminario &#8211; Dar\u00edo Valc\u00e1rcel, Vicepresidente de INCIPE y CEO de \u201cEstudios de Pol\u00edtica Exterior S.A.\u201d &#8211; GB Miguel \u00c1ngel Ballesteros, [&hellip;]<\/p>\n","protected":false},"author":3,"featured_media":18489,"comment_status":"closed","ping_status":"closed","sticky":false,"template":"","format":"standard","meta":{"_acf_changed":false,"footnotes":""},"categories":[8],"tags":[],"class_list":["post-3747","post","type-post","status-publish","format-standard","has-post-thumbnail","hentry","category-conferencias-y-seminarios"],"acf":[],"_links":{"self":[{"href":"https:\/\/fundacionincipe.com\/index.php\/wp-json\/wp\/v2\/posts\/3747","targetHints":{"allow":["GET"]}}],"collection":[{"href":"https:\/\/fundacionincipe.com\/index.php\/wp-json\/wp\/v2\/posts"}],"about":[{"href":"https:\/\/fundacionincipe.com\/index.php\/wp-json\/wp\/v2\/types\/post"}],"author":[{"embeddable":true,"href":"https:\/\/fundacionincipe.com\/index.php\/wp-json\/wp\/v2\/users\/3"}],"replies":[{"embeddable":true,"href":"https:\/\/fundacionincipe.com\/index.php\/wp-json\/wp\/v2\/comments?post=3747"}],"version-history":[{"count":1,"href":"https:\/\/fundacionincipe.com\/index.php\/wp-json\/wp\/v2\/posts\/3747\/revisions"}],"predecessor-version":[{"id":18485,"href":"https:\/\/fundacionincipe.com\/index.php\/wp-json\/wp\/v2\/posts\/3747\/revisions\/18485"}],"wp:featuredmedia":[{"embeddable":true,"href":"https:\/\/fundacionincipe.com\/index.php\/wp-json\/wp\/v2\/media\/18489"}],"wp:attachment":[{"href":"https:\/\/fundacionincipe.com\/index.php\/wp-json\/wp\/v2\/media?parent=3747"}],"wp:term":[{"taxonomy":"category","embeddable":true,"href":"https:\/\/fundacionincipe.com\/index.php\/wp-json\/wp\/v2\/categories?post=3747"},{"taxonomy":"post_tag","embeddable":true,"href":"https:\/\/fundacionincipe.com\/index.php\/wp-json\/wp\/v2\/tags?post=3747"}],"curies":[{"name":"wp","href":"https:\/\/api.w.org\/{rel}","templated":true}]}}