{"id":3727,"date":"2012-11-28T13:08:02","date_gmt":"2012-11-28T12:08:02","guid":{"rendered":"http:\/\/www.incipe.org\/?p=3727"},"modified":"2024-11-13T12:40:42","modified_gmt":"2024-11-13T12:40:42","slug":"vii-seminario-fuerzas-armadas-y-medios-de-comunicacion-la-informacion-de-la-defensa-en-tiempos-convulsos","status":"publish","type":"post","link":"https:\/\/fundacionincipe.com\/index.php\/2012\/11\/28\/vii-seminario-fuerzas-armadas-y-medios-de-comunicacion-la-informacion-de-la-defensa-en-tiempos-convulsos\/","title":{"rendered":"VII Seminario Fuerzas Armadas y Medios de Comunicaci\u00f3n: La informaci\u00f3n de la defensa en tiempos convulsos"},"content":{"rendered":"<p><!--:en--><\/p>\n<p><!--:--><!--:es--><\/p>\n<p style=\"text-align: center;\"><strong>PROGRAMA<\/strong><\/p>\n<p><span style=\"text-decoration: underline;\"><strong>09:30 &#8211; 10:00 Palabras de bienvenida e inauguraci\u00f3n del seminario<\/strong><\/span><br \/>\n&#8211; <em>Vicente Garrido<\/em>, Director de INCIPE.<br \/>\n&#8211; GB <em>Miguel \u00c1ngel Ballesteros<\/em>, Director del Instituto Espa\u00f1ol deEstudios Estrat\u00e9gicos (IEEE), Ministerio de Defensa.<\/p>\n<p><span style=\"text-decoration: underline;\"><strong>10:00 &#8211; 11:45 Mesa Redonda I: \u201cLa comunicaci\u00f3n de la defensa y la defensa de la informaci\u00f3n\u201d<\/strong><\/span><br \/>\n<strong>Moderador<\/strong>: GB<em> Miguel \u00c1ngel Ballesteros<\/em>, Director del Instituto Espa\u00f1ol de Estudios Estrat\u00e9gicos (IEEE), Ministerio de Defensa.<br \/>\n&#8211; <em>Dar\u00edo Valc\u00e1rcel<\/em>, Consejero Delegado y Director Editorial de la Revista Pol\u00edtica Exterior. Vicepresidente de INCIPE.<br \/>\n&#8211; <em>Rafael Calduch<\/em>, Catedr\u00e1tico de Relaciones Internacionales y Director del Mag\u00edster de Relaciones Internacionales y Comunicaci\u00f3n, UCM.<br \/>\n&#8211; <em>Hern\u00e1n Zin<\/em>, periodista y reportero freelance.<br \/>\n&#8211; <em>Pilar Requena<\/em>, periodista. Redactora del programa En Portada. Profesora Asociada de Relaciones Internacionales, UCM.<\/p>\n<p><strong>11:45 &#8211; 12:15 Pausa-Caf\u00e9<\/strong><\/p>\n<p><span style=\"text-decoration: underline;\"><strong>12:15 &#8211; 13:45 Mesa Redonda II: \u201cLos informadores ante los conflictos armados\u201d<\/strong><\/span><br \/>\n<strong>Moderador<\/strong>: <em>Luis Solana<\/em>, Presidente de Graminsa. Vicepresidente de INCIPE.<br \/>\n&#8211; <em>TCol. Jes\u00fas D\u00edez Alcalde,<\/em> IEEE. Antiguo Jefe de Informaci\u00f3n P\u00fablica de NN.UU. en UNIFIL (L\u00edbano).<br \/>\n&#8211; <em>Felipe Sahag\u00fan<\/em>, periodista. Profesor Titular de Relaciones Internacionales, UCM. Miembro del Consejo Editorial del diario El Mundo.<br \/>\n&#8211; <em>Emilio Morenatti<\/em>, fotoperiodista. Jefe de fotograf\u00eda para Espa\u00f1a y Portugal de Associated Press.<\/p>\n<p><span style=\"text-decoration: underline;\"><strong>13:45 \u2013 14:00 Conclusiones finales<\/strong><\/span><br \/>\n&#8211; <em>Vicente Garrido<\/em>, Director de INCIPE.<br \/>\n&#8211; TCol. <em>Jes\u00fas D\u00edez Alcalde<\/em>, IEEE.<!--:--><\/p>\n","protected":false},"excerpt":{"rendered":"<p>PROGRAMA 09:30 &#8211; 10:00 Palabras de bienvenida e inauguraci\u00f3n del seminario &#8211; Vicente Garrido, Director de INCIPE. &#8211; GB Miguel \u00c1ngel Ballesteros, Director del Instituto Espa\u00f1ol deEstudios Estrat\u00e9gicos (IEEE), Ministerio [&hellip;]<\/p>\n","protected":false},"author":3,"featured_media":18490,"comment_status":"closed","ping_status":"closed","sticky":false,"template":"","format":"standard","meta":{"_acf_changed":false,"footnotes":""},"categories":[8],"tags":[],"class_list":["post-3727","post","type-post","status-publish","format-standard","has-post-thumbnail","hentry","category-conferencias-y-seminarios"],"acf":[],"_links":{"self":[{"href":"https:\/\/fundacionincipe.com\/index.php\/wp-json\/wp\/v2\/posts\/3727","targetHints":{"allow":["GET"]}}],"collection":[{"href":"https:\/\/fundacionincipe.com\/index.php\/wp-json\/wp\/v2\/posts"}],"about":[{"href":"https:\/\/fundacionincipe.com\/index.php\/wp-json\/wp\/v2\/types\/post"}],"author":[{"embeddable":true,"href":"https:\/\/fundacionincipe.com\/index.php\/wp-json\/wp\/v2\/users\/3"}],"replies":[{"embeddable":true,"href":"https:\/\/fundacionincipe.com\/index.php\/wp-json\/wp\/v2\/comments?post=3727"}],"version-history":[{"count":3,"href":"https:\/\/fundacionincipe.com\/index.php\/wp-json\/wp\/v2\/posts\/3727\/revisions"}],"predecessor-version":[{"id":18494,"href":"https:\/\/fundacionincipe.com\/index.php\/wp-json\/wp\/v2\/posts\/3727\/revisions\/18494"}],"wp:featuredmedia":[{"embeddable":true,"href":"https:\/\/fundacionincipe.com\/index.php\/wp-json\/wp\/v2\/media\/18490"}],"wp:attachment":[{"href":"https:\/\/fundacionincipe.com\/index.php\/wp-json\/wp\/v2\/media?parent=3727"}],"wp:term":[{"taxonomy":"category","embeddable":true,"href":"https:\/\/fundacionincipe.com\/index.php\/wp-json\/wp\/v2\/categories?post=3727"},{"taxonomy":"post_tag","embeddable":true,"href":"https:\/\/fundacionincipe.com\/index.php\/wp-json\/wp\/v2\/tags?post=3727"}],"curies":[{"name":"wp","href":"https:\/\/api.w.org\/{rel}","templated":true}]}}