{"id":3721,"date":"2012-11-22T12:59:09","date_gmt":"2012-11-22T11:59:09","guid":{"rendered":"http:\/\/www.incipe.org\/?p=3721"},"modified":"2024-11-13T12:45:40","modified_gmt":"2024-11-13T12:45:40","slug":"jornada-codigo-de-conducta-para-cientificos-en-espana-relevancia-en-materia-de-biocustodia","status":"publish","type":"post","link":"https:\/\/fundacionincipe.com\/index.php\/2012\/11\/22\/jornada-codigo-de-conducta-para-cientificos-en-espana-relevancia-en-materia-de-biocustodia\/","title":{"rendered":"Jornada: C\u00f3digo de conducta para cient\u00edficos en Espa\u00f1a: relevancia en materia de biocustodia."},"content":{"rendered":"<p><!--:en--><\/p>\n<p><!--:--><!--:es--><\/p>\n<p style=\"text-align: center;\"><strong>PROGRAMA<\/strong><\/p>\n<p><strong>9:30 -10:00 Recepci\u00f3n y acreditaci\u00f3n de participantes<\/strong><\/p>\n<p><span style=\"text-decoration: underline;\"><strong>10:00 &#8211; 10:15 Palabras de bienvenida e inauguraci\u00f3n de la Jornada<\/strong><\/span><br \/>\n&#8211; <em>Vicente Garrido<\/em>, Director de INCIPE<\/p>\n<p><span style=\"text-decoration: underline;\"><strong>10:15 &#8211; 10:30 \u201cLas obligaciones contra\u00eddas en el marco de acuerdos y<\/strong><\/span><br \/>\n<span style=\"text-decoration: underline;\"><strong> normativas internacionales\u201d<\/strong><\/span><br \/>\n&#8211; <em>Gonzalo de Salazar<\/em>, Subdirector General de No Proliferaci\u00f3n y<br \/>\nDesarme, Ministerio de Asuntos Exteriores y de Cooperaci\u00f3n<\/p>\n<p><span style=\"text-decoration: underline;\"><strong>10:30 &#8211; 11:15 \u201cPresentaci\u00f3n del borrador del C\u00f3digo y de su contenido\u201d<\/strong><\/span><br \/>\n&#8211;<em>Rafael P\u00e9rez Mellado<\/em>, Asesor Cient\u00edfico, Subdirecci\u00f3n General de<br \/>\nNo Proliferaci\u00f3n y Desarme<\/p>\n<p><strong>11:15 &#8211; 11:45 Pausa-caf\u00e9<\/strong><\/p>\n<p><span style=\"text-decoration: underline;\"><strong>11:45 \u2013 12:45 Debate y definici\u00f3n de futuras tareas<\/strong><\/span><\/p>\n<p><span style=\"text-decoration: underline;\"><strong>12:45 \u2013 13:00 Clausura de la Jornada<\/strong><\/span><br \/>\n&#8211; <em>Gonzalo de Salazar<\/em><br \/>\n&#8211;<em> Vicente Garrido<\/em><\/p>\n<p><!--:--><\/p>\n","protected":false},"excerpt":{"rendered":"<p>PROGRAMA 9:30 -10:00 Recepci\u00f3n y acreditaci\u00f3n de participantes 10:00 &#8211; 10:15 Palabras de bienvenida e inauguraci\u00f3n de la Jornada &#8211; Vicente Garrido, Director de INCIPE 10:15 &#8211; 10:30 \u201cLas obligaciones [&hellip;]<\/p>\n","protected":false},"author":3,"featured_media":18495,"comment_status":"closed","ping_status":"closed","sticky":false,"template":"","format":"standard","meta":{"_acf_changed":false,"footnotes":""},"categories":[8],"tags":[],"class_list":["post-3721","post","type-post","status-publish","format-standard","has-post-thumbnail","hentry","category-conferencias-y-seminarios"],"acf":[],"_links":{"self":[{"href":"https:\/\/fundacionincipe.com\/index.php\/wp-json\/wp\/v2\/posts\/3721","targetHints":{"allow":["GET"]}}],"collection":[{"href":"https:\/\/fundacionincipe.com\/index.php\/wp-json\/wp\/v2\/posts"}],"about":[{"href":"https:\/\/fundacionincipe.com\/index.php\/wp-json\/wp\/v2\/types\/post"}],"author":[{"embeddable":true,"href":"https:\/\/fundacionincipe.com\/index.php\/wp-json\/wp\/v2\/users\/3"}],"replies":[{"embeddable":true,"href":"https:\/\/fundacionincipe.com\/index.php\/wp-json\/wp\/v2\/comments?post=3721"}],"version-history":[{"count":2,"href":"https:\/\/fundacionincipe.com\/index.php\/wp-json\/wp\/v2\/posts\/3721\/revisions"}],"predecessor-version":[{"id":18498,"href":"https:\/\/fundacionincipe.com\/index.php\/wp-json\/wp\/v2\/posts\/3721\/revisions\/18498"}],"wp:featuredmedia":[{"embeddable":true,"href":"https:\/\/fundacionincipe.com\/index.php\/wp-json\/wp\/v2\/media\/18495"}],"wp:attachment":[{"href":"https:\/\/fundacionincipe.com\/index.php\/wp-json\/wp\/v2\/media?parent=3721"}],"wp:term":[{"taxonomy":"category","embeddable":true,"href":"https:\/\/fundacionincipe.com\/index.php\/wp-json\/wp\/v2\/categories?post=3721"},{"taxonomy":"post_tag","embeddable":true,"href":"https:\/\/fundacionincipe.com\/index.php\/wp-json\/wp\/v2\/tags?post=3721"}],"curies":[{"name":"wp","href":"https:\/\/api.w.org\/{rel}","templated":true}]}}