{"id":3701,"date":"2012-05-24T14:09:45","date_gmt":"2012-05-24T12:09:45","guid":{"rendered":"http:\/\/www.incipe.org\/?p=3701"},"modified":"2024-11-13T13:04:15","modified_gmt":"2024-11-13T13:04:15","slug":"seminario-aplicaciones-tecnicas-de-la-seguridad-nuclear","status":"publish","type":"post","link":"https:\/\/fundacionincipe.com\/index.php\/2012\/05\/24\/seminario-aplicaciones-tecnicas-de-la-seguridad-nuclear\/","title":{"rendered":"Seminario: Aplicaciones T\u00e9cnicas de la Seguridad Nuclear"},"content":{"rendered":"<p><!--:en--><\/p>\n<p style=\"text-align: center;\"><strong>PROGRAMA<\/strong><\/p>\n<p><em><strong>9:00 \u2013 9:30 Bienvenida<\/strong><\/em><br \/>\n&#8211; Prof. <em>Vicente Garrido<\/em>, Director, INCIPE<br \/>\n&#8211; <em>Gonzalo de Salazar<\/em>, Subdirector General de No Proliferaci\u00f3n y Desarme, Ministerio de Asuntos Exteriores y de Cooperaci\u00f3n de Espa\u00f1a<br \/>\n&#8211; <em>Azzedine Farhane<\/em>, Director General de Naciones Unidas y Organizaciones Internacionales, Ministerio de Asuntos Exteriores y de Cooperaci\u00f3n de Marruecos<\/p>\n<p><span style=\"text-decoration: underline;\"><strong>9:30 \u2013 11:00 Sesi\u00f3n I<\/strong><\/span><br \/>\n&#8211; \u201cPortales de detecci\u00f3n\u201d,<em> Fernando Aller<\/em> , INDRA<br \/>\n&#8211; \u201cComunicaci\u00f3n e Instrumentalizaci\u00f3n en la Planificaci\u00f3n de Emergencias\u201d, <em>Peter Colgan<\/em>, Organismo Internacional de la Energ\u00eda At\u00f3mica (OIEA)<\/p>\n<p><strong>11:00 \u2013 11:30 Pausa-Caf\u00e9<\/strong><\/p>\n<p><span style=\"text-decoration: underline;\"><strong>11:30 \u2013 13:00 Sesi\u00f3n II<\/strong><\/span><br \/>\n&#8211; \u201cSistemas de Comunicaci\u00f3n para la Planificaci\u00f3n de Emergencias\u201d, <em>Ignacio Aedo<\/em>, Universidad Carlos III de Madrid<br \/>\n&#8211; \u201cSoftware\u201d para Planificaci\u00f3n de Emergencias\u201d, <em>Manuel Rivera P\u00e9rez<\/em>, TRAGSATEC<\/p>\n<p><strong>13:00 \u2013 13:30 Clausura<\/strong><\/p>\n<p><!--:--><!--:es--><\/p>\n<p><!--:--><\/p>\n","protected":false},"excerpt":{"rendered":"<p>PROGRAMA 9:00 \u2013 9:30 Bienvenida &#8211; Prof. Vicente Garrido, Director, INCIPE &#8211; Gonzalo de Salazar, Subdirector General de No Proliferaci\u00f3n y Desarme, Ministerio de Asuntos Exteriores y de Cooperaci\u00f3n de [&hellip;]<\/p>\n","protected":false},"author":3,"featured_media":18499,"comment_status":"closed","ping_status":"closed","sticky":false,"template":"","format":"standard","meta":{"_acf_changed":false,"footnotes":""},"categories":[8],"tags":[],"class_list":["post-3701","post","type-post","status-publish","format-standard","has-post-thumbnail","hentry","category-conferencias-y-seminarios"],"acf":[],"_links":{"self":[{"href":"https:\/\/fundacionincipe.com\/index.php\/wp-json\/wp\/v2\/posts\/3701","targetHints":{"allow":["GET"]}}],"collection":[{"href":"https:\/\/fundacionincipe.com\/index.php\/wp-json\/wp\/v2\/posts"}],"about":[{"href":"https:\/\/fundacionincipe.com\/index.php\/wp-json\/wp\/v2\/types\/post"}],"author":[{"embeddable":true,"href":"https:\/\/fundacionincipe.com\/index.php\/wp-json\/wp\/v2\/users\/3"}],"replies":[{"embeddable":true,"href":"https:\/\/fundacionincipe.com\/index.php\/wp-json\/wp\/v2\/comments?post=3701"}],"version-history":[{"count":2,"href":"https:\/\/fundacionincipe.com\/index.php\/wp-json\/wp\/v2\/posts\/3701\/revisions"}],"predecessor-version":[{"id":18501,"href":"https:\/\/fundacionincipe.com\/index.php\/wp-json\/wp\/v2\/posts\/3701\/revisions\/18501"}],"wp:featuredmedia":[{"embeddable":true,"href":"https:\/\/fundacionincipe.com\/index.php\/wp-json\/wp\/v2\/media\/18499"}],"wp:attachment":[{"href":"https:\/\/fundacionincipe.com\/index.php\/wp-json\/wp\/v2\/media?parent=3701"}],"wp:term":[{"taxonomy":"category","embeddable":true,"href":"https:\/\/fundacionincipe.com\/index.php\/wp-json\/wp\/v2\/categories?post=3701"},{"taxonomy":"post_tag","embeddable":true,"href":"https:\/\/fundacionincipe.com\/index.php\/wp-json\/wp\/v2\/tags?post=3701"}],"curies":[{"name":"wp","href":"https:\/\/api.w.org\/{rel}","templated":true}]}}