{"id":3683,"date":"2012-04-26T13:30:45","date_gmt":"2012-04-26T11:30:45","guid":{"rendered":"http:\/\/www.incipe.org\/?p=3683"},"modified":"2024-11-13T13:10:17","modified_gmt":"2024-11-13T13:10:17","slug":"seminario-internacional-smart-defence","status":"publish","type":"post","link":"https:\/\/fundacionincipe.com\/index.php\/2012\/04\/26\/seminario-internacional-smart-defence\/","title":{"rendered":"Seminario Internacional: Smart Defence"},"content":{"rendered":"<p><!--:en--><\/p>\n<p style=\"text-align: center;\">\n<p>La jornada fue inaugurada por Jos\u00e9 Llad\u00f3, Presidente de INCIPE, y Jos\u00e9 Mar\u00eda L\u00f3pez-Navarro, Oficial de Informaci\u00f3n de la Direcci\u00f3n de Diplomacia P\u00fablica de la OTAN. Ernest J. Herold, Subsecretario General Adjunto para Inversiones en Defensa de la OTAN, ofreci\u00f3 una presentaci\u00f3n inicial sobre el paquete de defensa de la OTAN con vistas a la Cumbre de Chicago, estableciendo el rumbo hacia 2020 y m\u00e1s all\u00e1.<\/p>\n<p>El seminario incluy\u00f3 dos paneles de discusi\u00f3n: el primero, moderado por Dar\u00edo Valc\u00e1rcel, Vicepresidente de INCIPE, abord\u00f3 las implicaciones pol\u00edticas y estrat\u00e9gicas del concepto de &#8220;Smart Defence&#8221;, con intervenciones del Almirante Jos\u00e9 Mar\u00eda Trevi\u00f1o, Kelly Degnan (OTAN) y F\u00e9lix Arteaga (Real Instituto Elcano). El segundo panel, centrado en las \u00e1reas clave de Inteligencia Conjunta y Reconocimiento, Defensa Antimisiles y Vigilancia A\u00e9rea, cont\u00f3 con la participaci\u00f3n de expertos como el Coronel Arturo Alfonso Meri\u00f1o y otros destacados ponentes del \u00e1mbito europeo y de la industria de defensa. La jornada concluy\u00f3 con unas palabras de cierre de Vicente Garrido, Director de INCIPE, resaltando la importancia de la cooperaci\u00f3n internacional para la seguridad compartida.<\/p>\n<p style=\"text-align: center;\"><strong>PROGRAM<\/strong><\/p>\n<p><strong>9:00 &#8211; 9:45 Accreditation and registration<\/strong><\/p>\n<p><span style=\"text-decoration: underline;\"><strong>9:45 &#8211; 10:00 Conference inauguration<\/strong><\/span><br \/>\n&#8211; <em>Jos\u00e9 Llad\u00f3<\/em>, President of INCIPE<br \/>\n&#8211; <em>Jos\u00e9 Mar\u00eda L\u00f3pez-Navarro<\/em>, Information Officer, NC Engagement Directorate, Public Diplomacy Division, NATO HQ, Brussels<\/p>\n<p><span style=\"text-decoration: underline;\"><strong>10:00 &#8211; 10-30 Key remarks on \u201cNATO\u2019s Defence Package for Chicago: setting the course for 2020 and beyond\u201d<\/strong><\/span><br \/>\n&#8211; <em>Ernest J. Herold<\/em>, Deputy Assistant Secretary General for Defense Investment, NATO HQ, Brussels<\/p>\n<p><strong>10:30 \u2013 11:00 Coffee-Break<\/strong><\/p>\n<p><span style=\"text-decoration: underline;\"><strong>11:00 &#8211; 12:30 First Panel: \u201cSmart Defence: political and strategic implications\u201d<\/strong><\/span><br \/>\n<strong>Chairman<\/strong>: <em>Dar\u00edo Valc\u00e1rcel,<\/em> Vicepresident of INCIPE. CEO, Estudios de Pol\u00edtica Exterior S.A., Madrid<br \/>\nDiscussants:<br \/>\n&#8211; <em>Admiral Jos\u00e9 Mar\u00eda Trevi\u00f1o<\/em>, Defence Adviser, T\u00e9cnicas Reunidas, Madrid<br \/>\n&#8211; <em>Kelly Degnan<\/em>, Political Adviser to the US Mission to NATO, NATO HQ, Brussels<br \/>\n&#8211; <em>F\u00e9lix Arteaga<\/em>, Senior Analyst, Security and Defence, Real Instituto Elcano, Madrid<\/p>\n<p><strong>12:30 &#8211; 12:45 Break<\/strong><\/p>\n<p><span style=\"text-decoration: underline;\"><strong>12:45 &#8211; 14:15 Second Panel: \u201cHow to take it forward? Three main areas: Joint\u2013Intelligence and Reconnaissance, Missile Defence and Air Policing\u201d<\/strong><\/span><br \/>\n&#8211; <em>Col. Arturo Alfonso Meri\u00f1o,<\/em> Deputy General Director for Armament and Material, Spanish MoD<br \/>\n<strong>Chairman<\/strong>: <em>Francisco Gonz\u00e1lez Men\u00e9<\/em>, Spanish Association for Defence, Aeronautics and Space Technologies, TEDAE<br \/>\nDiscussants:<br \/>\n&#8211; <em>General Jos\u00e9 Pinto Ramalho<\/em>, Former Chief of Army Staff, Portugal<br \/>\n&#8211;<em> Pablo Quesada Ramos<\/em>, Head of Market Development MRTT &amp; Airbus Derivatives, Airbus Spain<br \/>\n&#8211; <em>Julian Lindley-French<\/em>, Eisenhower Professor of Defence Strategy, Netherlands Defence Academy. Strategic Advisory Panel, UK Chief OF Defence Staff, London<\/p>\n<p><span style=\"text-decoration: underline;\"><strong>14:15 &#8211; 14:30 Closing remarks by <em>Vicente Garrido<\/em>, Director of INCIPE<\/strong><\/span><\/p>\n<p><!--:--><!--:es--><\/p>\n<p style=\"text-align: center;\">\n<p style=\"text-align: center;\"><strong>\u00a0<\/strong><\/p>\n<p><strong>\u00a0<\/strong><\/p>\n<p><span style=\"text-decoration: underline;\"><strong>\u00a0<\/strong><\/span><\/p>\n<p><!--:--><\/p>\n","protected":false},"excerpt":{"rendered":"<p>La jornada fue inaugurada por Jos\u00e9 Llad\u00f3, Presidente de INCIPE, y Jos\u00e9 Mar\u00eda L\u00f3pez-Navarro, Oficial de Informaci\u00f3n de la Direcci\u00f3n de Diplomacia P\u00fablica de la OTAN. Ernest J. Herold, Subsecretario [&hellip;]<\/p>\n","protected":false},"author":3,"featured_media":18502,"comment_status":"closed","ping_status":"closed","sticky":false,"template":"","format":"standard","meta":{"_acf_changed":false,"footnotes":""},"categories":[8],"tags":[],"class_list":["post-3683","post","type-post","status-publish","format-standard","has-post-thumbnail","hentry","category-conferencias-y-seminarios"],"acf":[],"_links":{"self":[{"href":"https:\/\/fundacionincipe.com\/index.php\/wp-json\/wp\/v2\/posts\/3683","targetHints":{"allow":["GET"]}}],"collection":[{"href":"https:\/\/fundacionincipe.com\/index.php\/wp-json\/wp\/v2\/posts"}],"about":[{"href":"https:\/\/fundacionincipe.com\/index.php\/wp-json\/wp\/v2\/types\/post"}],"author":[{"embeddable":true,"href":"https:\/\/fundacionincipe.com\/index.php\/wp-json\/wp\/v2\/users\/3"}],"replies":[{"embeddable":true,"href":"https:\/\/fundacionincipe.com\/index.php\/wp-json\/wp\/v2\/comments?post=3683"}],"version-history":[{"count":4,"href":"https:\/\/fundacionincipe.com\/index.php\/wp-json\/wp\/v2\/posts\/3683\/revisions"}],"predecessor-version":[{"id":18507,"href":"https:\/\/fundacionincipe.com\/index.php\/wp-json\/wp\/v2\/posts\/3683\/revisions\/18507"}],"wp:featuredmedia":[{"embeddable":true,"href":"https:\/\/fundacionincipe.com\/index.php\/wp-json\/wp\/v2\/media\/18502"}],"wp:attachment":[{"href":"https:\/\/fundacionincipe.com\/index.php\/wp-json\/wp\/v2\/media?parent=3683"}],"wp:term":[{"taxonomy":"category","embeddable":true,"href":"https:\/\/fundacionincipe.com\/index.php\/wp-json\/wp\/v2\/categories?post=3683"},{"taxonomy":"post_tag","embeddable":true,"href":"https:\/\/fundacionincipe.com\/index.php\/wp-json\/wp\/v2\/tags?post=3683"}],"curies":[{"name":"wp","href":"https:\/\/api.w.org\/{rel}","templated":true}]}}