{"id":3669,"date":"2011-12-13T11:20:29","date_gmt":"2011-12-13T10:20:29","guid":{"rendered":"http:\/\/www.incipe.org\/?p=3669"},"modified":"2024-11-13T13:14:45","modified_gmt":"2024-11-13T13:14:45","slug":"el-abastecimiento-energetico-nuevo-desafio-a-la-seguridad","status":"publish","type":"post","link":"https:\/\/fundacionincipe.com\/index.php\/2011\/12\/13\/el-abastecimiento-energetico-nuevo-desafio-a-la-seguridad\/","title":{"rendered":"El Abastecimiento Energ\u00e9tico: \u00bfNuevo Desaf\u00edo a la Seguridad?"},"content":{"rendered":"<p><!--:en--><\/p>\n<p style=\"text-align: center;\"><strong>PROGRAMA<\/strong><\/p>\n<p><span style=\"text-decoration: underline;\"><strong>9:00 &#8211; 9:30 Palabras de bienvenida e inauguraci\u00f3n del Seminario<\/strong><\/span><br \/>\n&#8211; <em>Vicente Garrido<\/em>, Director del INCIPE. Profesor de Derecho Internacional P\u00fablico y Relaciones Internacionales, URJC<br \/>\n&#8211; <em>GB Miguel \u00c1ngel Ballesteros<\/em>, Director del IEEE, Ministerio de Defensa<\/p>\n<p><span style=\"text-decoration: underline;\"><strong>9:30 &#8211; 11:00 Mesa redonda I: \u201cGeopol\u00edtica de la seguridad energ\u00e9tica\u201d<\/strong><\/span><br \/>\n<strong>Modera<\/strong>: <em>GB Miguel \u00c1ngel Ballesteros<\/em>, Director del IEEE, Ministerio de Defensa<br \/>\n&#8211; <em>CN Ignacio Garc\u00eda S\u00e1nchez<\/em>, Segundo Director del IEEE, Ministerio de Defensa<br \/>\n&#8211; <em>Jos\u00e9 Mar\u00eda L\u00f3pez Navarro<\/em>, Information Officer &#8211; NC Engagement Directorate, Divisi\u00f3n de Diplomacia P\u00fablica, OTAN HQ, Bruselas<br \/>\n&#8211; <em>Soledad Segoviano<\/em>, Profesora de Relaciones Internacionales, UCM<\/p>\n<p><strong>11:00 -11:30 Pausa &#8211; Caf\u00e9<\/strong><\/p>\n<p><span style=\"text-decoration: underline;\"><strong>11:30-12:45 Mesa redonda II: \u201cProblemas relacionados con la falta de<\/strong><\/span><br \/>\n<span style=\"text-decoration: underline;\"><strong> abastecimiento energ\u00e9tico: visi\u00f3n empresarial\u201d<\/strong><\/span><br \/>\n<strong>Modera<\/strong>: <em>Juan Sancho Rof<\/em>, Vicepresidente del Consejo de T\u00e9cnicas Reunidas Internacional. Vicepresidente del Club ITM (Industria, Tecnolog\u00eda y Miner\u00eda)<br \/>\n&#8211; <em>Ram\u00f3n de Miguel<\/em>, Presidente de Iberdrola Ingenier\u00eda y Construcci\u00f3n<br \/>\n&#8211; <em>Antonio Merino<\/em>, Director de Estudios y de An\u00e1lisis del Entorno, Repsol<br \/>\n&#8211; <em>Juan Bachiller<\/em>, Director General, Club Espa\u00f1ol de la Energ\u00eda<br \/>\n&#8211; Representante de Acciona Energ\u00eda<\/p>\n<p><span style=\"text-decoration: underline;\"><strong>12:45\u201313:00 Pausa<\/strong><\/span><\/p>\n<p><span style=\"text-decoration: underline;\"><strong>13:00-13:45 Conferencia de clausura: \u201cNuevos desaf\u00edos de la seguridad nuclear\u201d<\/strong><\/span><br \/>\n&#8211; <em>Gonzalo de Salazar<\/em>, Coordinador de la Iniciativa Global contra el Terrorismo Nuclear (IGTN). Subdirector General de No Proliferaci\u00f3n y Desarme, MAE<\/p>\n<p><span style=\"text-decoration: underline;\"><strong>13:45-14:00 Conclusiones y clausura del Seminario<\/strong><\/span><\/p>\n<p><!--:--><!--:es--><\/p>\n<p><!--:--><\/p>\n","protected":false},"excerpt":{"rendered":"<p>PROGRAMA 9:00 &#8211; 9:30 Palabras de bienvenida e inauguraci\u00f3n del Seminario &#8211; Vicente Garrido, Director del INCIPE. Profesor de Derecho Internacional P\u00fablico y Relaciones Internacionales, URJC &#8211; GB Miguel \u00c1ngel [&hellip;]<\/p>\n","protected":false},"author":3,"featured_media":18508,"comment_status":"closed","ping_status":"closed","sticky":false,"template":"","format":"standard","meta":{"_acf_changed":false,"footnotes":""},"categories":[8],"tags":[],"class_list":["post-3669","post","type-post","status-publish","format-standard","has-post-thumbnail","hentry","category-conferencias-y-seminarios"],"acf":[],"_links":{"self":[{"href":"https:\/\/fundacionincipe.com\/index.php\/wp-json\/wp\/v2\/posts\/3669","targetHints":{"allow":["GET"]}}],"collection":[{"href":"https:\/\/fundacionincipe.com\/index.php\/wp-json\/wp\/v2\/posts"}],"about":[{"href":"https:\/\/fundacionincipe.com\/index.php\/wp-json\/wp\/v2\/types\/post"}],"author":[{"embeddable":true,"href":"https:\/\/fundacionincipe.com\/index.php\/wp-json\/wp\/v2\/users\/3"}],"replies":[{"embeddable":true,"href":"https:\/\/fundacionincipe.com\/index.php\/wp-json\/wp\/v2\/comments?post=3669"}],"version-history":[{"count":3,"href":"https:\/\/fundacionincipe.com\/index.php\/wp-json\/wp\/v2\/posts\/3669\/revisions"}],"predecessor-version":[{"id":18512,"href":"https:\/\/fundacionincipe.com\/index.php\/wp-json\/wp\/v2\/posts\/3669\/revisions\/18512"}],"wp:featuredmedia":[{"embeddable":true,"href":"https:\/\/fundacionincipe.com\/index.php\/wp-json\/wp\/v2\/media\/18508"}],"wp:attachment":[{"href":"https:\/\/fundacionincipe.com\/index.php\/wp-json\/wp\/v2\/media?parent=3669"}],"wp:term":[{"taxonomy":"category","embeddable":true,"href":"https:\/\/fundacionincipe.com\/index.php\/wp-json\/wp\/v2\/categories?post=3669"},{"taxonomy":"post_tag","embeddable":true,"href":"https:\/\/fundacionincipe.com\/index.php\/wp-json\/wp\/v2\/tags?post=3669"}],"curies":[{"name":"wp","href":"https:\/\/api.w.org\/{rel}","templated":true}]}}