{"id":3665,"date":"2015-02-17T11:12:04","date_gmt":"2015-02-17T10:12:04","guid":{"rendered":"http:\/\/www.incipe.org\/?p=3665"},"modified":"2024-11-29T10:02:13","modified_gmt":"2024-11-29T10:02:13","slug":"la-armada-en-el-siglo-xxi","status":"publish","type":"post","link":"https:\/\/fundacionincipe.com\/index.php\/2015\/02\/17\/la-armada-en-el-siglo-xxi\/","title":{"rendered":"Ciclo las Fuerzas Armadas en el siglo XXI: La Armada en el siglo XXI"},"content":{"rendered":"<p><!--:es--><\/p>\n<p>Con constantes avances tecnol\u00f3gicos mundiales y coincidiendo con los estrictos recortes presupuestarios producto de la crisis econ\u00f3mica en Espa\u00f1a, la Armada espa\u00f1ola ha tenido que ser ingeniosa en la creaci\u00f3n de una estrategia eficaz para mantener su \u00e9xito en el siglo XXI.<\/p>\n<p>Es importante destacar que casi <strong>75% de las fronteras espa\u00f1olas son costeras<\/strong>. Por eso, la econom\u00eda y la seguridad del pa\u00eds dependen en una Armada fuerte y eficaz. Adem\u00e1s,<strong> Espa\u00f1a recibe el 90% de la energ\u00eda a trav\u00e9s del mar<\/strong>, unido a que el sector tur\u00edstico del pa\u00eds est\u00e1 fuertemente ligado a la mar. Asimismo, con la industria pesquera m\u00e1s grande de Europa, el mantenimiento de aguas seguras en Espa\u00f1a es fundamental para mantener su posici\u00f3n en el mercado global. Las aguas circundantes de Espa\u00f1a se enfrentan a m\u00faltiples amenazas, pudiendo ser v\u00edctima de tr\u00e1ficos il\u00edcitos, terrorismo e inmigraci\u00f3n ilegal; todas cuestiones que la Armada espa\u00f1ola se encarga de reducir.<\/p>\n<p>El Almirante Jefe de Estado Mayor de la Armada, D. Jaime Mu\u00f1oz y D\u00edaz del R\u00edo, admiti\u00f3 que la Armada de Espa\u00f1a tiene que cambiar y avanzar con el clima global; las estrategias del pasado no van a funcionar en el futuro. La estrategia propuesta incluye un enfoque integral y de colaboraci\u00f3n entre diferentes sectores gubernamentales y econ\u00f3micos en Espa\u00f1a, eficacia y eficiencia en el empleo de recursos en la Armada y el fomento de cooperaci\u00f3n nacional. Para tener \u00e9xito, la Armada necesita tener alta disponibilidad, versatilidad, interoperabilidad, movilidad estrat\u00e9gica y autonom\u00eda log\u00edstica.<\/p>\n<p>Para cumplir eso, el AJEMA, D. Jaime Mu\u00f1oz-Delgado, sugiri\u00f3 que algunas misiones espec\u00edficas deben ser ampliadas. Ante todo, l<strong>a disuasi\u00f3n y defensa son las misiones m\u00e1s importantes de la Armada<\/strong>. Para mejorar en esta \u00e1rea, la Armada necesita ampliar su control del mar y la seguridad mar\u00edtima. Adicionalmente, los programas de gesti\u00f3n de crisis y proyecci\u00f3n seguridad tienen que ser aumentados. Eso solo va a ser posible con el apoyo de autoridades civiles.<\/p>\n<p>Sobre todo, la Armada necesita actuar con una alta presencia naval. Para mantener este presencia, es necesario que la flota disponible evolucione. Nuevos nav\u00edos de un nivel superior est\u00e1n siendo dise\u00f1ados y construidos, con la capacidad de lograr los objetivos antes mencionados.<\/p>\n<p>Para concluir, el Almirante General Mu\u00f1oz-Delgado explic\u00f3 que la seguridad mar\u00edtima es esencial a la econom\u00eda y el bienestar de los ciudadanos espa\u00f1oles. Un plan eficiente a largo plazo va a ayudar la Armada ser equilibrada, expedicionaria e interoperable en el siglo XXI.<\/p>\n<p>Madison Ordway<\/p>\n<p><!--:--><!--:en--><\/p>\n<p><!--:--><\/p>\n","protected":false},"excerpt":{"rendered":"<p>Con constantes avances tecnol\u00f3gicos mundiales y coincidiendo con los estrictos recortes presupuestarios producto de la crisis econ\u00f3mica en Espa\u00f1a, la Armada espa\u00f1ola ha tenido que ser ingeniosa en la creaci\u00f3n [&hellip;]<\/p>\n","protected":false},"author":3,"featured_media":19297,"comment_status":"closed","ping_status":"closed","sticky":false,"template":"","format":"standard","meta":{"_acf_changed":false,"footnotes":""},"categories":[8],"tags":[],"class_list":["post-3665","post","type-post","status-publish","format-standard","has-post-thumbnail","hentry","category-conferencias-y-seminarios"],"acf":[],"_links":{"self":[{"href":"https:\/\/fundacionincipe.com\/index.php\/wp-json\/wp\/v2\/posts\/3665","targetHints":{"allow":["GET"]}}],"collection":[{"href":"https:\/\/fundacionincipe.com\/index.php\/wp-json\/wp\/v2\/posts"}],"about":[{"href":"https:\/\/fundacionincipe.com\/index.php\/wp-json\/wp\/v2\/types\/post"}],"author":[{"embeddable":true,"href":"https:\/\/fundacionincipe.com\/index.php\/wp-json\/wp\/v2\/users\/3"}],"replies":[{"embeddable":true,"href":"https:\/\/fundacionincipe.com\/index.php\/wp-json\/wp\/v2\/comments?post=3665"}],"version-history":[{"count":1,"href":"https:\/\/fundacionincipe.com\/index.php\/wp-json\/wp\/v2\/posts\/3665\/revisions"}],"predecessor-version":[{"id":19296,"href":"https:\/\/fundacionincipe.com\/index.php\/wp-json\/wp\/v2\/posts\/3665\/revisions\/19296"}],"wp:featuredmedia":[{"embeddable":true,"href":"https:\/\/fundacionincipe.com\/index.php\/wp-json\/wp\/v2\/media\/19297"}],"wp:attachment":[{"href":"https:\/\/fundacionincipe.com\/index.php\/wp-json\/wp\/v2\/media?parent=3665"}],"wp:term":[{"taxonomy":"category","embeddable":true,"href":"https:\/\/fundacionincipe.com\/index.php\/wp-json\/wp\/v2\/categories?post=3665"},{"taxonomy":"post_tag","embeddable":true,"href":"https:\/\/fundacionincipe.com\/index.php\/wp-json\/wp\/v2\/tags?post=3665"}],"curies":[{"name":"wp","href":"https:\/\/api.w.org\/{rel}","templated":true}]}}