{"id":3652,"date":"2015-02-03T12:14:22","date_gmt":"2015-02-03T11:14:22","guid":{"rendered":"http:\/\/www.incipe.org\/?p=3652"},"modified":"2024-11-29T10:05:43","modified_gmt":"2024-11-29T10:05:43","slug":"making-the-ue-stronger-the-latvian-presidency","status":"publish","type":"post","link":"https:\/\/fundacionincipe.com\/index.php\/2015\/02\/03\/making-the-ue-stronger-the-latvian-presidency\/","title":{"rendered":"Making the UE stronger: the Latvian Presidency"},"content":{"rendered":"<p><!--:es--><\/p>\n<p>El Embajador Janis Eichmanis, fue el encargado de exponer <strong>cuales ser\u00e1n los retos a enfrentar, especialmente orientados a la recuperaci\u00f3n econ\u00f3mica y la creaci\u00f3n de empleo<\/strong>. Durante su ponencia, subray\u00f3 la gran importancia de la competitividad y la necesidad de promover la inversi\u00f3n en nuevos y competitivos productos y servicios. Solo mediante el desarrollo de los sectores de industria y servicio Europa puede facilitar la creaci\u00f3n de empleo y promover una cohesi\u00f3n social.<\/p>\n<p>Otra de las cuestiones que ocupar\u00e1n la agenda de la Presidencia es el<strong> sector digital y el r\u00e1pido crecimiento de las tecnolog\u00edas de la informaci\u00f3n<\/strong>, representando una oportunidad sin precedentes debido al potencial de crecimiento sostenible que puede representar para la UE. No obstante, dado los importantes riesgos que representa el sector, hay que avanzar en la protecci\u00f3n de datos y mejorar en materia de ciberseguridad. Finalmente, la Uni\u00f3n Europea tiene la responsabilidad de asumir un papel pleno y activo en el escenario global. Con regiones en conflictos en el umbral de la UE, la desaf\u00edo es mucho mayor.<\/p>\n<p>En el debate posterior a la ponencia del Embajador se trataron cuestiones como la estabilidad de la UE, las nuevas oportunidades de cooperaci\u00f3n con la OTAN y la importancia de las relaciones comerciales con pa\u00edses del continente asi\u00e1tico.<\/p>\n<p>Aranzazu \u00c1lvarez<\/p>\n<p><!--:--><\/p>\n","protected":false},"excerpt":{"rendered":"<p>El Embajador Janis Eichmanis, fue el encargado de exponer cuales ser\u00e1n los retos a enfrentar, especialmente orientados a la recuperaci\u00f3n econ\u00f3mica y la creaci\u00f3n de empleo. Durante su ponencia, subray\u00f3 [&hellip;]<\/p>\n","protected":false},"author":3,"featured_media":19299,"comment_status":"closed","ping_status":"closed","sticky":false,"template":"","format":"standard","meta":{"_acf_changed":false,"footnotes":""},"categories":[8],"tags":[],"class_list":["post-3652","post","type-post","status-publish","format-standard","has-post-thumbnail","hentry","category-conferencias-y-seminarios"],"acf":[],"_links":{"self":[{"href":"https:\/\/fundacionincipe.com\/index.php\/wp-json\/wp\/v2\/posts\/3652","targetHints":{"allow":["GET"]}}],"collection":[{"href":"https:\/\/fundacionincipe.com\/index.php\/wp-json\/wp\/v2\/posts"}],"about":[{"href":"https:\/\/fundacionincipe.com\/index.php\/wp-json\/wp\/v2\/types\/post"}],"author":[{"embeddable":true,"href":"https:\/\/fundacionincipe.com\/index.php\/wp-json\/wp\/v2\/users\/3"}],"replies":[{"embeddable":true,"href":"https:\/\/fundacionincipe.com\/index.php\/wp-json\/wp\/v2\/comments?post=3652"}],"version-history":[{"count":1,"href":"https:\/\/fundacionincipe.com\/index.php\/wp-json\/wp\/v2\/posts\/3652\/revisions"}],"predecessor-version":[{"id":19300,"href":"https:\/\/fundacionincipe.com\/index.php\/wp-json\/wp\/v2\/posts\/3652\/revisions\/19300"}],"wp:featuredmedia":[{"embeddable":true,"href":"https:\/\/fundacionincipe.com\/index.php\/wp-json\/wp\/v2\/media\/19299"}],"wp:attachment":[{"href":"https:\/\/fundacionincipe.com\/index.php\/wp-json\/wp\/v2\/media?parent=3652"}],"wp:term":[{"taxonomy":"category","embeddable":true,"href":"https:\/\/fundacionincipe.com\/index.php\/wp-json\/wp\/v2\/categories?post=3652"},{"taxonomy":"post_tag","embeddable":true,"href":"https:\/\/fundacionincipe.com\/index.php\/wp-json\/wp\/v2\/tags?post=3652"}],"curies":[{"name":"wp","href":"https:\/\/api.w.org\/{rel}","templated":true}]}}