{"id":3640,"date":"2011-11-15T12:24:43","date_gmt":"2011-11-15T11:24:43","guid":{"rendered":"http:\/\/www.incipe.org\/?p=3640"},"modified":"2024-11-13T13:16:59","modified_gmt":"2024-11-13T13:16:59","slug":"ii-jornada-las-nuevas-lineas-de-actuacion-de-la-ue-en-la-lucha-contra-la-proliferacion-de-las-adm","status":"publish","type":"post","link":"https:\/\/fundacionincipe.com\/index.php\/2011\/11\/15\/ii-jornada-las-nuevas-lineas-de-actuacion-de-la-ue-en-la-lucha-contra-la-proliferacion-de-las-adm\/","title":{"rendered":"II Jornada: Las nuevas l\u00edneas de actuaci\u00f3n de la UE en la lucha contra la proliferaci\u00f3n de las ADM"},"content":{"rendered":"<p><!--:en--><\/p>\n<p style=\"text-align: center;\"><strong>PROGRAMA<\/strong><\/p>\n<p><span style=\"text-decoration: underline;\"><strong>9:30 &#8211; 9:45 Palabras de bienvenida e inauguraci\u00f3n de la Jornada<\/strong><\/span><br \/>\n&#8211; <em>Vicente Garrido<\/em>, Director de INCIPE. Profesor de Derecho Internacional P\u00fablico<br \/>\ny Relaciones Internacionales, URJC<br \/>\n&#8211; <em>Gonzalo de Salazar<\/em>, Subdirector General de No Proliferaci\u00f3n y Desarme, MAEC<\/p>\n<p><span style=\"text-decoration: underline;\"><strong>9:45 &#8211; 10:45 Mesa redonda I: \u201cDos casos espec\u00edficos en el control de las exportaciones: las transferencias <\/strong><\/span><span style=\"text-decoration: underline;\"><strong>intangibles de tecnolog\u00edas y los precursores qu\u00edmicos\u201d<\/strong><\/span><br \/>\n<strong>Modera<\/strong>: <em>Gonzalo de Salazar<\/em>, Subdirector General de No Proliferaci\u00f3n y Desarme, MAEC<br \/>\n&#8211; <em>Carlos Burgos<\/em>, Subdirecci\u00f3n General de Comercio Exterior de Material de Defensa y Doble Uso<br \/>\n&#8211; <em>Blanca Serrano<\/em>, Coordinadora de Tutela del Producto de FEIQUE<\/p>\n<p><strong>10:45 -11:15 Pausa &#8211; Caf\u00e9<\/strong><\/p>\n<p><span style=\"text-decoration: underline;\"><strong>11:15-12:15 Mesa redonda II: \u201cLa cooperaci\u00f3n cient\u00edfico-t\u00e9cnica y el control de las tecnolog\u00edas sensibles\u201d<\/strong><\/span><br \/>\n<strong>Modera<\/strong>: <em>Vicente Garrido<\/em>, Director del INCIPE<br \/>\n&#8211; <em>Juan Jos\u00e9 Moreno<\/em>, Director General de Pol\u00edtica Universitaria del Ministerio de Educaci\u00f3n<br \/>\n&#8211; <em>David Hern\u00e1ndez<\/em>, Representante del Consejo General de Colegios Oficiales de Bi\u00f3logos<\/p>\n<p><strong>12:15 \u2013 12:30 Pausa<\/strong><\/p>\n<p><span style=\"text-decoration: underline;\"><strong>12:30-14:00 Mesa redonda III: \u201cLa vigilancia consular respecto a la transferencia intangible de<\/strong><\/span><br \/>\n<span style=\"text-decoration: underline;\"><strong> conocimientos y competencias t\u00e9cnicas\u201d<\/strong><\/span><br \/>\n<strong>Modera<\/strong>: <em>Eva de Mingo<\/em>, Consejera T\u00e9cnica, SG de No Proliferaci\u00f3n y Desarme, MAEC<br \/>\n&#8211; <em>Bel\u00e9n Roel<\/em>, Subdirectora General de R\u00e9gimen Jur\u00eddico, Ministerio de Trabajo e Inmigraci\u00f3n<br \/>\n&#8211; <em>Gracia Lorenzo<\/em>, Jefe de Servicio de Visados, MAEC<br \/>\n&#8211; <em>Jos\u00e9 Luis Rapado<\/em>, Inspector de Polic\u00eda, Ministerio de Interior<br \/>\n&#8211; <em>Rub\u00e9n Cuevas<\/em>, Jefatura de Informaci\u00f3n, Subgrupo de Contraproliferaci\u00f3n de la Guardia Civil<\/p>\n<p><span style=\"text-decoration: underline;\"><strong>14:00 Conclusiones y clausura de la Jornada<\/strong><\/span><br \/>\n&#8211; <em>Gonzalo de Salazar<\/em>, Subdirector General de No Proliferaci\u00f3n y Desarme, MAEC<br \/>\n&#8211; <em>Vicente Garrido<\/em>, Director del INCIPE<\/p>\n<p><!--:--><!--:es--><\/p>\n","protected":false},"excerpt":{"rendered":"<p>PROGRAMA 9:30 &#8211; 9:45 Palabras de bienvenida e inauguraci\u00f3n de la Jornada &#8211; Vicente Garrido, Director de INCIPE. Profesor de Derecho Internacional P\u00fablico y Relaciones Internacionales, URJC &#8211; Gonzalo de [&hellip;]<\/p>\n","protected":false},"author":3,"featured_media":18513,"comment_status":"closed","ping_status":"closed","sticky":false,"template":"","format":"standard","meta":{"_acf_changed":false,"footnotes":""},"categories":[8],"tags":[],"class_list":["post-3640","post","type-post","status-publish","format-standard","has-post-thumbnail","hentry","category-conferencias-y-seminarios"],"acf":[],"_links":{"self":[{"href":"https:\/\/fundacionincipe.com\/index.php\/wp-json\/wp\/v2\/posts\/3640","targetHints":{"allow":["GET"]}}],"collection":[{"href":"https:\/\/fundacionincipe.com\/index.php\/wp-json\/wp\/v2\/posts"}],"about":[{"href":"https:\/\/fundacionincipe.com\/index.php\/wp-json\/wp\/v2\/types\/post"}],"author":[{"embeddable":true,"href":"https:\/\/fundacionincipe.com\/index.php\/wp-json\/wp\/v2\/users\/3"}],"replies":[{"embeddable":true,"href":"https:\/\/fundacionincipe.com\/index.php\/wp-json\/wp\/v2\/comments?post=3640"}],"version-history":[{"count":2,"href":"https:\/\/fundacionincipe.com\/index.php\/wp-json\/wp\/v2\/posts\/3640\/revisions"}],"predecessor-version":[{"id":18515,"href":"https:\/\/fundacionincipe.com\/index.php\/wp-json\/wp\/v2\/posts\/3640\/revisions\/18515"}],"wp:featuredmedia":[{"embeddable":true,"href":"https:\/\/fundacionincipe.com\/index.php\/wp-json\/wp\/v2\/media\/18513"}],"wp:attachment":[{"href":"https:\/\/fundacionincipe.com\/index.php\/wp-json\/wp\/v2\/media?parent=3640"}],"wp:term":[{"taxonomy":"category","embeddable":true,"href":"https:\/\/fundacionincipe.com\/index.php\/wp-json\/wp\/v2\/categories?post=3640"},{"taxonomy":"post_tag","embeddable":true,"href":"https:\/\/fundacionincipe.com\/index.php\/wp-json\/wp\/v2\/tags?post=3640"}],"curies":[{"name":"wp","href":"https:\/\/api.w.org\/{rel}","templated":true}]}}