{"id":3105,"date":"2014-11-18T15:34:14","date_gmt":"2014-11-18T14:34:14","guid":{"rendered":"http:\/\/www.incipe.org\/?p=3105"},"modified":"2014-11-18T15:34:14","modified_gmt":"2014-11-18T14:34:14","slug":"un-ejercito-para-el-siglo-xxi","status":"publish","type":"post","link":"https:\/\/fundacionincipe.com\/index.php\/2014\/11\/18\/un-ejercito-para-el-siglo-xxi\/","title":{"rendered":"Ciclo las Fuerzas Armadas en el siglo XXI: Un Ej\u00e9rcito para el siglo XXI"},"content":{"rendered":"<p><!--:es-->Bajo el titilo Un Ej\u00e9rcito para el siglo XXI INCIPE organiz\u00f3 el pasado 18 de noviembre un Desayuno de Trabajo que cont\u00f3 la potencia de Jaime Dom\u00ednguez Buj, General de Ej\u00e9rcito y Jefe de Estado Mayor de Ejercito.<!--:--><!--:en-->Bajo el titilo Un Ej\u00e9rcito para el siglo XXI INCIPE organiz\u00f3 el pasado 18 de noviembre un Desayuno de Trabajo que cont\u00f3 la potencia de Jaime Dom\u00ednguez Buj, General de Ej\u00e9rcito y Jefe de Estado Mayor de Ejercito.<!--:--><\/p>\n","protected":false},"excerpt":{"rendered":"<p>Bajo el titilo Un Ej\u00e9rcito para el siglo XXI INCIPE organiz\u00f3 el pasado 18 de noviembre un Desayuno de Trabajo que cont\u00f3 la potencia de Jaime Dom\u00ednguez Buj, General de [&hellip;]<\/p>\n","protected":false},"author":3,"featured_media":3106,"comment_status":"closed","ping_status":"closed","sticky":false,"template":"","format":"standard","meta":{"_acf_changed":false,"footnotes":""},"categories":[27],"tags":[],"class_list":["post-3105","post","type-post","status-publish","format-standard","has-post-thumbnail","hentry","category-desayunos-de-trabajo"],"acf":[],"_links":{"self":[{"href":"https:\/\/fundacionincipe.com\/index.php\/wp-json\/wp\/v2\/posts\/3105","targetHints":{"allow":["GET"]}}],"collection":[{"href":"https:\/\/fundacionincipe.com\/index.php\/wp-json\/wp\/v2\/posts"}],"about":[{"href":"https:\/\/fundacionincipe.com\/index.php\/wp-json\/wp\/v2\/types\/post"}],"author":[{"embeddable":true,"href":"https:\/\/fundacionincipe.com\/index.php\/wp-json\/wp\/v2\/users\/3"}],"replies":[{"embeddable":true,"href":"https:\/\/fundacionincipe.com\/index.php\/wp-json\/wp\/v2\/comments?post=3105"}],"version-history":[{"count":0,"href":"https:\/\/fundacionincipe.com\/index.php\/wp-json\/wp\/v2\/posts\/3105\/revisions"}],"wp:featuredmedia":[{"embeddable":true,"href":"https:\/\/fundacionincipe.com\/index.php\/wp-json\/"}],"wp:attachment":[{"href":"https:\/\/fundacionincipe.com\/index.php\/wp-json\/wp\/v2\/media?parent=3105"}],"wp:term":[{"taxonomy":"category","embeddable":true,"href":"https:\/\/fundacionincipe.com\/index.php\/wp-json\/wp\/v2\/categories?post=3105"},{"taxonomy":"post_tag","embeddable":true,"href":"https:\/\/fundacionincipe.com\/index.php\/wp-json\/wp\/v2\/tags?post=3105"}],"curies":[{"name":"wp","href":"https:\/\/api.w.org\/{rel}","templated":true}]}}