{"id":3090,"date":"2014-09-24T15:01:52","date_gmt":"2014-09-24T13:01:52","guid":{"rendered":"http:\/\/www.incipe.org\/?p=3090"},"modified":"2024-12-02T10:16:54","modified_gmt":"2024-12-02T10:16:54","slug":"la-renovacion-de-la-politica-exterior-cubana-actores-para-la-reforma","status":"publish","type":"post","link":"https:\/\/fundacionincipe.com\/index.php\/2014\/09\/24\/la-renovacion-de-la-politica-exterior-cubana-actores-para-la-reforma\/","title":{"rendered":"La renovaci\u00f3n de la pol\u00edtica exterior cubana: actores para la reforma"},"content":{"rendered":"<p><!--:en--><\/p>\n<p><!--:--><!--:es--><\/p>\n<p><strong>Alzugaray, de gira por ciudades europeas como Madrid, Berl\u00edn y Bruselas, subraya que la pol\u00edtica exterior cubana atraviesa uno de sus mejores momentos, especialmente en sus relaciones con los pa\u00edses de Am\u00e9rica Latina.<\/strong> Un ejemplo destacado es la celebraci\u00f3n en La Habana de la II Cumbre de la CELAC (Comunidad de Estados Latinoamericanos y Caribe\u00f1os) en enero pasado, bajo la presidencia de Ra\u00fal Castro.<\/p>\n<p>Sin embargo, <strong>el mayor desaf\u00edo de Cuba radica en su situaci\u00f3n econ\u00f3mica<\/strong>. El embargo comercial y financiero impuesto por Estados Unidos sigue dificultando el desarrollo del pa\u00eds, que ya enfrenta limitaciones estructurales. En este contexto, Cuba debe transformar su estrat\u00e9gica posici\u00f3n geopol\u00edtica en una herramienta efectiva para actualizar y optimizar su modelo econ\u00f3mico. Para lograrlo, resulta crucial diversificar sus relaciones econ\u00f3micas, actualmente demasiado dependientes de Venezuela. En este sentido, China y Rusia emergen como socios clave con los que el Gobierno de Ra\u00fal Castro ya ha comenzado a fortalecer lazos y a firmar acuerdos comerciales. Adem\u00e1s, es importante destacar las relaciones hist\u00f3ricas y consolidadas de Cuba con pa\u00edses como Argelia y Angola.<\/p>\n<p>En cuanto a las relaciones con la Uni\u00f3n Europea, existen dos enfoques principales. Por un lado, una visi\u00f3n que identifica a la UE como un aliado potencial, en la que Espa\u00f1a ocupa una posici\u00f3n privilegiada dentro de la isla. Por otro, una corriente que considera a la UE como un aliado incierto, percibiendo sus intereses como alineados con los de Estados Unidos. <strong>Desde junio de 2008, el Consejo de Ministros de la UE ha impulsado un di\u00e1logo pol\u00edtico renovado con Cuba<\/strong>, abarcando posibles \u00e1mbitos de cooperaci\u00f3n como derechos humanos, econom\u00eda, ciencia y cultura. Este proceso de normalizaci\u00f3n ha dado lugar, desde octubre de 2008, a varias reuniones ministeriales y de alto nivel para abordar temas de inter\u00e9s mutuo.<\/p>\n<p>Durante el encuentro, tambi\u00e9n se abordaron cuestiones clave como el papel y la visibilidad de la oposici\u00f3n cubana en el extranjero, las relaciones con Estados Unidos, la posici\u00f3n de Cuba frente a Oriente Medio y la unificaci\u00f3n monetaria, un problema fundamental que requiere atenci\u00f3n inmediata.<\/p>\n<p>Aranzazu \u00c1lvarez<\/p>\n<p><!--:--><\/p>\n","protected":false},"excerpt":{"rendered":"<p>Alzugaray, de gira por ciudades europeas como Madrid, Berl\u00edn y Bruselas, subraya que la pol\u00edtica exterior cubana atraviesa uno de sus mejores momentos, especialmente en sus relaciones con los pa\u00edses [&hellip;]<\/p>\n","protected":false},"author":3,"featured_media":19316,"comment_status":"closed","ping_status":"closed","sticky":false,"template":"","format":"standard","meta":{"_acf_changed":false,"footnotes":""},"categories":[8],"tags":[],"class_list":["post-3090","post","type-post","status-publish","format-standard","has-post-thumbnail","hentry","category-conferencias-y-seminarios"],"acf":[],"_links":{"self":[{"href":"https:\/\/fundacionincipe.com\/index.php\/wp-json\/wp\/v2\/posts\/3090","targetHints":{"allow":["GET"]}}],"collection":[{"href":"https:\/\/fundacionincipe.com\/index.php\/wp-json\/wp\/v2\/posts"}],"about":[{"href":"https:\/\/fundacionincipe.com\/index.php\/wp-json\/wp\/v2\/types\/post"}],"author":[{"embeddable":true,"href":"https:\/\/fundacionincipe.com\/index.php\/wp-json\/wp\/v2\/users\/3"}],"replies":[{"embeddable":true,"href":"https:\/\/fundacionincipe.com\/index.php\/wp-json\/wp\/v2\/comments?post=3090"}],"version-history":[{"count":1,"href":"https:\/\/fundacionincipe.com\/index.php\/wp-json\/wp\/v2\/posts\/3090\/revisions"}],"predecessor-version":[{"id":19317,"href":"https:\/\/fundacionincipe.com\/index.php\/wp-json\/wp\/v2\/posts\/3090\/revisions\/19317"}],"wp:featuredmedia":[{"embeddable":true,"href":"https:\/\/fundacionincipe.com\/index.php\/wp-json\/wp\/v2\/media\/19316"}],"wp:attachment":[{"href":"https:\/\/fundacionincipe.com\/index.php\/wp-json\/wp\/v2\/media?parent=3090"}],"wp:term":[{"taxonomy":"category","embeddable":true,"href":"https:\/\/fundacionincipe.com\/index.php\/wp-json\/wp\/v2\/categories?post=3090"},{"taxonomy":"post_tag","embeddable":true,"href":"https:\/\/fundacionincipe.com\/index.php\/wp-json\/wp\/v2\/tags?post=3090"}],"curies":[{"name":"wp","href":"https:\/\/api.w.org\/{rel}","templated":true}]}}