{"id":3082,"date":"2014-09-23T14:42:40","date_gmt":"2014-09-23T12:42:40","guid":{"rendered":"http:\/\/www.incipe.org\/?p=3082"},"modified":"2024-12-02T10:22:30","modified_gmt":"2024-12-02T10:22:30","slug":"el-derecho-de-secesion-en-la-union-europea-reflexiones-en-torno-al-referendum","status":"publish","type":"post","link":"https:\/\/fundacionincipe.com\/index.php\/2014\/09\/23\/el-derecho-de-secesion-en-la-union-europea-reflexiones-en-torno-al-referendum\/","title":{"rendered":"El derecho de secesi\u00f3n en la Uni\u00f3n Europea: Reflexiones en torno al Refer\u00e9ndum"},"content":{"rendered":"<p><!--:en--><\/p>\n<p><!--:--><!--:es--><\/p>\n<p>Manuel Medina, <strong>autor del libro <em>El derecho de secesi\u00f3n en la Uni\u00f3n Europea<\/em><\/strong>, describi\u00f3 a la Uni\u00f3n Europea durante el encuentro como \u201cveintiocho Estados navegando juntos y apoy\u00e1ndose mutuamente\u201d. Seg\u00fan Medina, <strong>el Estado es el pilar fundamental de la UE<\/strong> y una de las mayores contribuciones de Europa a la cultura pol\u00edtica mundial, con tanto \u00e9xito que actualmente existen casi 200 Estados en todo el planeta. El concepto de Estado, una construcci\u00f3n racional, contrasta con el de Naci\u00f3n, que tiene una dimensi\u00f3n m\u00e1s emocional y ha sido objeto de debate desde la Revoluci\u00f3n Francesa. Esta simbiosis entre Estado y Naci\u00f3n gener\u00f3 un c\u00f3ctel revolucionario a mediados del siglo XX, lo que llev\u00f3 a la necesidad de superar los nacionalismos para avanzar hacia la construcci\u00f3n de Europa.<\/p>\n<p>Los 28 Estados miembros de la UE son los eslabones de una cadena cuya fortaleza reside en las instituciones estatales que la componen. Sin embargo, <strong>un proceso de secesi\u00f3n dentro de uno de estos Estados podr\u00eda tener serias repercusiones para el proyecto de integraci\u00f3n europeo<\/strong>. Los Tratados de la Uni\u00f3n no contemplan una normativa espec\u00edfica sobre el derecho de secesi\u00f3n, ya que esta cuesti\u00f3n se rige por el Derecho Internacional y el ordenamiento constitucional de cada Estado miembro. No obstante, para formar parte de la UE es necesario pasar por un proceso formal de adhesi\u00f3n, lo que significa que una regi\u00f3n que se separe de su Estado no puede heredar autom\u00e1ticamente la membres\u00eda en la Uni\u00f3n. Tanto el Parlamento Europeo como la Comisi\u00f3n Europea han rechazado la idea de que una parte secesionista pueda acceder a la UE por derecho propio, ya que no existe un principio de sucesi\u00f3n autom\u00e1tica en las relaciones con organismos internacionales.<\/p>\n<p>De haberse aprobado la independencia de Escocia en el refer\u00e9ndum de 2014, su incorporaci\u00f3n a la UE habr\u00eda enfrentado numerosos obst\u00e1culos. Adem\u00e1s de requerir un proceso de adhesi\u00f3n formal, varios Estados miembros, como Eslovaquia, Grecia, Chipre y Espa\u00f1a, habr\u00edan mostrado su oposici\u00f3n, al considerar que podr\u00eda sentar un precedente peligroso para sus propias situaciones internas. A esto se sumar\u00eda que Escocia ser\u00eda un receptor neto de fondos europeos, lo que habr\u00eda complicado a\u00fan m\u00e1s las negociaciones de integraci\u00f3n.<\/p>\n<p>La UE, fundamentada en la superaci\u00f3n de los nacionalismos, percibe el secesionismo como una amenaza directa a sus principios. Este fen\u00f3meno no solo desaf\u00eda el esp\u00edritu comunitario, sino que tambi\u00e9n evidencia una falta de solidaridad que va en contra de los valores esenciales de la Uni\u00f3n.<\/p>\n<p>Aranzazu \u00c1lvarez<\/p>\n<p><!--:--><\/p>\n","protected":false},"excerpt":{"rendered":"<p>Manuel Medina, autor del libro El derecho de secesi\u00f3n en la Uni\u00f3n Europea, describi\u00f3 a la Uni\u00f3n Europea durante el encuentro como \u201cveintiocho Estados navegando juntos y apoy\u00e1ndose mutuamente\u201d. Seg\u00fan [&hellip;]<\/p>\n","protected":false},"author":3,"featured_media":19318,"comment_status":"closed","ping_status":"closed","sticky":false,"template":"","format":"standard","meta":{"_acf_changed":false,"footnotes":""},"categories":[8],"tags":[],"class_list":["post-3082","post","type-post","status-publish","format-standard","has-post-thumbnail","hentry","category-conferencias-y-seminarios"],"acf":[],"_links":{"self":[{"href":"https:\/\/fundacionincipe.com\/index.php\/wp-json\/wp\/v2\/posts\/3082","targetHints":{"allow":["GET"]}}],"collection":[{"href":"https:\/\/fundacionincipe.com\/index.php\/wp-json\/wp\/v2\/posts"}],"about":[{"href":"https:\/\/fundacionincipe.com\/index.php\/wp-json\/wp\/v2\/types\/post"}],"author":[{"embeddable":true,"href":"https:\/\/fundacionincipe.com\/index.php\/wp-json\/wp\/v2\/users\/3"}],"replies":[{"embeddable":true,"href":"https:\/\/fundacionincipe.com\/index.php\/wp-json\/wp\/v2\/comments?post=3082"}],"version-history":[{"count":1,"href":"https:\/\/fundacionincipe.com\/index.php\/wp-json\/wp\/v2\/posts\/3082\/revisions"}],"predecessor-version":[{"id":19320,"href":"https:\/\/fundacionincipe.com\/index.php\/wp-json\/wp\/v2\/posts\/3082\/revisions\/19320"}],"wp:featuredmedia":[{"embeddable":true,"href":"https:\/\/fundacionincipe.com\/index.php\/wp-json\/wp\/v2\/media\/19318"}],"wp:attachment":[{"href":"https:\/\/fundacionincipe.com\/index.php\/wp-json\/wp\/v2\/media?parent=3082"}],"wp:term":[{"taxonomy":"category","embeddable":true,"href":"https:\/\/fundacionincipe.com\/index.php\/wp-json\/wp\/v2\/categories?post=3082"},{"taxonomy":"post_tag","embeddable":true,"href":"https:\/\/fundacionincipe.com\/index.php\/wp-json\/wp\/v2\/tags?post=3082"}],"curies":[{"name":"wp","href":"https:\/\/api.w.org\/{rel}","templated":true}]}}