{"id":3075,"date":"2014-07-08T14:31:09","date_gmt":"2014-07-08T12:31:09","guid":{"rendered":"http:\/\/www.incipe.org\/?p=3075"},"modified":"2024-12-02T10:28:57","modified_gmt":"2024-12-02T10:28:57","slug":"dinamizacion-del-terrorismo-yihadista-en-oriente-medio","status":"publish","type":"post","link":"https:\/\/fundacionincipe.com\/index.php\/2014\/07\/08\/dinamizacion-del-terrorismo-yihadista-en-oriente-medio\/","title":{"rendered":"Dinamizaci\u00f3n del terrorismo yihadista en Oriente Medio"},"content":{"rendered":"<p><!--:en--><\/p>\n<p><!--:--><!--:es--><\/p>\n<p>Desde el inicio de las revueltas \u00e1rabes, el terrorismo yihadista ha adquirido un protagonismo renovado, incorporando nuevos actores y m\u00e9todos que rompen con las estrategias tradicionales. Un ejemplo evidente es el <strong>Frente Al-Nusra, fundado en enero de 2012 en el contexto de la Guerra Civil Siria y estrechamente vinculado a Al Qaeda<\/strong>. Activo en Siria pero no en Irak, Al-Nusra ha centralizado los esfuerzos yihadistas contra el r\u00e9gimen de Damasco y ha lanzado ofensivas en el L\u00edbano dirigidas contra la comunidad chi\u00ed. Este grupo, sin embargo, se encuentra enfrentado al Estado Isl\u00e1mico de Irak y el Levante (ISIS), liderado por Abu Bakr al-Baghdadi. La disputa entre ambos llev\u00f3 a Ayman al-Zawahiri, l\u00edder de Al Qaeda, a exigir el cese de hostilidades internas para evitar distracciones de sus objetivos principales.<\/p>\n<p>Actualmente, el <strong>Estado Isl\u00e1mico es el grupo yihadista m\u00e1s poderoso<\/strong> y su l\u00edder, al-Baghdadi, ha desafiado incluso el liderazgo de al-Zawahiri, calific\u00e1ndolo de ap\u00f3stata. A pesar de contar con solo unos 12.000 efectivos, el ISIS ha logrado hacer retroceder a las fuerzas de seguridad iraqu\u00edes entrenadas por Estados Unidos, demostrando una sorprendente eficacia en combate. Su capacidad de reclutamiento es notable, atrayendo a combatientes tanto del mundo musulm\u00e1n como de Occidente, donde se estima que unos 3.000 ciudadanos occidentales se han unido a sus filas. En cuanto a su financiaci\u00f3n, ISIS recibe fondos de donantes privados en pa\u00edses del Golfo y de l\u00edderes tribales sun\u00edes iraqu\u00edes descontentos con el entonces primer ministro chi\u00ed, Nuri al-Maliki. Adem\u00e1s, durante sus campa\u00f1as, el grupo ha capturado armamento avanzado, dep\u00f3sitos bancarios y yacimientos petrol\u00edferos.<\/p>\n<p>La situaci\u00f3n del Gobierno de Irak es cr\u00edtica. Tras las elecciones del 30 de marzo de 2014, la coalici\u00f3n chi\u00ed &#8220;Estado de Derecho&#8221;, liderada por al-Maliki, gan\u00f3 sin obtener la mayor\u00eda necesaria, oblig\u00e1ndolo a formar un gobierno de coalici\u00f3n. Tres meses despu\u00e9s, la insurgencia avanz\u00f3 r\u00e1pidamente, tomando amplios territorios sun\u00edes con poca o ninguna resistencia de las fuerzas de seguridad iraqu\u00edes. El 10 de junio, Mosul, ciudad de 800.000 habitantes y capital del norte del pa\u00eds, cay\u00f3 bajo control de ISIS.<\/p>\n<p>El <strong>29 de junio, ISIS proclam\u00f3 la creaci\u00f3n de un Califato y design\u00f3 a al-Baghdadi como su l\u00edder<\/strong>, el nuevo &#8220;Califa&#8221;. Este &#8220;Estado Isl\u00e1mico&#8221;, despojado de las referencias a Irak y Levante, exige lealtad al Califa de todos los musulmanes y tiene como objetivo declarado la eliminaci\u00f3n de cualquier &#8220;impureza&#8221; en el Islam. La proclamaci\u00f3n del Califato no solo agudiza la divisi\u00f3n entre sun\u00edes y chi\u00edes, sino que intensifica la persecuci\u00f3n de estos \u00faltimos, demonizados como enemigos. El 4 de julio, en la Gran Mezquita de Mosul, al-Baghdadi pronunci\u00f3 un serm\u00f3n oficializando su cruzada contra los &#8220;infieles&#8221;.<\/p>\n<p><strong>Este conflicto trasciende a Irak y afecta a todo Oriente Medio<\/strong>. M\u00e1s all\u00e1 de la rivalidad hist\u00f3rica entre sun\u00edes y chi\u00edes, liderados respectivamente por Arabia Saud\u00ed e Ir\u00e1n, factores como el extremismo y la lucha por el control de recursos energ\u00e9ticos desempe\u00f1an un papel crucial. Las acciones y objetivos de los diversos grupos terroristas de la regi\u00f3n evidencian el error de c\u00e1lculo y la ingenuidad de Occidente al interpretar los eventos de la mal llamada Primavera \u00c1rabe.<\/p>\n<p>Aranzazu \u00c1lvarez<\/p>\n<p><!--:--><\/p>\n","protected":false},"excerpt":{"rendered":"<p>Desde el inicio de las revueltas \u00e1rabes, el terrorismo yihadista ha adquirido un protagonismo renovado, incorporando nuevos actores y m\u00e9todos que rompen con las estrategias tradicionales. Un ejemplo evidente es [&hellip;]<\/p>\n","protected":false},"author":3,"featured_media":19321,"comment_status":"closed","ping_status":"closed","sticky":false,"template":"","format":"standard","meta":{"_acf_changed":false,"footnotes":""},"categories":[8],"tags":[],"class_list":["post-3075","post","type-post","status-publish","format-standard","has-post-thumbnail","hentry","category-conferencias-y-seminarios"],"acf":[],"_links":{"self":[{"href":"https:\/\/fundacionincipe.com\/index.php\/wp-json\/wp\/v2\/posts\/3075","targetHints":{"allow":["GET"]}}],"collection":[{"href":"https:\/\/fundacionincipe.com\/index.php\/wp-json\/wp\/v2\/posts"}],"about":[{"href":"https:\/\/fundacionincipe.com\/index.php\/wp-json\/wp\/v2\/types\/post"}],"author":[{"embeddable":true,"href":"https:\/\/fundacionincipe.com\/index.php\/wp-json\/wp\/v2\/users\/3"}],"replies":[{"embeddable":true,"href":"https:\/\/fundacionincipe.com\/index.php\/wp-json\/wp\/v2\/comments?post=3075"}],"version-history":[{"count":1,"href":"https:\/\/fundacionincipe.com\/index.php\/wp-json\/wp\/v2\/posts\/3075\/revisions"}],"predecessor-version":[{"id":19323,"href":"https:\/\/fundacionincipe.com\/index.php\/wp-json\/wp\/v2\/posts\/3075\/revisions\/19323"}],"wp:featuredmedia":[{"embeddable":true,"href":"https:\/\/fundacionincipe.com\/index.php\/wp-json\/wp\/v2\/media\/19321"}],"wp:attachment":[{"href":"https:\/\/fundacionincipe.com\/index.php\/wp-json\/wp\/v2\/media?parent=3075"}],"wp:term":[{"taxonomy":"category","embeddable":true,"href":"https:\/\/fundacionincipe.com\/index.php\/wp-json\/wp\/v2\/categories?post=3075"},{"taxonomy":"post_tag","embeddable":true,"href":"https:\/\/fundacionincipe.com\/index.php\/wp-json\/wp\/v2\/tags?post=3075"}],"curies":[{"name":"wp","href":"https:\/\/api.w.org\/{rel}","templated":true}]}}