{"id":3068,"date":"2014-06-18T14:24:56","date_gmt":"2014-06-18T12:24:56","guid":{"rendered":"http:\/\/www.incipe.org\/?p=3068"},"modified":"2024-12-02T10:38:46","modified_gmt":"2024-12-02T10:38:46","slug":"melilla-frontera-sur-de-la-union-europea","status":"publish","type":"post","link":"https:\/\/fundacionincipe.com\/index.php\/2014\/06\/18\/melilla-frontera-sur-de-la-union-europea\/","title":{"rendered":"Melilla, frontera sur de la Uni\u00f3n Europea"},"content":{"rendered":"<p><!--:en--><\/p>\n<p><!--:--><!--:es--><\/p>\n<p>La Ciudad Aut\u00f3noma de Melilla, que cuenta con mas de 80 000 habitantes, es uno de los territorios de Espa\u00f1a de ultramar. A pesar de las buenas relaciones entre Marruecos y Espa\u00f1a, las diferencias entre ambos pa\u00edses son notorias. De hecho,<strong> la frontera con Melilla es considerada como el paso fronterizo mas desigual del mundo, atendiendo a la diferencia del PIB<\/strong> en cuanto a capacidad de compra 5.47, (mientras que la de EE.UU. con M\u00e9xico es 3.41 y la de Grecia con Albania 2.53). En cuanto al PIB nominal de Espa\u00f1a, es 14 veces superior al marroqu\u00ed.<\/p>\n<p>Pese al elevado flujo de personas a trav\u00e9s de la frontera, la inmigraci\u00f3n existente en Melilla es itinerante y la mayor\u00eda no desean quedarse en la ciudad, sino entrar en la Uni\u00f3n Europea. La cuesti\u00f3n migratoria no es el tema que ocupa el encuentro, pero Jos\u00e9 Mar\u00eda L\u00f3pez Bueno apunta que en Melilla el cincuenta por ciento de la poblaci\u00f3n es de origen bereber y religi\u00f3n musulmana. <strong>Existe una perfecta integraci\u00f3n entre todos los grupos \u00e9tnicos en la ciudad<\/strong>. En este punto, el conferenciante destaca el crecimiento exponencial de la poblaci\u00f3n en Melilla (en el 2000 contaba con 66.000 habitantes y en el 2013 el censo era de 83 000 habitantes). Melilla, se ha convertido en una v\u00e1lvula de escape para la poblaci\u00f3n del norte de Marruecos.<\/p>\n<p>En lo referente al \u00e1mbito socioecon\u00f3mico, Melilla es un significativo espacio de tr\u00e1nsito en relaci\u00f3n al flujo de mercanc\u00edas. Las cifras que se manejan en millones de euros anualmente son muy variables. Marruecos calcula que representa unos 1.500 millones, cifra desmesurada ya que 2.000 millones es el total de consumo de Melilla. Estudios m\u00e1s realistas realizados en Espa\u00f1a lo cifran en aproximadamente 350 millones de euros. Las mercanc\u00edas que m\u00e1s pasan la frontera hacia Marruecos suelen ser productos de consumo cotidiano y una parte importante de su precio va destinado al pago de favor para oficiales de la frontera. Se calcula que 6.5 millones de personas y 3.7 millones de veh\u00edculos, cruzan la frontera anualmente.<\/p>\n<p>A pesar de ello, es importante se\u00f1alar, que <strong>unos 4.000 trabajadores se encuentran bajo el estatuto de trabajadores transfronterizos, con todas los derechos y deberes que tienen los empleados espa\u00f1oles<\/strong>. Se estima que unos 95 millones de euros anuales salen de la renta de Melilla hacia los territorios marroqu\u00edes fronterizos, representando aproximadamente el 2.47% del PIB de la provincia marroqu\u00ed colindante. Esta inyecci\u00f3n econ\u00f3mica equivale principalmente a los se\u00f1alados trabajadores transfronterizos junto con porteadores, margen comercial y atenci\u00f3n sanitaria. De ah\u00ed que algunas fuentes se\u00f1alen que Ceuta y Melilla son los motores de la econom\u00eda del norte de Marruecos.<\/p>\n<p>Toda esta situaci\u00f3n hace m\u00e1s que nunca <strong>indispensable una verdadera pol\u00edtica europea de vecindad<\/strong>. La falta de acuerdo entre ambos Gobiernos, incapaces de desarrollar un plan conjunto, se ha dejado escapar 200 millones de euros destinados a la mejora de las relaciones y planes conjuntos. Ante esta situaci\u00f3n se ha propuesto la creaci\u00f3n de dos planes independientes; uno atl\u00e1ntico, que se oriente a la zona de Canarias y otro Mediterr\u00e1neo que se ocupe de Ceuta y Melilla. En palabras del ponente, \u201cVeremos a ver si as\u00ed, puede descongelarse la presente situaci\u00f3n\u201d. El objetivo principal que debe perseguir toda pol\u00edtica europea de vecindad, es la promoci\u00f3n econ\u00f3mica, social y medioambiental de las regiones fronterizas, pero no como acci\u00f3n espont\u00e1nea, sino como una acci\u00f3n bilateral.<\/p>\n<p>Tras la exposici\u00f3n, fueron muy numerosas las preguntas y cuestiones que surgieron durante el debate. Entre las que se trataron la situaci\u00f3n de Melilla en el \u00e1mbito militar, se\u00f1alando que la mitad de las Fuerzas Armadas melillenses son musulmanas. Adem\u00e1s, hay un alto \u00edndice de mujeres dentro del ej\u00e9rcito, debido a la escasa proyecci\u00f3n profesional que tiene la mujer musulmana en esta zona.<\/p>\n<p>Otras de las cuestiones que se debatieron fueron las infraestructuras de Melilla en materia de sanidad y transporte con la pen\u00ednsula, el uso de elementos de presi\u00f3n por parte del Gobierno marroqu\u00ed o las claves de la cooperaci\u00f3n transfronteriza.<\/p>\n<p>Juan J. Rold\u00e1n<\/p>\n<p><!--:--><\/p>\n","protected":false},"excerpt":{"rendered":"<p>La Ciudad Aut\u00f3noma de Melilla, que cuenta con mas de 80 000 habitantes, es uno de los territorios de Espa\u00f1a de ultramar. A pesar de las buenas relaciones entre Marruecos [&hellip;]<\/p>\n","protected":false},"author":3,"featured_media":19324,"comment_status":"closed","ping_status":"closed","sticky":false,"template":"","format":"standard","meta":{"_acf_changed":false,"footnotes":""},"categories":[8],"tags":[],"class_list":["post-3068","post","type-post","status-publish","format-standard","has-post-thumbnail","hentry","category-conferencias-y-seminarios"],"acf":[],"_links":{"self":[{"href":"https:\/\/fundacionincipe.com\/index.php\/wp-json\/wp\/v2\/posts\/3068","targetHints":{"allow":["GET"]}}],"collection":[{"href":"https:\/\/fundacionincipe.com\/index.php\/wp-json\/wp\/v2\/posts"}],"about":[{"href":"https:\/\/fundacionincipe.com\/index.php\/wp-json\/wp\/v2\/types\/post"}],"author":[{"embeddable":true,"href":"https:\/\/fundacionincipe.com\/index.php\/wp-json\/wp\/v2\/users\/3"}],"replies":[{"embeddable":true,"href":"https:\/\/fundacionincipe.com\/index.php\/wp-json\/wp\/v2\/comments?post=3068"}],"version-history":[{"count":1,"href":"https:\/\/fundacionincipe.com\/index.php\/wp-json\/wp\/v2\/posts\/3068\/revisions"}],"predecessor-version":[{"id":19326,"href":"https:\/\/fundacionincipe.com\/index.php\/wp-json\/wp\/v2\/posts\/3068\/revisions\/19326"}],"wp:featuredmedia":[{"embeddable":true,"href":"https:\/\/fundacionincipe.com\/index.php\/wp-json\/wp\/v2\/media\/19324"}],"wp:attachment":[{"href":"https:\/\/fundacionincipe.com\/index.php\/wp-json\/wp\/v2\/media?parent=3068"}],"wp:term":[{"taxonomy":"category","embeddable":true,"href":"https:\/\/fundacionincipe.com\/index.php\/wp-json\/wp\/v2\/categories?post=3068"},{"taxonomy":"post_tag","embeddable":true,"href":"https:\/\/fundacionincipe.com\/index.php\/wp-json\/wp\/v2\/tags?post=3068"}],"curies":[{"name":"wp","href":"https:\/\/api.w.org\/{rel}","templated":true}]}}