{"id":3043,"date":"2014-02-25T13:22:17","date_gmt":"2014-02-25T12:22:17","guid":{"rendered":"http:\/\/www.incipe.org\/?p=3043"},"modified":"2024-12-02T10:52:08","modified_gmt":"2024-12-02T10:52:08","slug":"el-grupo-visegrad-en-la-senda-de-una-estrecha-cooperacion-regional-prioridades-de-la-presidencia-hungara","status":"publish","type":"post","link":"https:\/\/fundacionincipe.com\/index.php\/2014\/02\/25\/el-grupo-visegrad-en-la-senda-de-una-estrecha-cooperacion-regional-prioridades-de-la-presidencia-hungara\/","title":{"rendered":"El Grupo Visegrad. En la senda de una estrecha cooperaci\u00f3n regional"},"content":{"rendered":"<p><!--:en--><\/p>\n<p><!--:--><!--:es--><\/p>\n<p>En <strong>febrero de 1991, la hist\u00f3rica ciudad h\u00fangara de Visegr\u00e1d fue el escenario de la creaci\u00f3n del Grupo de Visegrado (V4)<\/strong>, una alianza regional compuesta por <strong>Hungr\u00eda, Polonia, la Rep\u00fablica Checa y Eslovaquia.<\/strong> Este grupo naci\u00f3 con el objetivo de fomentar la cooperaci\u00f3n entre sus miembros para <strong>acelerar la integraci\u00f3n euroatl\u00e1ntica y facilitar las transiciones pol\u00edticas y econ\u00f3micas<\/strong> tras la ca\u00edda del comunismo en Europa Central. Inspir\u00e1ndose en la reuni\u00f3n de los monarcas de Bohemia, Hungr\u00eda y Polonia en el siglo XIV en la misma ciudad, el V4 buscaba fortalecer los lazos hist\u00f3ricos y culturales compartidos para abordar desaf\u00edos comunes.<\/p>\n<p>Una vez alcanzados los objetivos iniciales, como la adhesi\u00f3n plena a la OTAN (1999 y 2004) y a la Uni\u00f3n Europea (2004), el Grupo de Visegrado redefini\u00f3 su papel. Hoy en d\u00eda, <strong>act\u00faa como un bloque coordinado dentro de estas instituciones<\/strong>, promoviendo intereses comunes en \u00e1reas como seguridad, energ\u00eda, econom\u00eda y migraci\u00f3n. Adem\u00e1s, el V4 colabora con otros pa\u00edses en proyectos conjuntos y busca fortalecer la cohesi\u00f3n regional frente a los desaf\u00edos globales.<\/p>\n<p>El Desayuno de Trabajo concluy\u00f3 con intervenciones de los asistentes, quienes discutieron cuestiones clave como la posici\u00f3n del Grupo respecto a la crisis en Ucrania, el impacto de las elecciones al Parlamento Europeo y las perspectivas futuras de esta alianza.<\/p>\n<p>Aranzazu \u00c1lvarez<\/p>\n<p><!--:--><\/p>\n","protected":false},"excerpt":{"rendered":"<p>En febrero de 1991, la hist\u00f3rica ciudad h\u00fangara de Visegr\u00e1d fue el escenario de la creaci\u00f3n del Grupo de Visegrado (V4), una alianza regional compuesta por Hungr\u00eda, Polonia, la Rep\u00fablica [&hellip;]<\/p>\n","protected":false},"author":3,"featured_media":19333,"comment_status":"closed","ping_status":"closed","sticky":false,"template":"","format":"standard","meta":{"_acf_changed":false,"footnotes":""},"categories":[8],"tags":[],"class_list":["post-3043","post","type-post","status-publish","format-standard","has-post-thumbnail","hentry","category-conferencias-y-seminarios"],"acf":[],"_links":{"self":[{"href":"https:\/\/fundacionincipe.com\/index.php\/wp-json\/wp\/v2\/posts\/3043","targetHints":{"allow":["GET"]}}],"collection":[{"href":"https:\/\/fundacionincipe.com\/index.php\/wp-json\/wp\/v2\/posts"}],"about":[{"href":"https:\/\/fundacionincipe.com\/index.php\/wp-json\/wp\/v2\/types\/post"}],"author":[{"embeddable":true,"href":"https:\/\/fundacionincipe.com\/index.php\/wp-json\/wp\/v2\/users\/3"}],"replies":[{"embeddable":true,"href":"https:\/\/fundacionincipe.com\/index.php\/wp-json\/wp\/v2\/comments?post=3043"}],"version-history":[{"count":2,"href":"https:\/\/fundacionincipe.com\/index.php\/wp-json\/wp\/v2\/posts\/3043\/revisions"}],"predecessor-version":[{"id":19337,"href":"https:\/\/fundacionincipe.com\/index.php\/wp-json\/wp\/v2\/posts\/3043\/revisions\/19337"}],"wp:featuredmedia":[{"embeddable":true,"href":"https:\/\/fundacionincipe.com\/index.php\/wp-json\/wp\/v2\/media\/19333"}],"wp:attachment":[{"href":"https:\/\/fundacionincipe.com\/index.php\/wp-json\/wp\/v2\/media?parent=3043"}],"wp:term":[{"taxonomy":"category","embeddable":true,"href":"https:\/\/fundacionincipe.com\/index.php\/wp-json\/wp\/v2\/categories?post=3043"},{"taxonomy":"post_tag","embeddable":true,"href":"https:\/\/fundacionincipe.com\/index.php\/wp-json\/wp\/v2\/tags?post=3043"}],"curies":[{"name":"wp","href":"https:\/\/api.w.org\/{rel}","templated":true}]}}