{"id":3031,"date":"2014-01-22T13:02:43","date_gmt":"2014-01-22T12:02:43","guid":{"rendered":"http:\/\/www.incipe.org\/?p=3031"},"modified":"2024-12-02T11:23:34","modified_gmt":"2024-12-02T11:23:34","slug":"objetivos-y-prioridades-de-la-presidencia-griega-del-consejo-de-la-union-europea","status":"publish","type":"post","link":"https:\/\/fundacionincipe.com\/index.php\/2014\/01\/22\/objetivos-y-prioridades-de-la-presidencia-griega-del-consejo-de-la-union-europea\/","title":{"rendered":"Objetivos y prioridades de la presidencia griega del Consejo de la Uni\u00f3n Europea"},"content":{"rendered":"<p><!--:en--><\/p>\n<p>El evento cont\u00f3 con la intervenci\u00f3n de <strong>Franciscos Verros<\/strong>, <strong>Excmo. Embajador de Grecia en Espa\u00f1a<\/strong>, quien se encarg\u00f3 de desgranar las prioridades y desaf\u00edos que afrontar\u00edan tanto su pa\u00eds como la Uni\u00f3n en su conjunto. Entre los temas m\u00e1s destacados, el Embajador hizo hincapi\u00e9 en la importancia de <strong>impulsar la recuperaci\u00f3n econ\u00f3mica<\/strong> y promover la <strong>creaci\u00f3n de empleo<\/strong>, cuestiones esenciales para el futuro de Europa en un contexto marcado por la salida de la crisis financiera.<\/p>\n<p>Asimismo, Verros subray\u00f3 la urgencia de establecer una <strong>pol\u00edtica com\u00fan en materia migratoria<\/strong> y fortalecer la <strong>protecci\u00f3n de las fronteras externas<\/strong> de la Uni\u00f3n. Record\u00f3 que pa\u00edses mediterr\u00e1neos como <strong>Espa\u00f1a, Italia, Grecia y Malta<\/strong> representan las principales puertas de entrada para la <strong>inmigraci\u00f3n irregular<\/strong>, lo que exige una acci\u00f3n concertada que incluya el dise\u00f1o de una <strong>pol\u00edtica mar\u00edtima com\u00fan<\/strong>. Este esfuerzo, seg\u00fan explic\u00f3, no solo debe enfocarse en el control de las fronteras, sino tambi\u00e9n en reforzar la <strong>cooperaci\u00f3n y el di\u00e1logo con los pa\u00edses de origen y tr\u00e1nsito<\/strong> de los flujos migratorios, promoviendo as\u00ed un enfoque integral y sostenible para abordar este fen\u00f3meno.<\/p>\n<p>El evento permiti\u00f3 tambi\u00e9n debatir sobre otros temas prioritarios de la presidencia griega, abriendo un espacio para reflexionar sobre el papel de Grecia en la construcci\u00f3n de una <strong>Uni\u00f3n Europea m\u00e1s fuerte, solidaria y cohesionada<\/strong>.<\/p>\n<p>Aranzazu \u00c1lvarez<br \/>\n<!--:--><\/p>\n","protected":false},"excerpt":{"rendered":"<p>El evento cont\u00f3 con la intervenci\u00f3n de Franciscos Verros, Excmo. Embajador de Grecia en Espa\u00f1a, quien se encarg\u00f3 de desgranar las prioridades y desaf\u00edos que afrontar\u00edan tanto su pa\u00eds como [&hellip;]<\/p>\n","protected":false},"author":3,"featured_media":19338,"comment_status":"closed","ping_status":"closed","sticky":false,"template":"","format":"standard","meta":{"_acf_changed":false,"footnotes":""},"categories":[8],"tags":[],"class_list":["post-3031","post","type-post","status-publish","format-standard","has-post-thumbnail","hentry","category-conferencias-y-seminarios"],"acf":[],"_links":{"self":[{"href":"https:\/\/fundacionincipe.com\/index.php\/wp-json\/wp\/v2\/posts\/3031","targetHints":{"allow":["GET"]}}],"collection":[{"href":"https:\/\/fundacionincipe.com\/index.php\/wp-json\/wp\/v2\/posts"}],"about":[{"href":"https:\/\/fundacionincipe.com\/index.php\/wp-json\/wp\/v2\/types\/post"}],"author":[{"embeddable":true,"href":"https:\/\/fundacionincipe.com\/index.php\/wp-json\/wp\/v2\/users\/3"}],"replies":[{"embeddable":true,"href":"https:\/\/fundacionincipe.com\/index.php\/wp-json\/wp\/v2\/comments?post=3031"}],"version-history":[{"count":1,"href":"https:\/\/fundacionincipe.com\/index.php\/wp-json\/wp\/v2\/posts\/3031\/revisions"}],"predecessor-version":[{"id":19340,"href":"https:\/\/fundacionincipe.com\/index.php\/wp-json\/wp\/v2\/posts\/3031\/revisions\/19340"}],"wp:featuredmedia":[{"embeddable":true,"href":"https:\/\/fundacionincipe.com\/index.php\/wp-json\/wp\/v2\/media\/19338"}],"wp:attachment":[{"href":"https:\/\/fundacionincipe.com\/index.php\/wp-json\/wp\/v2\/media?parent=3031"}],"wp:term":[{"taxonomy":"category","embeddable":true,"href":"https:\/\/fundacionincipe.com\/index.php\/wp-json\/wp\/v2\/categories?post=3031"},{"taxonomy":"post_tag","embeddable":true,"href":"https:\/\/fundacionincipe.com\/index.php\/wp-json\/wp\/v2\/tags?post=3031"}],"curies":[{"name":"wp","href":"https:\/\/api.w.org\/{rel}","templated":true}]}}