{"id":2982,"date":"2013-06-24T14:10:41","date_gmt":"2013-06-24T12:10:41","guid":{"rendered":"http:\/\/www.incipe.org\/?p=2982"},"modified":"2024-12-02T11:46:52","modified_gmt":"2024-12-02T11:46:52","slug":"panorama-politico-actual-en-oriente-medio","status":"publish","type":"post","link":"https:\/\/fundacionincipe.com\/index.php\/2013\/06\/24\/panorama-politico-actual-en-oriente-medio\/","title":{"rendered":"Panorama pol\u00edtico actual en Oriente Medio"},"content":{"rendered":"<p><!--:en--><\/p>\n<p><!--:--><!--:es--><\/p>\n<p>Uno de los principales desaf\u00edos que enfrenta Oriente Medio es la reconfiguraci\u00f3n de las entidades estatales surgidas en la primera mitad del siglo XX, un proceso que sigue siendo fuente de conflictos y tensiones. En este contexto, la resoluci\u00f3n del conflicto en Siria podr\u00eda convertirse en un referente paradigm\u00e1tico.<\/p>\n<p>En Siria, se condensan muchos de los elementos comunes que afectan a toda la regi\u00f3n, como la influencia pol\u00edtica de las minor\u00edas \u00e9tnicas y el control de las instituciones por parte de un r\u00e9gimen, el alau\u00ed, que no representa a la mayor\u00eda de la poblaci\u00f3n. Sin embargo, este r\u00e9gimen tampoco est\u00e1 respaldado exclusivamente por esa minor\u00eda. La alianza de Bashar al-Assad con la burgues\u00eda sun\u00ed es una cuesti\u00f3n clave, a menudo olvidada en los an\u00e1lisis. A esto se suman las intervenciones de actores externos, como Ir\u00e1n y Arabia Saud\u00ed, que defienden intereses geoestrat\u00e9gicos, lo que ha llevado a muchos a prever un posible nuevo reparto territorial del poder pol\u00edtico en Siria.<\/p>\n<p>Este contexto est\u00e1 desafiando viejos paradigmas, como los acuerdos Sykes-Picot, lo que podr\u00eda implicar una revisi\u00f3n de las fronteras actuales. En este sentido, Siria podr\u00eda ser el detonante que d\u00e9 forma o desestabilice los nuevos mapas geopol\u00edticos de la regi\u00f3n.<\/p>\n<p>Otros factores transformadores de Oriente Medio incluyen la ascensi\u00f3n del <strong>Islam pol\u00edtico<\/strong> y lo que se ha denominado la \u201cdemograf\u00eda conflictiva\u201d. El Islam pol\u00edtico ha emergido de la mano de las <strong>primaveras \u00e1rabes<\/strong>, como lo demuestran las victorias de los Hermanos Musulmanes en Egipto, Ennahda en T\u00fanez o el Partido Justicia y Desarrollo en Marruecos. Algunos de estos pa\u00edses se encuentran inmersos en un proceso de transici\u00f3n, un periodo en el que las l\u00edneas de futuro a\u00fan est\u00e1n por definir. La gran interrogante es si la entrada de estos movimientos en las instituciones pol\u00edticas impulsar\u00e1 un mayor radicalismo o, por el contrario, promover\u00e1 la aceptaci\u00f3n del juego pol\u00edtico en toda su complejidad. Esta cuesti\u00f3n resulta particularmente compleja, considerando otros factores decisivos de la regi\u00f3n, como su \u201cdemograf\u00eda conflictiva\u201d, con un 60% de la poblaci\u00f3n menor de 25 a\u00f1os, en plena b\u00fasqueda de una identidad propia.<\/p>\n<p>Desde el <strong>estallido revolucionario en T\u00fanez a finales de 2010<\/strong>, el sectarismo ha aumentado, favoreciendo la creaci\u00f3n de dos ejes geopol\u00edticos. El primero, sun\u00ed, que se extiende desde T\u00fanez hasta Turqu\u00eda, pasando por Catar (una potencia emergente en la regi\u00f3n frente a la hegemon\u00eda tradicional de Arabia Saud\u00ed), y el segundo, chi\u00ed, que va de Ir\u00e1n a Pakist\u00e1n, incluyendo L\u00edbano. En este contexto, uno de los enfoques clave en los an\u00e1lisis actuales sobre la regi\u00f3n es interpretar los recientes acontecimientos pol\u00edticos y sociales de Oriente Medio como el resultado de la creciente tensi\u00f3n geopol\u00edtica entre estos dos ejes. Tambi\u00e9n existe la opci\u00f3n de considerar que estas tensiones geopol\u00edticas son una consecuencia de los conflictos pol\u00edticos y sociales ya existentes en la regi\u00f3n.<\/p>\n<p>El debate posterior a la ponencia abord\u00f3 una serie de cuestiones relevantes, como la posici\u00f3n de Ir\u00e1n, un pa\u00eds marcado por las mismas fracturas tect\u00f3nicas de la regi\u00f3n y con una significativa influencia de las minor\u00edas; el papel de Estados Unidos y Rusia en la regi\u00f3n; y la participaci\u00f3n de Espa\u00f1a en la misi\u00f3n de la ONU en L\u00edbano (FINUL), entre otros temas de gran relevancia.<\/p>\n<p>Aranzazu \u00c1lvarez<\/p>\n<p><!--:--><\/p>\n","protected":false},"excerpt":{"rendered":"<p>Uno de los principales desaf\u00edos que enfrenta Oriente Medio es la reconfiguraci\u00f3n de las entidades estatales surgidas en la primera mitad del siglo XX, un proceso que sigue siendo fuente [&hellip;]<\/p>\n","protected":false},"author":3,"featured_media":19353,"comment_status":"closed","ping_status":"closed","sticky":false,"template":"","format":"standard","meta":{"_acf_changed":false,"footnotes":""},"categories":[8],"tags":[],"class_list":["post-2982","post","type-post","status-publish","format-standard","has-post-thumbnail","hentry","category-conferencias-y-seminarios"],"acf":[],"_links":{"self":[{"href":"https:\/\/fundacionincipe.com\/index.php\/wp-json\/wp\/v2\/posts\/2982","targetHints":{"allow":["GET"]}}],"collection":[{"href":"https:\/\/fundacionincipe.com\/index.php\/wp-json\/wp\/v2\/posts"}],"about":[{"href":"https:\/\/fundacionincipe.com\/index.php\/wp-json\/wp\/v2\/types\/post"}],"author":[{"embeddable":true,"href":"https:\/\/fundacionincipe.com\/index.php\/wp-json\/wp\/v2\/users\/3"}],"replies":[{"embeddable":true,"href":"https:\/\/fundacionincipe.com\/index.php\/wp-json\/wp\/v2\/comments?post=2982"}],"version-history":[{"count":1,"href":"https:\/\/fundacionincipe.com\/index.php\/wp-json\/wp\/v2\/posts\/2982\/revisions"}],"predecessor-version":[{"id":19355,"href":"https:\/\/fundacionincipe.com\/index.php\/wp-json\/wp\/v2\/posts\/2982\/revisions\/19355"}],"wp:featuredmedia":[{"embeddable":true,"href":"https:\/\/fundacionincipe.com\/index.php\/wp-json\/wp\/v2\/media\/19353"}],"wp:attachment":[{"href":"https:\/\/fundacionincipe.com\/index.php\/wp-json\/wp\/v2\/media?parent=2982"}],"wp:term":[{"taxonomy":"category","embeddable":true,"href":"https:\/\/fundacionincipe.com\/index.php\/wp-json\/wp\/v2\/categories?post=2982"},{"taxonomy":"post_tag","embeddable":true,"href":"https:\/\/fundacionincipe.com\/index.php\/wp-json\/wp\/v2\/tags?post=2982"}],"curies":[{"name":"wp","href":"https:\/\/api.w.org\/{rel}","templated":true}]}}