{"id":2866,"date":"2013-06-12T00:00:00","date_gmt":"2013-06-11T22:00:00","guid":{"rendered":"http:\/\/www.incipe.org\/?p=2866"},"modified":"2024-12-02T11:51:09","modified_gmt":"2024-12-02T11:51:09","slug":"analisis-de-la-estrategia-de-seguridad-nacional","status":"publish","type":"post","link":"https:\/\/fundacionincipe.com\/index.php\/2013\/06\/12\/analisis-de-la-estrategia-de-seguridad-nacional\/","title":{"rendered":"An\u00e1lisis de la Estrategia de Seguridad Nacional"},"content":{"rendered":"<p><!--:en--><\/p>\n<p>Aunque es continuista respecto de la anterior Estrategia Espa\u00f1ola de Seguridad, aprobada en 2011, el documento aprobado en mayo de 2013 introduce importantes matices en los conceptos utilizados y presenta alg\u00fan cambio en cuanto a la propia organizaci\u00f3n del mismo.<\/p>\n<p>En lo que al contenido se refiere, <strong>la nueva Estrategia busca impulsar un aut\u00e9ntico sistema de seguridad nacional<\/strong> (cap\u00edtulo V de dicho documento) que desarrolle lo que deber\u00eda de constituir una pol\u00edtica de Estado. El cap\u00edtulo V es, por lo tanto, el coraz\u00f3n de la Estrategia y pretende subsanar errores cometidos en el pasado. La creaci\u00f3n del Consejo de Seguridad Nacional, \u00f3rgano colegiado del Gobierno presidido por el jefe del Ejecutivo, tiene como objetivo asistir a \u00e9ste en la direcci\u00f3n de la Pol\u00edtica de Seguridad Nacional. Las reuniones del mismo est\u00e1n previstas que se celebren cada dos meses. Este \u00f3rgano ser\u00e1, adem\u00e1s, el encargado de impulsar estrategias de segundo nivel, tan vitales en la actualidad, como la de ciberseguridad.<\/p>\n<p>En cuanto al t\u00edtulo del documento, la actual Estrategia, que ha logrado el consenso de los dos grandes partidos pol\u00edticos, incluye el concepto m\u00e1s preciso y estandarizado de seguridad nacional, en consonancia con otros pa\u00edses de nuestro entorno. En el primer cap\u00edtulo, donde se aborda la definici\u00f3n de seguridad, se incluye asimismo el t\u00e9rmino de resiliencia, entendida \u00e9sta como la capacidad de resistencia y recuperaci\u00f3n ante las situaciones de crisis. Adem\u00e1s, desaparece el anterior eslogan, una responsabilidad de todos, que es sustituido por el de un <strong>proyecto compartido, m\u00e1s inclusivo y en el que se hace una llamada a actores diversos, incluida la sociedad civil<\/strong>. En lo que a la redacci\u00f3n del documento se refiere, se ha pretendido que fuera m\u00e1s accesible a todos para favorecer una mayor difusi\u00f3n.<\/p>\n<p>Las prioridades de Espa\u00f1a (UE, Mediterr\u00e1neo y Am\u00e9rica Latina) quedan recogidas en el segundo cap\u00edtulo y los riesgos y amenazas a los que hace frente nuestro pa\u00eds, en el tercero. A los que ya aparec\u00edan en la Estrategia espa\u00f1ola de 2011 se a\u00f1aden dos nuevos: el espionaje y la vulnerabilidad mar\u00edtima. En el cuarto cap\u00edtulo se plantean las l\u00edneas de acci\u00f3n para hacer frente a dichos riesgos.<\/p>\n<p>Tras la presentaci\u00f3n del documento, se abordaron en el debate cuestiones diversas como la propia naturaleza de la seguridad, entendida \u00e9sta como servicio p\u00fablico o bien p\u00fablico; y la definici\u00f3n de riesgo y amenaza (cap\u00edtulo III de la ESN), conceptos diferentes con un matiz de significado que algunos de los presentes consideraron que no se respeta en el texto. Se habl\u00f3, asimismo, de la posibilidad de que se especificasen los intereses nacionales de seguridad, que no est\u00e1n recogidos impl\u00edcitamente en el documento.<\/p>\n<p>Aranzazu \u00c1lvarez<\/p>\n","protected":false},"excerpt":{"rendered":"<p>Aunque es continuista respecto de la anterior Estrategia Espa\u00f1ola de Seguridad, aprobada en 2011, el documento aprobado en mayo de 2013 introduce importantes matices en los conceptos utilizados y presenta [&hellip;]<\/p>\n","protected":false},"author":3,"featured_media":19356,"comment_status":"closed","ping_status":"closed","sticky":false,"template":"","format":"standard","meta":{"_acf_changed":false,"footnotes":""},"categories":[8],"tags":[],"class_list":["post-2866","post","type-post","status-publish","format-standard","has-post-thumbnail","hentry","category-conferencias-y-seminarios"],"acf":[],"_links":{"self":[{"href":"https:\/\/fundacionincipe.com\/index.php\/wp-json\/wp\/v2\/posts\/2866","targetHints":{"allow":["GET"]}}],"collection":[{"href":"https:\/\/fundacionincipe.com\/index.php\/wp-json\/wp\/v2\/posts"}],"about":[{"href":"https:\/\/fundacionincipe.com\/index.php\/wp-json\/wp\/v2\/types\/post"}],"author":[{"embeddable":true,"href":"https:\/\/fundacionincipe.com\/index.php\/wp-json\/wp\/v2\/users\/3"}],"replies":[{"embeddable":true,"href":"https:\/\/fundacionincipe.com\/index.php\/wp-json\/wp\/v2\/comments?post=2866"}],"version-history":[{"count":1,"href":"https:\/\/fundacionincipe.com\/index.php\/wp-json\/wp\/v2\/posts\/2866\/revisions"}],"predecessor-version":[{"id":19358,"href":"https:\/\/fundacionincipe.com\/index.php\/wp-json\/wp\/v2\/posts\/2866\/revisions\/19358"}],"wp:featuredmedia":[{"embeddable":true,"href":"https:\/\/fundacionincipe.com\/index.php\/wp-json\/wp\/v2\/media\/19356"}],"wp:attachment":[{"href":"https:\/\/fundacionincipe.com\/index.php\/wp-json\/wp\/v2\/media?parent=2866"}],"wp:term":[{"taxonomy":"category","embeddable":true,"href":"https:\/\/fundacionincipe.com\/index.php\/wp-json\/wp\/v2\/categories?post=2866"},{"taxonomy":"post_tag","embeddable":true,"href":"https:\/\/fundacionincipe.com\/index.php\/wp-json\/wp\/v2\/tags?post=2866"}],"curies":[{"name":"wp","href":"https:\/\/api.w.org\/{rel}","templated":true}]}}