{"id":2813,"date":"2013-04-11T13:47:14","date_gmt":"2013-04-11T11:47:14","guid":{"rendered":"http:\/\/www.incipe.org\/?p=2813"},"modified":"2024-12-02T12:01:31","modified_gmt":"2024-12-02T12:01:31","slug":"la-adhesion-de-croacia-a-la-ue-beneficios-y-desafios","status":"publish","type":"post","link":"https:\/\/fundacionincipe.com\/index.php\/2013\/04\/11\/la-adhesion-de-croacia-a-la-ue-beneficios-y-desafios\/","title":{"rendered":"La adhesi\u00f3n de Croacia a la UE: Beneficios y desaf\u00edos"},"content":{"rendered":"<p><!--:en--><\/p>\n<p>El pr\u00f3ximo 1 de julio, Croacia se incorporar\u00e1 oficialmente a la Uni\u00f3n Europea. Durante el desayuno de trabajo, <strong>el Embajador Pelicari\u0107 present\u00f3 el proceso de adhesi\u00f3n de su pa\u00eds a la UE, destacando que las negociaciones comenzaron en el a\u00f1o 2000 y que, en 2003, se firm\u00f3 el Acuerdo de Estabilizaci\u00f3n y Adhesi\u00f3n a la UE<\/strong>, siguiendo un modelo propio. La adhesi\u00f3n de Croacia ya ha sido ratificada por varios parlamentos de los Estados miembros, y la Comisi\u00f3n Europea ha confirmado que el pa\u00eds cumple con los requisitos necesarios para formar parte de la Uni\u00f3n. Tras 300 semanas de negociaciones, Croacia &#8220;volver\u00e1 a casa&#8221;, seg\u00fan las palabras del Embajador, al regresar al seno de Europa.<\/p>\n<p>Croacia es miembro de la OTAN y, con su integraci\u00f3n a la UE, podr\u00e1 acceder a los fondos estructurales comunitarios. Los pr\u00f3ximos pasos incluir\u00e1n su participaci\u00f3n en el espacio Schengen y su eventual incorporaci\u00f3n al euro. Aunque Croacia ya cumpl\u00eda los requisitos para adoptar la moneda com\u00fan en 2008, la crisis econ\u00f3mica ha ralentizado este proceso. Sin embargo, gracias a la gesti\u00f3n del Banco Central de Croacia, la econom\u00eda del pa\u00eds est\u00e1 &#8220;euroizada&#8221;. La moneda local, la kuna, mantiene un tipo de cambio estable con el euro, y muchos ciudadanos ya realizan transacciones en euros. Se estima que en un plazo de 4 a 5 a\u00f1os, Croacia solicitar\u00e1 formar parte del Eurogrupo. El Embajador tambi\u00e9n destac\u00f3 la <strong>independencia de los responsables del Banco Central de Croacia y la estabilidad del sistema bancario croata<\/strong>.<\/p>\n<p>El debate posterior fue moderado por el Director de INCIPE, Vicente Garrido Rebolledo, y cont\u00f3 con la participaci\u00f3n de Francisco Aldecoa; Ram\u00f3n de Miguel, miembro del Patronato de INCIPE, as\u00ed como representantes de las embajadas de Polonia y Ruman\u00eda, entre otros.<\/p>\n<p>El 1 de julio, la bandera de Croacia ser\u00e1 la protagonista de la ceremonia de bienvenida que se celebrar\u00e1 en la Representaci\u00f3n de la Comisi\u00f3n Europea en Madrid.<\/p>\n<p><!--:--><\/p>\n","protected":false},"excerpt":{"rendered":"<p>El pr\u00f3ximo 1 de julio, Croacia se incorporar\u00e1 oficialmente a la Uni\u00f3n Europea. Durante el desayuno de trabajo, el Embajador Pelicari\u0107 present\u00f3 el proceso de adhesi\u00f3n de su pa\u00eds a [&hellip;]<\/p>\n","protected":false},"author":3,"featured_media":19364,"comment_status":"closed","ping_status":"closed","sticky":false,"template":"","format":"standard","meta":{"_acf_changed":false,"footnotes":""},"categories":[8],"tags":[],"class_list":["post-2813","post","type-post","status-publish","format-standard","has-post-thumbnail","hentry","category-conferencias-y-seminarios"],"acf":[],"_links":{"self":[{"href":"https:\/\/fundacionincipe.com\/index.php\/wp-json\/wp\/v2\/posts\/2813","targetHints":{"allow":["GET"]}}],"collection":[{"href":"https:\/\/fundacionincipe.com\/index.php\/wp-json\/wp\/v2\/posts"}],"about":[{"href":"https:\/\/fundacionincipe.com\/index.php\/wp-json\/wp\/v2\/types\/post"}],"author":[{"embeddable":true,"href":"https:\/\/fundacionincipe.com\/index.php\/wp-json\/wp\/v2\/users\/3"}],"replies":[{"embeddable":true,"href":"https:\/\/fundacionincipe.com\/index.php\/wp-json\/wp\/v2\/comments?post=2813"}],"version-history":[{"count":3,"href":"https:\/\/fundacionincipe.com\/index.php\/wp-json\/wp\/v2\/posts\/2813\/revisions"}],"predecessor-version":[{"id":19368,"href":"https:\/\/fundacionincipe.com\/index.php\/wp-json\/wp\/v2\/posts\/2813\/revisions\/19368"}],"wp:featuredmedia":[{"embeddable":true,"href":"https:\/\/fundacionincipe.com\/index.php\/wp-json\/wp\/v2\/media\/19364"}],"wp:attachment":[{"href":"https:\/\/fundacionincipe.com\/index.php\/wp-json\/wp\/v2\/media?parent=2813"}],"wp:term":[{"taxonomy":"category","embeddable":true,"href":"https:\/\/fundacionincipe.com\/index.php\/wp-json\/wp\/v2\/categories?post=2813"},{"taxonomy":"post_tag","embeddable":true,"href":"https:\/\/fundacionincipe.com\/index.php\/wp-json\/wp\/v2\/tags?post=2813"}],"curies":[{"name":"wp","href":"https:\/\/api.w.org\/{rel}","templated":true}]}}