{"id":2808,"date":"2013-01-23T13:12:58","date_gmt":"2013-01-23T12:12:58","guid":{"rendered":"http:\/\/www.incipe.org\/?p=2808"},"modified":"2024-12-02T12:05:02","modified_gmt":"2024-12-02T12:05:02","slug":"corea-del-norte-presente-y-futuro-de-kim-jong-un","status":"publish","type":"post","link":"https:\/\/fundacionincipe.com\/index.php\/2013\/01\/23\/corea-del-norte-presente-y-futuro-de-kim-jong-un\/","title":{"rendered":"Corea del Norte, presente y futuro de Kim Jong-Un"},"content":{"rendered":"\n<p>Durante este desayuno, se analiz\u00f3 en profundidad la actual situaci\u00f3n de Corea del Norte, especialmente a ra\u00edz del <strong>nombramiento de Kim Jong-Un como l\u00edder del pa\u00eds tras la muerte de su padre, Kim Jong-Il<\/strong>. Santiago Castillo proporcion\u00f3 un panorama detallado sobre la evoluci\u00f3n pol\u00edtica y social de Corea del Norte en el contexto de este cambio de liderazgo, destacando c\u00f3mo Kim Jong-Un ha continuado las pol\u00edticas de su predecesor, pero con un enfoque m\u00e1s personal y en\u00e9rgico.<\/p>\n\n\n\n<p>El debate se centr\u00f3 tambi\u00e9n en las complejas relaciones internacionales de Corea del Norte, con especial atenci\u00f3n a su vecino del sur, Corea del Sur, y el papel que las tensiones entre ambos pa\u00edses siguen desempe\u00f1ando en la regi\u00f3n. Castillo expuso c\u00f3mo las din\u00e1micas entre ambas Coreas, caracterizadas por constantes desaf\u00edos diplom\u00e1ticos, influencian las pol\u00edticas regionales y globales, especialmente en lo que respecta a la seguridad, el comercio y la cooperaci\u00f3n internacional. Adem\u00e1s, se abord\u00f3 el impacto de las sanciones internacionales y la influencia de las potencias extranjeras como Estados Unidos y China en la situaci\u00f3n de la pen\u00ednsula de Corea.<\/p>\n\n\n\n<p>El encuentro tambi\u00e9n permiti\u00f3 a los participantes debatir sobre las posibles implicaciones para la paz y la estabilidad en la regi\u00f3n, y las oportunidades que podr\u00edan surgir para mejorar las relaciones entre Corea del Norte y sus pa\u00edses vecinos.<\/p>\n","protected":false},"excerpt":{"rendered":"<p>Durante este desayuno, se analiz\u00f3 en profundidad la actual situaci\u00f3n de Corea del Norte, especialmente a ra\u00edz del nombramiento de Kim Jong-Un como l\u00edder del pa\u00eds tras la muerte de [&hellip;]<\/p>\n","protected":false},"author":3,"featured_media":19369,"comment_status":"closed","ping_status":"closed","sticky":false,"template":"","format":"standard","meta":{"_acf_changed":false,"footnotes":""},"categories":[8],"tags":[],"class_list":["post-2808","post","type-post","status-publish","format-standard","has-post-thumbnail","hentry","category-conferencias-y-seminarios"],"acf":[],"_links":{"self":[{"href":"https:\/\/fundacionincipe.com\/index.php\/wp-json\/wp\/v2\/posts\/2808","targetHints":{"allow":["GET"]}}],"collection":[{"href":"https:\/\/fundacionincipe.com\/index.php\/wp-json\/wp\/v2\/posts"}],"about":[{"href":"https:\/\/fundacionincipe.com\/index.php\/wp-json\/wp\/v2\/types\/post"}],"author":[{"embeddable":true,"href":"https:\/\/fundacionincipe.com\/index.php\/wp-json\/wp\/v2\/users\/3"}],"replies":[{"embeddable":true,"href":"https:\/\/fundacionincipe.com\/index.php\/wp-json\/wp\/v2\/comments?post=2808"}],"version-history":[{"count":2,"href":"https:\/\/fundacionincipe.com\/index.php\/wp-json\/wp\/v2\/posts\/2808\/revisions"}],"predecessor-version":[{"id":19372,"href":"https:\/\/fundacionincipe.com\/index.php\/wp-json\/wp\/v2\/posts\/2808\/revisions\/19372"}],"wp:featuredmedia":[{"embeddable":true,"href":"https:\/\/fundacionincipe.com\/index.php\/wp-json\/wp\/v2\/media\/19369"}],"wp:attachment":[{"href":"https:\/\/fundacionincipe.com\/index.php\/wp-json\/wp\/v2\/media?parent=2808"}],"wp:term":[{"taxonomy":"category","embeddable":true,"href":"https:\/\/fundacionincipe.com\/index.php\/wp-json\/wp\/v2\/categories?post=2808"},{"taxonomy":"post_tag","embeddable":true,"href":"https:\/\/fundacionincipe.com\/index.php\/wp-json\/wp\/v2\/tags?post=2808"}],"curies":[{"name":"wp","href":"https:\/\/api.w.org\/{rel}","templated":true}]}}