{"id":2802,"date":"2012-05-29T13:04:57","date_gmt":"2012-05-29T11:04:57","guid":{"rendered":"http:\/\/www.incipe.org\/?p=2802"},"modified":"2012-05-29T13:04:57","modified_gmt":"2012-05-29T11:04:57","slug":"como-salir-de-la-crisis-hacia-una-europa-mas-integrada","status":"publish","type":"post","link":"https:\/\/fundacionincipe.com\/index.php\/2012\/05\/29\/como-salir-de-la-crisis-hacia-una-europa-mas-integrada\/","title":{"rendered":"\u00bfC\u00f3mo salir de la crisis? Hacia una Europa m\u00e1s integrada"},"content":{"rendered":"<p><!--:en--><a href=\"http:\/\/www.incipe.org\/wp-content\/uploads\/2014\/10\/29-de-mayo-de-2012.-C\u00f3mo-salir-de-la-crisis.pdf\" title=\"crisis\">Descargue la versi\u00f3n completa de esta publicaci\u00f3n, disponible en PDF<\/a><\/p>\n<p><a href=\"http:\/\/www.incipe.org\/wp-content\/uploads\/2014\/08\/PDF-e1409079338280.png\"><img decoding=\"async\" class=\"alignleft size-full wp-image-2079\" alt=\"PDF\" src=\"http:\/\/www.incipe.org\/wp-content\/uploads\/2014\/08\/PDF-e1409079338280.png\" width=\"51\" height=\"51\" \/><\/a><!--:--><!--:es--><a href=\"http:\/\/www.incipe.org\/wp-content\/uploads\/2014\/10\/29-de-mayo-de-2012.-C\u00f3mo-salir-de-la-crisis.pdf\" title=\"crisis\">Descargue la versi\u00f3n completa de esta publicaci\u00f3n, disponible en PDF<\/a><\/p>\n<p><a href=\"http:\/\/www.incipe.org\/wp-content\/uploads\/2014\/08\/PDF-e1409079338280.png\"><img decoding=\"async\" class=\"alignleft size-full wp-image-2079\" alt=\"PDF\" src=\"http:\/\/www.incipe.org\/wp-content\/uploads\/2014\/08\/PDF-e1409079338280.png\" width=\"51\" height=\"51\" \/><\/a><!--:--><\/p>\n","protected":false},"excerpt":{"rendered":"<p>Descargue la versi\u00f3n completa de esta publicaci\u00f3n, disponible en PDF Descargue la versi\u00f3n completa de esta publicaci\u00f3n, disponible en PDF<\/p>\n","protected":false},"author":3,"featured_media":2803,"comment_status":"closed","ping_status":"closed","sticky":false,"template":"","format":"standard","meta":{"_acf_changed":false,"footnotes":""},"categories":[27],"tags":[],"class_list":["post-2802","post","type-post","status-publish","format-standard","has-post-thumbnail","hentry","category-desayunos-de-trabajo"],"acf":[],"_links":{"self":[{"href":"https:\/\/fundacionincipe.com\/index.php\/wp-json\/wp\/v2\/posts\/2802","targetHints":{"allow":["GET"]}}],"collection":[{"href":"https:\/\/fundacionincipe.com\/index.php\/wp-json\/wp\/v2\/posts"}],"about":[{"href":"https:\/\/fundacionincipe.com\/index.php\/wp-json\/wp\/v2\/types\/post"}],"author":[{"embeddable":true,"href":"https:\/\/fundacionincipe.com\/index.php\/wp-json\/wp\/v2\/users\/3"}],"replies":[{"embeddable":true,"href":"https:\/\/fundacionincipe.com\/index.php\/wp-json\/wp\/v2\/comments?post=2802"}],"version-history":[{"count":0,"href":"https:\/\/fundacionincipe.com\/index.php\/wp-json\/wp\/v2\/posts\/2802\/revisions"}],"wp:featuredmedia":[{"embeddable":true,"href":"https:\/\/fundacionincipe.com\/index.php\/wp-json\/"}],"wp:attachment":[{"href":"https:\/\/fundacionincipe.com\/index.php\/wp-json\/wp\/v2\/media?parent=2802"}],"wp:term":[{"taxonomy":"category","embeddable":true,"href":"https:\/\/fundacionincipe.com\/index.php\/wp-json\/wp\/v2\/categories?post=2802"},{"taxonomy":"post_tag","embeddable":true,"href":"https:\/\/fundacionincipe.com\/index.php\/wp-json\/wp\/v2\/tags?post=2802"}],"curies":[{"name":"wp","href":"https:\/\/api.w.org\/{rel}","templated":true}]}}